{"id":73938,"date":"2025-10-27T20:39:09","date_gmt":"2025-10-27T20:39:09","guid":{"rendered":"https:\/\/www.europesays.com\/fi\/73938\/"},"modified":"2025-10-27T20:39:09","modified_gmt":"2025-10-27T20:39:09","slug":"kups-viime-hetken-maalilla-voittoon-urheilu","status":"publish","type":"post","link":"https:\/\/www.europesays.com\/fi\/73938\/","title":{"rendered":"KuPS viime hetken maalilla voittoon | Urheilu"},"content":{"rendered":"<p>SJK ja KuPS pelasivat maanantaina \u00e4\u00e4rimm\u00e4isen t\u00e4rkeist\u00e4 pisteist\u00e4 jalkapalloliigan mestaruustaistelussa. Pistepotti suuntaansa merkitsi paljon, sill\u00e4 SJK olisi voinut nousta voitolla mestaruussarjan k\u00e4rkikolmikkoon, ja KuPSilla oli mahdollisuus tarrata vahvasti toiseen per\u00e4kk\u00e4iseen mestaruuteen.<\/p>\n<p>KuPS otti mestaruuskamppailussa niskalenkin, sill\u00e4 se haki Sein\u00e4joelta vieraspisteet lukemin 1\u20130.<\/p>\n<p>Toisella puoliajalla juuri ennen lis\u00e4ajan alkua SJK:n topparille Samuel Chukwudille tapahtui karmaiseva virhe h\u00e4nen siivotessaan KuPSin Jaakko Oksasen antamaa kulmapotkua. Chukwudi enn\u00e4tti ensimm\u00e4isen\u00e4 palloon, mutta h\u00e4n puski sen omaan maaliin.<\/p>\n<p>SJK:n p\u00e4\u00e4valmentaja Stevie Grieve ei ollut ehtinyt analysoimaan maalitilannetta j\u00e4lkik\u00e4teen.<\/p>\n<p>\u2013\u2009Puolustimme mielest\u00e4ni ihan hyvin. Tulos oli pettymys, Grieve harmitteli.<\/p>\n<p>Voiton my\u00f6t\u00e4 KuPS nousi yksin mestaruussarjan k\u00e4rkipaikalle, kun kolme kierrosta on pelaamatta. Eroa toisena olevaan Interiin on kolme pistett\u00e4.<\/p>\n<p>Savottaa kuopiolaisjoukkueella riitt\u00e4\u00e4, sill\u00e4 KuPSilla on kahden viikon sis\u00e4ll\u00e4 nelj\u00e4 ottelua.<\/p>\n<p>Kolme n\u00e4ist\u00e4 peleist\u00e4 on kotona, joten Konferenssiliigan peleiss\u00e4 Euroopassa kuopiolaisten ei tarvitse sent\u00e4\u00e4n py\u00f6r\u00e4ht\u00e4\u00e4.<\/p>\n<p>\u2013\u2009Emme vingu tai valita otteluruuhkasta, tuomioista tai p\u00e4\u00e4t\u00f6ksist\u00e4, vaan keskitymme seuraavaan otteluun. Se on ollut meid\u00e4n teemamme, KuPSin p\u00e4\u00e4valmentaja Jarkko Wiss sanoi.<\/p>\n","protected":false},"excerpt":{"rendered":"SJK ja KuPS pelasivat maanantaina \u00e4\u00e4rimm\u00e4isen t\u00e4rkeist\u00e4 pisteist\u00e4 jalkapalloliigan mestaruustaistelussa. Pistepotti suuntaansa merkitsi paljon, sill\u00e4 SJK olisi voinut&hellip;\n","protected":false},"author":2,"featured_media":73939,"comment_status":"","ping_status":"","sticky":false,"template":"","format":"standard","meta":{"footnotes":""},"categories":[5],"tags":[22,23,26,27,33,31,30,17,43,42,3221,24,25,41,28,29,15,18,21,7418,680,32,19,20,16,45],"class_list":{"0":"post-73938","1":"post","2":"type-post","3":"status-publish","4":"format-standard","5":"has-post-thumbnail","7":"category-otsikot","8":"tag-breaking-news","9":"tag-breakingnews","10":"tag-featured-news","11":"tag-featurednews","12":"tag-fi","13":"tag-finland","14":"tag-finnish","15":"tag-headlines","16":"tag-jalkapallo","17":"tag-jalkapalloon-perustuvat-lajit","18":"tag-kuopion-palloseura-kups","19":"tag-latest-news","20":"tag-latestnews","21":"tag-liikunta-ja-urheilu","22":"tag-main-news","23":"tag-mainnews","24":"tag-news","25":"tag-otsikot","26":"tag-paauutiset","27":"tag-seinajoen-jalkapallokerho-sjk","28":"tag-seinajoki","29":"tag-suomi","30":"tag-top-stories","31":"tag-topstories","32":"tag-uutiset","33":"tag-veikkausliiga"},"share_on_mastodon":{"url":"https:\/\/pubeurope.com\/@fi\/115448064458915108","error":""},"_links":{"self":[{"href":"https:\/\/www.europesays.com\/fi\/wp-json\/wp\/v2\/posts\/73938","targetHints":{"allow":["GET"]}}],"collection":[{"href":"https:\/\/www.europesays.com\/fi\/wp-json\/wp\/v2\/posts"}],"about":[{"href":"https:\/\/www.europesays.com\/fi\/wp-json\/wp\/v2\/types\/post"}],"author":[{"embeddable":true,"href":"https:\/\/www.europesays.com\/fi\/wp-json\/wp\/v2\/users\/2"}],"replies":[{"embeddable":true,"href":"https:\/\/www.europesays.com\/fi\/wp-json\/wp\/v2\/comments?post=73938"}],"version-history":[{"count":0,"href":"https:\/\/www.europesays.com\/fi\/wp-json\/wp\/v2\/posts\/73938\/revisions"}],"wp:featuredmedia":[{"embeddable":true,"href":"https:\/\/www.europesays.com\/fi\/wp-json\/wp\/v2\/media\/73939"}],"wp:attachment":[{"href":"https:\/\/www.europesays.com\/fi\/wp-json\/wp\/v2\/media?parent=73938"}],"wp:term":[{"taxonomy":"category","embeddable":true,"href":"https:\/\/www.europesays.com\/fi\/wp-json\/wp\/v2\/categories?post=73938"},{"taxonomy":"post_tag","embeddable":true,"href":"https:\/\/www.europesays.com\/fi\/wp-json\/wp\/v2\/tags?post=73938"}],"curies":[{"name":"wp","href":"https:\/\/api.w.org\/{rel}","templated":true}]}}