{"id":73940,"date":"2025-10-27T20:44:30","date_gmt":"2025-10-27T20:44:30","guid":{"rendered":"https:\/\/www.europesays.com\/fi\/73940\/"},"modified":"2025-10-27T20:44:30","modified_gmt":"2025-10-27T20:44:30","slug":"ministeri-sari-multala-huojuu-ruisrockissa-olotilaa-ihmetellaan","status":"publish","type":"post","link":"https:\/\/www.europesays.com\/fi\/73940\/","title":{"rendered":"Ministeri Sari Multala huojuu Ruisrockissa \u2013 Olotilaa ihmetell\u00e4\u00e4n"},"content":{"rendered":"<p>Ymp\u00e4rist\u00f6- ja ilmastoministeri Sari Multala (kok) esiintyy JVG:n Ruisrock-keikkavideolla.<\/p>\n<p class=\"paragraph\">Youtubessa <a href=\"https:\/\/www.youtube.com\/@osmonautti\" target=\"_blank\" rel=\"noopener nofollow\">Osmonautti-kanavalla<\/a> julkaistulla videolla JVG:n Ruisrock-keikkamatkasta vilahtavat <strong>Jare Brandtin<\/strong> ja <strong>Ville Gallen<\/strong> lis\u00e4ksi my\u00f6s Turun kaupungin kutsuvieraina festareilla olleet p\u00e4\u00e4ministeri <strong>Petteri Orpo<\/strong> (kok) ja hallituksen ymp\u00e4rist\u00f6- ja ilmastoministeri <strong>Sari Multala<\/strong> (kok).<\/p>\n<p class=\"paragraph\">Orpo ja Multala tapasivat rap-duon keikan j\u00e4lkeen Ruisrockin backstagella.<\/p>\n<p class=\"paragraph\">Orpo kiitt\u00e4\u00e4 Ville Gallea keikasta, mutta vieress\u00e4 Multala sanoo vain yksitt\u00e4isi\u00e4 sanoja. H\u00e4n huojuu kohti Ville Gallea useamman kerran.<\/p>\n<p class=\"paragraph\">\u2013 Ammattilainen. Ihan huippu. Maahtava, artistin olkap\u00e4\u00e4n yli kurkkiva Multala sanoo.<\/p>\n<p class=\"paragraph\">Juttu jatkuu kuvan j\u00e4lkeen.<\/p>\n<p><img decoding=\"async\" class=\"image image-show image-preview\" src=\"https:\/\/www.europesays.com\/fi\/wp-content\/uploads\/2025\/10\/507e8983e4816ee0a8d3e9c5ed11d6a8213fb0f40296c90fb6950f6ed05d5da8.jpg\" alt=\"\"\/><img decoding=\"async\" class=\"image image-show\" src=\"https:\/\/www.europesays.com\/fi\/wp-content\/uploads\/2025\/10\/1761597870_222_507e8983e4816ee0a8d3e9c5ed11d6a8213fb0f40296c90fb6950f6ed05d5da8.jpg\" alt=\"\"\/><\/p>\n<p>Ymp\u00e4rist\u00f6- ja ilmastoministeri Sari Multala (kok) esiintyy Youtubessa julkaistulla videolla juhlatunnelmissa. KUVAKAAPPAUS\/YOUTUBE<\/p>\n<p class=\"paragraph\">Ville Galle kysyy seurueen humalatilasta.<\/p>\n<p class=\"paragraph\">\u2013 Te ootte vet\u00e4ny m\u00e4rk\u00e4\u00e4 koko p\u00e4iv\u00e4\u00e4, h\u00e4? Te ootte ihan k\u00e4nniss\u00e4, artisti h\u00e4mm\u00e4stelee.<\/p>\n<p class=\"paragraph\">Multala vastaa Ville Gallelle my\u00f6nt\u00e4v\u00e4sti.<\/p>\n<p class=\"paragraph\">\u2013 On, Multala vastaa, ja jatkaa sanomalla jotain, mutta lauseen lopusta ei saa varmaksi selv\u00e4\u00e4.<\/p>\n<p class=\"paragraph\">Multala esiintyy videolla noin 20 minuutin kohdalla. Video on levinnyt sosiaalisessa mediassa. Somessakin n\u00e4kyy, ett\u00e4 Multalan olotilaa kommentoidaan.<\/p>\n<p>Multala vaikenee<\/p>\n<p class=\"paragraph\">Turun kaupungin mukaan Orpo ja Multala saivat kutsut Ruisrockiin valtioneuvoston j\u00e4senin\u00e4, ministerein\u00e4. Orpo ei ollut viel\u00e4 lomalla, ja Multalan loma alkoi virallisesti vasta Ruisrockin j\u00e4lkeisen\u00e4 maanantaina.<\/p>\n<p class=\"paragraph\">Iltalehti kysyi Multalalta, miten h\u00e4n arvioi omaa esiintymist\u00e4\u00e4n JVG:n keikkavideolla.<\/p>\n<p class=\"paragraph\">Multala ilmoitti erityisavustajansa kautta, ettei h\u00e4n halua kommentoida asiaa.<\/p>\n<p class=\"paragraph\">Osmonautti-kanavalla on Youtubessa liki 24 000 tilaajaa.<\/p>\n<p>Luottamus ei saa vaarantua<\/p>\n<p class=\"paragraph\">Orpo on <a href=\"https:\/\/www.iltalehti.fi\/politiikka\/87591094-fce7-4a24-9fb6-a326050e5e02\" rel=\"nofollow noopener\" target=\"_blank\">ilmoittanut<\/a> Ruisrock-lippupakettinsa arvoksi 864,84 euroa. Multala ei ole tehnyt viel\u00e4 ilmoitusta eduskunnalle. Lahjailmoitus on teht\u00e4v\u00e4 elokuun loppuun menness\u00e4.<\/p>\n<p class=\"paragraph\">Kansanedustajien ja ministereiden kalliit Ruisrock-liput ovat her\u00e4tt\u00e4neet ihmetyst\u00e4, ja korruptiota tutkineen emeritusprofessori <strong>Ari Salmisen<\/strong> mukaan poliitikkojen olisi syyt\u00e4 <a href=\"https:\/\/www.iltalehti.fi\/politiikka\/414e4f88-fbf0-4fb3-84de-fff796ef6e4f\" rel=\"nofollow noopener\" target=\"_blank\">kielt\u00e4yty\u00e4<\/a> useiden satojen eurojen arvoisista lahjoista.<\/p>\n<p class=\"paragraph\">Valtioneuvoston kanslian ohjeen mukaan ministereiden on vastaanottaessaan lahjoja, etuuksia ja vieraanvaraisuutta noudatettava pid\u00e4ttyv\u00e4isyytt\u00e4.<\/p>\n<p class=\"paragraph\">\u2013 Valtioneuvoston j\u00e4senen on huolehdittava lahjoja, etuja ja muuta vieraanvaraisuutta vastaanottaessaan, ettei luottamus h\u00e4nen menettelyns\u00e4 asianmukaisuuteen vaarannu, ohjeessa sanotaan.<\/p>\n<p class=\"paragraph\">Turun kaupungin mukaan Ruisrock-lahjaliput otti vastaan nelj\u00e4 ministeri\u00e4: Orpo, Multala, ty\u00f6ministeri <strong>Matias Marttinen<\/strong> (kok) ja liikunta-, urheilu- ja nuorisoministeri <strong>Mika Poutala<\/strong> (kd). Orpo, Multala ja Poutala k\u00e4yttiv\u00e4t kukin kaksi lippua, Marttinen yhden.<\/p>\n<p class=\"paragraph\">Ruisrockissa Turun kaupungin kutsuvieraana ollut kansanedustaja <strong>Wille Rydman<\/strong> (ps) oli kutsuttaessa viel\u00e4 elinkeinoministeri. Rydman k\u00e4ytti kaksi VIP-lippua, kuten l\u00e4hes kaikki muutkin kansanedustajat.<\/p>\n<p class=\"paragraph\">Kansanedustajista paikalla olivat Rydmanin lis\u00e4ksi <strong>Kim Berg<\/strong> (sd), <strong>Eeva-Johanna Eloranta<\/strong> (sd), <strong>Timo Furuholm<\/strong> (vas), <strong>Jukka Kopra<\/strong> (kok), <strong>Minja Koskela<\/strong> (vas), <strong>Miapetra Kumpula-Natri<\/strong> (sd), <strong>Antti Kurvinen<\/strong> (kesk), <strong>Aki Lind\u00e9n<\/strong> (sd), <strong>Antti Lindtman<\/strong> (sd), <strong>Pinja Perholehto<\/strong> (sd), <strong>Nasima Razmyar<\/strong> (sd), <strong>Joona R\u00e4s\u00e4nen<\/strong> (sd), <strong>Annika Saarikko<\/strong> (kesk), <strong>Saara-Sofia Sir\u00e9n<\/strong> (kok), <strong>Ville Valkonen<\/strong> (kok), <strong>Sofia Virta<\/strong> (vihr), <strong>Henrik Vuornos<\/strong> (kok) ja <strong>Johannes Yrttiaho<\/strong> (vas).<\/p>\n<p class=\"paragraph\">Lind\u00e9n ja Vuornos k\u00e4yttiv\u00e4t yhden lipun, muut kaksi lippua.<\/p>\n<p>Sari Multala (kok) on toiminut ymp\u00e4rist\u00f6- ja ilmastoministerin\u00e4 tammikuusta 2025 alkaen. Meeri Utti<\/p>\n","protected":false},"excerpt":{"rendered":"Ymp\u00e4rist\u00f6- ja ilmastoministeri Sari Multala (kok) esiintyy JVG:n Ruisrock-keikkavideolla. Youtubessa Osmonautti-kanavalla julkaistulla videolla JVG:n Ruisrock-keikkamatkasta vilahtavat Jare Brandtin&hellip;\n","protected":false},"author":2,"featured_media":73941,"comment_status":"","ping_status":"","sticky":false,"template":"","format":"standard","meta":{"footnotes":""},"categories":[113],"tags":[35,446,33,31,30,637,886,118,888,885,887,32,119,447],"class_list":{"0":"post-73940","1":"post","2":"type-post","3":"status-publish","4":"format-standard","5":"has-post-thumbnail","7":"category-ymparisto","8":"tag-24h","9":"tag-environment","10":"tag-fi","11":"tag-finland","12":"tag-finnish","13":"tag-politiikka","14":"tag-puolueet","15":"tag-science","16":"tag-suomalaiset-poliitikot","17":"tag-suomen-poliittiset-puolueet","18":"tag-suomen-politiikka","19":"tag-suomi","20":"tag-tiede","21":"tag-ymparisto"},"share_on_mastodon":{"url":"https:\/\/pubeurope.com\/@fi\/115448084138229869","error":""},"_links":{"self":[{"href":"https:\/\/www.europesays.com\/fi\/wp-json\/wp\/v2\/posts\/73940","targetHints":{"allow":["GET"]}}],"collection":[{"href":"https:\/\/www.europesays.com\/fi\/wp-json\/wp\/v2\/posts"}],"about":[{"href":"https:\/\/www.europesays.com\/fi\/wp-json\/wp\/v2\/types\/post"}],"author":[{"embeddable":true,"href":"https:\/\/www.europesays.com\/fi\/wp-json\/wp\/v2\/users\/2"}],"replies":[{"embeddable":true,"href":"https:\/\/www.europesays.com\/fi\/wp-json\/wp\/v2\/comments?post=73940"}],"version-history":[{"count":0,"href":"https:\/\/www.europesays.com\/fi\/wp-json\/wp\/v2\/posts\/73940\/revisions"}],"wp:featuredmedia":[{"embeddable":true,"href":"https:\/\/www.europesays.com\/fi\/wp-json\/wp\/v2\/media\/73941"}],"wp:attachment":[{"href":"https:\/\/www.europesays.com\/fi\/wp-json\/wp\/v2\/media?parent=73940"}],"wp:term":[{"taxonomy":"category","embeddable":true,"href":"https:\/\/www.europesays.com\/fi\/wp-json\/wp\/v2\/categories?post=73940"},{"taxonomy":"post_tag","embeddable":true,"href":"https:\/\/www.europesays.com\/fi\/wp-json\/wp\/v2\/tags?post=73940"}],"curies":[{"name":"wp","href":"https:\/\/api.w.org\/{rel}","templated":true}]}}