{"id":73944,"date":"2025-10-27T20:55:07","date_gmt":"2025-10-27T20:55:07","guid":{"rendered":"https:\/\/www.europesays.com\/fi\/73944\/"},"modified":"2025-10-27T20:55:07","modified_gmt":"2025-10-27T20:55:07","slug":"judas-priest-sai-tunnustuksen-albuquerquen-pormestarilta-joka-on-pesunkestava-metallifani","status":"publish","type":"post","link":"https:\/\/www.europesays.com\/fi\/73944\/","title":{"rendered":"Judas Priest sai tunnustuksen Albuquerquen pormestarilta, joka on pesunkest\u00e4v\u00e4 metallifani"},"content":{"rendered":"<p>Juuri Pohjois-Amerikan-kiertueen p\u00e4\u00e4t\u00f6kseen saanut hevilegenda <strong>Judas Priest<\/strong> konsertoi 23. lokakuuta Albuquerquessa New Mexicossa. Ennen yhtyeen keikkaa pormestari <strong>Tim Keller<\/strong> <a href=\"https:\/\/blabbermouth.net\/news\/judas-priest-presented-with-key-to-city-by-albuquerques-metalhead-mayor\" target=\"_blank\" rel=\"noreferrer noopener nofollow\">antoi yhtyeelle<\/a> tunnustuksena musiikillisista ansioista kaupungin avaimet. Alta voit katsoa yhtyeen julkaisemia kuvia sek\u00e4 lyhyen videop\u00e4tk\u00e4n tilaisuudesta.<\/p>\n<p>Demokraattipuolueen Tim Keller, joka on ollut Albuquerquen pormestari vuodesta 2017, on tunnettu metallifani, joka on antanut viimeisen puolentoista vuoden aikana kaupungin avaimia my\u00f6s muun muassa <strong>Iron Maidenin Bruce Dickinsonille<\/strong>, <strong>Max Cavaleralle<\/strong> (<strong>Soulfly<\/strong>, ex-<strong>Sepultura<\/strong>), <strong>Possessedin Jeff Becerralle<\/strong> sek\u00e4 <strong>Testament<\/strong>-yhtyeelle. Lis\u00e4ksi h\u00e4n esiintyy usein some-p\u00e4ivityksiss\u00e4\u00e4n metallib\u00e4ndien pukineissa; muun muassa joulukuussa 2018 Keller julkaisi videon, jossa t\u00e4m\u00e4 allekirjoittaa asiapapereita <strong>Pantera<\/strong>-villapaidassa.<\/p>\n<blockquote class=\"twitter-tweet\">\n<p lang=\"en\" dir=\"ltr\">Thank you advocates <a href=\"https:\/\/twitter.com\/lissaknudsen?ref_src=twsrc%5Etfw\" rel=\"nofollow noopener\" target=\"_blank\">@lissaknudsen<\/a> and advocates <a href=\"https:\/\/twitter.com\/ABQCityCouncil?ref_src=twsrc%5Etfw\" rel=\"nofollow noopener\" target=\"_blank\">@ABQCityCouncil<\/a> and <a href=\"https:\/\/twitter.com\/PatDavisNM?ref_src=twsrc%5Etfw\" rel=\"nofollow noopener\" target=\"_blank\">@PatDavisNM<\/a> for the legislation for our families. And little shout out to <a href=\"https:\/\/twitter.com\/REJASFROMTEJAS?ref_src=twsrc%5Etfw\" rel=\"nofollow noopener\" target=\"_blank\">@REJASFROMTEJAS<\/a> for the sweater \ud83d\ude42 <a href=\"https:\/\/twitter.com\/hashtag\/metalmayor?src=hash&amp;ref_src=twsrc%5Etfw\" rel=\"nofollow noopener\" target=\"_blank\">#metalmayor<\/a> <a href=\"https:\/\/twitter.com\/BLABBERMOUTHNET?ref_src=twsrc%5Etfw\" rel=\"nofollow noopener\" target=\"_blank\">@BLABBERMOUTHNET<\/a> <a href=\"https:\/\/twitter.com\/metalinjection?ref_src=twsrc%5Etfw\" rel=\"nofollow noopener\" target=\"_blank\">@metalinjection<\/a> <a href=\"https:\/\/twitter.com\/Loudwire?ref_src=twsrc%5Etfw\" rel=\"nofollow noopener\" target=\"_blank\">@Loudwire<\/a> <a href=\"https:\/\/t.co\/B8nmdkLPZ5\" rel=\"nofollow\">https:\/\/t.co\/B8nmdkLPZ5<\/a><\/p>\n<p>\u2014 Mayor Tim Keller (@MayorKeller) <a href=\"https:\/\/twitter.com\/MayorKeller\/status\/1078752275315646464?ref_src=twsrc%5Etfw\" rel=\"nofollow noopener\" target=\"_blank\">December 28, 2018<\/a><\/p><\/blockquote>\n<p>\t\t\t\t\t<script async src=\"https:\/\/platform.twitter.com\/widgets.js\" charset=\"utf-8\"><\/script><\/p>\n","protected":false},"excerpt":{"rendered":"Juuri Pohjois-Amerikan-kiertueen p\u00e4\u00e4t\u00f6kseen saanut hevilegenda Judas Priest konsertoi 23. lokakuuta Albuquerquessa New Mexicossa. Ennen yhtyeen keikkaa pormestari Tim&hellip;\n","protected":false},"author":2,"featured_media":73945,"comment_status":"","ping_status":"","sticky":false,"template":"","format":"standard","meta":{"footnotes":""},"categories":[132],"tags":[137,33,31,30,195,47,32,7854,109],"class_list":{"0":"post-73944","1":"post","2":"type-post","3":"status-publish","4":"format-standard","5":"has-post-thumbnail","7":"category-musiikki","8":"tag-entertainment","9":"tag-fi","10":"tag-finland","11":"tag-finnish","12":"tag-music","13":"tag-musiikki","14":"tag-suomi","15":"tag-tunnustus","16":"tag-viihde"},"share_on_mastodon":{"url":"https:\/\/pubeurope.com\/@fi\/115448127370593962","error":""},"_links":{"self":[{"href":"https:\/\/www.europesays.com\/fi\/wp-json\/wp\/v2\/posts\/73944","targetHints":{"allow":["GET"]}}],"collection":[{"href":"https:\/\/www.europesays.com\/fi\/wp-json\/wp\/v2\/posts"}],"about":[{"href":"https:\/\/www.europesays.com\/fi\/wp-json\/wp\/v2\/types\/post"}],"author":[{"embeddable":true,"href":"https:\/\/www.europesays.com\/fi\/wp-json\/wp\/v2\/users\/2"}],"replies":[{"embeddable":true,"href":"https:\/\/www.europesays.com\/fi\/wp-json\/wp\/v2\/comments?post=73944"}],"version-history":[{"count":0,"href":"https:\/\/www.europesays.com\/fi\/wp-json\/wp\/v2\/posts\/73944\/revisions"}],"wp:featuredmedia":[{"embeddable":true,"href":"https:\/\/www.europesays.com\/fi\/wp-json\/wp\/v2\/media\/73945"}],"wp:attachment":[{"href":"https:\/\/www.europesays.com\/fi\/wp-json\/wp\/v2\/media?parent=73944"}],"wp:term":[{"taxonomy":"category","embeddable":true,"href":"https:\/\/www.europesays.com\/fi\/wp-json\/wp\/v2\/categories?post=73944"},{"taxonomy":"post_tag","embeddable":true,"href":"https:\/\/www.europesays.com\/fi\/wp-json\/wp\/v2\/tags?post=73944"}],"curies":[{"name":"wp","href":"https:\/\/api.w.org\/{rel}","templated":true}]}}