{"id":73957,"date":"2025-10-27T21:17:11","date_gmt":"2025-10-27T21:17:11","guid":{"rendered":"https:\/\/www.europesays.com\/fi\/73957\/"},"modified":"2025-10-27T21:17:11","modified_gmt":"2025-10-27T21:17:11","slug":"poliisi-etsii-nellia-ja-matiasta-oletko-nahnyt","status":"publish","type":"post","link":"https:\/\/www.europesays.com\/fi\/73957\/","title":{"rendered":"Poliisi etsii Nelli\u00e4 ja Matiasta &#8211; oletko n\u00e4hnyt?"},"content":{"rendered":"<p>Poliisi etsii kahta sunnuntaina aamuy\u00f6st\u00e4 26. lokakuuta kadonnutta nuorta Keski-Suomessa.<\/p>\n<p>Sis\u00e4-Suomen poliisille on tehty katoamisilmoitus kahdesta nuoresta Hankasalmella. <\/p>\n<p>Poliisi etsii heit\u00e4. Toinen nuorista on 14-vuotias Nelli Ukkonen ja toinen 15-vuotias Matias Tikka. Nuoriin ei ole saatu yhteytt\u00e4 25.\u201326.10.2025 v\u00e4lisen y\u00f6n puolen y\u00f6n j\u00e4lkeen.<\/p>\n<p>Lue my\u00f6s: <a href=\"https:\/\/www.como.fi\/uutiset\/naitko-tata-miesta-hankasalmella-auta-poliisia\/\" title=\"N\u00e4itk\u00f6 t\u00e4t\u00e4 miest\u00e4 Hankasalmella \u2013 auta poliisia!\" class=\"underline-custom !font-montserrat !font-bold !underline-offset-4 !decoration-4 !decoration-red-600 !text-md\" rel=\"nofollow noopener\" target=\"_blank\">N\u00e4itk\u00f6 t\u00e4t\u00e4 miest\u00e4 Hankasalmella \u2013 auta poliisia!<\/a><\/p>\n<p>Nuorten ep\u00e4ill\u00e4\u00e4n liikkuvan mahdollisesti punaisella Seat Exeo -henkil\u00f6autolla, jonka rekisterinumero on XSY-529. Nuorten yll\u00e4 olevasta vaatetuksesta ei ole tietoa. L\u00e4hiomaiset ovat huolissaan heist\u00e4.<\/p>\n<p>Poliisi pyyt\u00e4\u00e4 ilmoittamaan kaikki tuoreet havainnot ja vihjeet kadonneista nuorista suoraan h\u00e4t\u00e4numeroon 112.\u00a0<\/p>\n<p>Nuorten kuvat on julkaistu vanhempien suostumuksella.<\/p>\n<p>Katso alta:<\/p>\n<p><img loading=\"lazy\" height=\"500\" width=\"175\" class=\"wp-image-124710 sp-no-webp perfmatters-lazy\" alt=\"\" decoding=\"async\" src=\"https:\/\/www.europesays.com\/fi\/wp-content\/uploads\/2025\/10\/image-3-66.jpg\"  data-\/> <\/p>\n<p><img loading=\"lazy\" height=\"500\" width=\"287\" class=\"wp-image-124711 sp-no-webp perfmatters-lazy\" alt=\"\" decoding=\"async\" src=\"https:\/\/www.europesays.com\/fi\/wp-content\/uploads\/2025\/10\/image-3-67.jpg\"  data-\/> <\/p>\n<p>Lue my\u00f6s: <a href=\"https:\/\/www.como.fi\/tilaa-comon-uutiskirje\/\" title=\"Tilaa Comon uutiskirje ja tied\u00e4t mist\u00e4 kahvitauolla puhutaan! Nappaa kotimaan tv-vinkit ja puheenaiheet suoraan s\u00e4hk\u00f6postiin t\u00e4st\u00e4.\" class=\"underline-custom !font-montserrat !font-bold !underline-offset-4 !decoration-4 !decoration-red-600 !text-md\" rel=\"nofollow noopener\" target=\"_blank\">Tilaa Comon uutiskirje ja tied\u00e4t mist\u00e4 kahvitauolla puhutaan! Nappaa kotimaan tv-vinkit ja puheenaiheet suoraan s\u00e4hk\u00f6postiin t\u00e4st\u00e4.<\/a><\/p>\n","protected":false},"excerpt":{"rendered":"Poliisi etsii kahta sunnuntaina aamuy\u00f6st\u00e4 26. lokakuuta kadonnutta nuorta Keski-Suomessa. Sis\u00e4-Suomen poliisille on tehty katoamisilmoitus kahdesta nuoresta Hankasalmella.&hellip;\n","protected":false},"author":2,"featured_media":8827,"comment_status":"","ping_status":"","sticky":false,"template":"","format":"standard","meta":{"footnotes":""},"categories":[136],"tags":[407,137,33,31,30,408,52,32,109],"class_list":{"0":"post-73957","1":"post","2":"type-post","3":"status-publish","4":"format-standard","5":"has-post-thumbnail","7":"category-julkkikset","8":"tag-celebrities","9":"tag-entertainment","10":"tag-fi","11":"tag-finland","12":"tag-finnish","13":"tag-julkkikset","14":"tag-poliisi","15":"tag-suomi","16":"tag-viihde"},"share_on_mastodon":{"url":"https:\/\/pubeurope.com\/@fi\/115448213951892363","error":""},"_links":{"self":[{"href":"https:\/\/www.europesays.com\/fi\/wp-json\/wp\/v2\/posts\/73957","targetHints":{"allow":["GET"]}}],"collection":[{"href":"https:\/\/www.europesays.com\/fi\/wp-json\/wp\/v2\/posts"}],"about":[{"href":"https:\/\/www.europesays.com\/fi\/wp-json\/wp\/v2\/types\/post"}],"author":[{"embeddable":true,"href":"https:\/\/www.europesays.com\/fi\/wp-json\/wp\/v2\/users\/2"}],"replies":[{"embeddable":true,"href":"https:\/\/www.europesays.com\/fi\/wp-json\/wp\/v2\/comments?post=73957"}],"version-history":[{"count":0,"href":"https:\/\/www.europesays.com\/fi\/wp-json\/wp\/v2\/posts\/73957\/revisions"}],"wp:featuredmedia":[{"embeddable":true,"href":"https:\/\/www.europesays.com\/fi\/wp-json\/wp\/v2\/media\/8827"}],"wp:attachment":[{"href":"https:\/\/www.europesays.com\/fi\/wp-json\/wp\/v2\/media?parent=73957"}],"wp:term":[{"taxonomy":"category","embeddable":true,"href":"https:\/\/www.europesays.com\/fi\/wp-json\/wp\/v2\/categories?post=73957"},{"taxonomy":"post_tag","embeddable":true,"href":"https:\/\/www.europesays.com\/fi\/wp-json\/wp\/v2\/tags?post=73957"}],"curies":[{"name":"wp","href":"https:\/\/api.w.org\/{rel}","templated":true}]}}