{"id":73962,"date":"2025-10-27T21:25:09","date_gmt":"2025-10-27T21:25:09","guid":{"rendered":"https:\/\/www.europesays.com\/fi\/73962\/"},"modified":"2025-10-27T21:25:09","modified_gmt":"2025-10-27T21:25:09","slug":"tassa-on-kajn-axelin-vaimo-kaunis-pari-como-fi","status":"publish","type":"post","link":"https:\/\/www.europesays.com\/fi\/73962\/","title":{"rendered":"T\u00e4ss\u00e4 on KAJ:n Axelin vaimo \u2013 \u201dKaunis pari\u201d &#8211; Como.fi"},"content":{"rendered":"<ol>\n<li><a href=\"https:\/\/news.google.com\/rss\/articles\/CBMidkFVX3lxTE5vUk5oMmE1QW9VamJtMFN3V2w1Q2VfaW13SEotbFUwOG9GS2xEUDdMYWtfY2JOLTJSZWN3elFhQWJyNDBKT3hKR2RxQjNlVjhDbk1JUlc3TV9TN3BoU3Y5c2hpX2p0TkpScEdXWGFxT0hlcjNldVE?oc=5\" target=\"_blank\" rel=\"nofollow noopener\">T\u00e4ss\u00e4 on KAJ:n Axelin vaimo \u2013 \u201dKaunis pari\u201d<\/a>&nbsp;&nbsp;Como.fi<\/li>\n<li><a href=\"https:\/\/news.google.com\/rss\/articles\/CBMiW0FVX3lxTE1DZ1BHU1BRQ0RPYlRGdEhsSnFiak1pZmgtblRNYmNFZm92aDJhOXNRWDNfeHZnVklRLUdaSldkNDRBVnlkUzBrYXVHNnNyZXB3OXVCakl5bmNXa00?oc=5\" target=\"_blank\" rel=\"nofollow noopener\">KAJ:n Axel \u00c5hman ja vaimo poseeraavat yhteiskuvassa \u2013 some ihastui: \u201dKaunis pari\u201d<\/a>&nbsp;&nbsp;Ilta-Sanomat<\/li>\n<li><a href=\"https:\/\/news.google.com\/rss\/articles\/CBMihAFBVV95cUxOV0x1OEtiaWFuRkhCUUZYTWVWaGF2WkxESFd0WjFjd0VHUzFOcmtva0lIcGtnRy04c25hRUpmVlFFVXUtcFhONzNpMFl6SnRQYkU0SXFQNDVIaWxaMEg3NHBCUkhBVm00RlFBWlYzTjFNb3pVVHNTUW9UR0VRSHh4b05CYjY?oc=5\" target=\"_blank\" rel=\"nofollow noopener\">KAJ&#8217;n Axel \u00c5hman palasi Pohjanmaalle, muu b\u00e4ndi j\u00e4i Helsinkiin<\/a>&nbsp;&nbsp;Seura.fi<\/li>\n<li><a href=\"https:\/\/news.google.com\/rss\/articles\/CBMifEFVX3lxTE90S2VXVE41cEcxR1NLckdNbGdURjNuSUNMU0w3Q3VGRHZoaHFjY1RrWXhBRVcxNHZabU1xM19ub3gyaXhNU0x4VnJIV3R0dVRCN201d05iVnR1bHhSLThwdGdScVpJMTdMT3kwUUxiYWxzZkVhVDlCNmtsME0?oc=5\" target=\"_blank\" rel=\"nofollow noopener\">KAJ:n Axel \u00c5hman julkaisi suloisen kuvan vaimostaan \u2013 Fanit ihastuivat<\/a>&nbsp;&nbsp;Iltalehti<\/li>\n<li><a href=\"https:\/\/news.google.com\/rss\/articles\/CBMiUEFVX3lxTE82VWdzOTBxSjBEZjF0ZEtmTzNEVHJHLTkwTm1HS3ZVaFBVNXBlSWNCT3h3ZjBSeE1sVmFFUmNJU2k4ZWo3NnEta1FEU3F0dS1K?oc=5\" target=\"_blank\" rel=\"nofollow noopener\">KAJ&#8217;n Axel \u00c5hman viihtyy parhaiten puolisonsa kanssa \u2013 \u201dMuutto oli oikea ratkaisu\u201d<\/a>&nbsp;&nbsp;Anna.fi<\/li>\n<\/ol>\n","protected":false},"excerpt":{"rendered":"T\u00e4ss\u00e4 on KAJ:n Axelin vaimo \u2013 \u201dKaunis pari\u201d&nbsp;&nbsp;Como.fi KAJ:n Axel \u00c5hman ja vaimo poseeraavat yhteiskuvassa \u2013 some ihastui:&hellip;\n","protected":false},"author":2,"featured_media":73963,"comment_status":"","ping_status":"","sticky":false,"template":"","format":"standard","meta":{"footnotes":""},"categories":[130],"tags":[137,33,31,30,15905,32,109],"class_list":{"0":"post-73962","1":"post","2":"type-post","3":"status-publish","4":"format-standard","5":"has-post-thumbnail","7":"category-viihde","8":"tag-entertainment","9":"tag-fi","10":"tag-finland","11":"tag-finnish","12":"tag-kaj","13":"tag-suomi","14":"tag-viihde"},"share_on_mastodon":{"url":"https:\/\/pubeurope.com\/@fi\/115448245317721288","error":""},"_links":{"self":[{"href":"https:\/\/www.europesays.com\/fi\/wp-json\/wp\/v2\/posts\/73962","targetHints":{"allow":["GET"]}}],"collection":[{"href":"https:\/\/www.europesays.com\/fi\/wp-json\/wp\/v2\/posts"}],"about":[{"href":"https:\/\/www.europesays.com\/fi\/wp-json\/wp\/v2\/types\/post"}],"author":[{"embeddable":true,"href":"https:\/\/www.europesays.com\/fi\/wp-json\/wp\/v2\/users\/2"}],"replies":[{"embeddable":true,"href":"https:\/\/www.europesays.com\/fi\/wp-json\/wp\/v2\/comments?post=73962"}],"version-history":[{"count":0,"href":"https:\/\/www.europesays.com\/fi\/wp-json\/wp\/v2\/posts\/73962\/revisions"}],"wp:featuredmedia":[{"embeddable":true,"href":"https:\/\/www.europesays.com\/fi\/wp-json\/wp\/v2\/media\/73963"}],"wp:attachment":[{"href":"https:\/\/www.europesays.com\/fi\/wp-json\/wp\/v2\/media?parent=73962"}],"wp:term":[{"taxonomy":"category","embeddable":true,"href":"https:\/\/www.europesays.com\/fi\/wp-json\/wp\/v2\/categories?post=73962"},{"taxonomy":"post_tag","embeddable":true,"href":"https:\/\/www.europesays.com\/fi\/wp-json\/wp\/v2\/tags?post=73962"}],"curies":[{"name":"wp","href":"https:\/\/api.w.org\/{rel}","templated":true}]}}