{"id":73966,"date":"2025-10-27T21:29:16","date_gmt":"2025-10-27T21:29:16","guid":{"rendered":"https:\/\/www.europesays.com\/fi\/73966\/"},"modified":"2025-10-27T21:29:16","modified_gmt":"2025-10-27T21:29:16","slug":"maailmanymparikavelija-taina-liekari-tilit-kaapattu-2","status":"publish","type":"post","link":"https:\/\/www.europesays.com\/fi\/73966\/","title":{"rendered":"Maailmanymp\u00e4rik\u00e4velij\u00e4 Taina Liekari: tilit kaapattu"},"content":{"rendered":"<p>K\u00e4vely|Maailman ymp\u00e4ri k\u00e4velev\u00e4 Taina Liekari pyyt\u00e4\u00e4 apua seuraajiltaan, sill\u00e4 h\u00e4nen sometilins\u00e4 on kaapattu.<\/p>\n<p class=\"article-body mb-nof-24 px-nof-16\">Suomalainen <a class=\"article-personlink\" href=\"https:\/\/www.hs.fi\/haku\/?query=Taina%20Liekari\" rel=\"nofollow noopener\" target=\"_blank\">Taina Liekari<\/a> on joutunut kyberhy\u00f6kk\u00e4yksen uhriksi maailmanymp\u00e4ri\u00adk\u00e4velyll\u00e4\u00e4n.<\/p>\n<p class=\"article-body mb-nof-24 px-nof-16\">Liekari kertoo uudella Instagram-tilill\u00e4\u00e4n, ett\u00e4 h\u00e4nen tilins\u00e4 Instagramissa ja Tiktokissa kaapattiin.<\/p>\n<p class=\"article-body mb-nof-24 px-nof-16\">\u201dNyt on katastrofi\u201d, Liekari aloittaa viime torstaina kuvatun videonsa.<\/p>\n<p class=\"article-body mb-nof-24 px-nof-16\">\u201d[Tileist\u00e4] on pyydetty lunnaita, mutta en maksa, koska en saa niit\u00e4 en\u00e4\u00e4 takaisin.\u201d<\/p>\n<p class=\"article-body mb-nof-24 px-nof-16\">Liekari kertoo k\u00e4ytt\u00e4v\u00e4ns\u00e4 nyt varatili\u00e4. H\u00e4n sanoo tarvitsevansa aiemmat seuraajansa takaisin.<\/p>\n<p class=\"article-body mb-nof-24 px-nof-16\">\u201dSe on ehtona sille, ett\u00e4 pystyn jatkamaan matkaani.\u201d<\/p>\n<p class=\"article-body mb-nof-24 px-nof-16\">H\u00e4n pyyt\u00e4\u00e4 ihmisi\u00e4 jakamaan p\u00e4ivityst\u00e4\u00e4n. Videoon on lis\u00e4tty my\u00f6s teksti \u201dApua!!! Apua\u201d.<\/p>\n<p class=\"article-body mb-nof-24 px-nof-16\">Instagram-tilill\u00e4, jolla video on julkaistu, on noin 6\u202f200 seuraajaa t\u00e4t\u00e4 artikkelia kirjoitettaessa. Liekarin alkuper\u00e4isell\u00e4 tilill\u00e4 oli yli 30\u202f000 seuraajaa.<\/p>\n<p class=\"article-body mb-nof-24 px-nof-16\">Liekari, 56, l\u00e4hti k\u00e4velem\u00e4\u00e4n maailman ymp\u00e4ri elokuussa 2024. Matka alkoi h\u00e4nen asuinmaastaan Espanjasta.<\/p>\n<p class=\"article-body mb-nof-24 px-nof-16\">Viimeisimpien Instagram-p\u00e4ivitysten mukaan matka taittuu nyt Uzbekistanissa Keski-Aasiassa.<\/p>\n<p class=\"article-body mb-nof-24 px-nof-16\">Liekari on kulkenut Espanjasta it\u00e4\u00e4n \u2013 ensin l\u00e4pi Euroopan, sitten Aasiaan, kerrotaan Helsingin Sanomien syyskuun <a class=\"article-genericlink\" href=\"https:\/\/www.hs.fi\/suomi\/art-2000011507649.html\" rel=\"nofollow noopener\" target=\"_blank\">jutussa<\/a>.<\/p>\n<p class=\"article-body mb-nof-24 px-nof-16\">Uzbekistanista h\u00e4n jatkaa HS:lle jakamansa suunnitelman mukaan Manner-Aasian l\u00e4pi Japaniin ja sielt\u00e4 Australian kautta Uuteen-Seelantiin. Tyynenmeren ylitetty\u00e4\u00e4n h\u00e4n saapuu Yhdysvaltoihin, josta matka jatkuu Etel\u00e4-Amerikkaan ja lopulta Espanjaan.<\/p>\n<p class=\"article-body mb-nof-24 px-nof-16\">Liekari kertoi HS:lle, ett\u00e4 h\u00e4nen yhdeks\u00e4n vuotta kest\u00e4nyt avoliitto p\u00e4\u00e4ttyi syyskuussa.<\/p>\n<p class=\"article-body mb-nof-24 px-nof-16\">\u201d[Avomies] ei jaksanut en\u00e4\u00e4 odottaa minua kotona Fuengirolassa. H\u00e4n ilmoitti, ett\u00e4 t\u00e4m\u00e4 oli t\u00e4ss\u00e4\u201d, Liekari sanoo.<\/p>\n<p class=\"article-body mb-nof-24 px-nof-16\">Liekari on aiemminkin ollut julkisuudessa pitk\u00e4n k\u00e4velytempauksen vuoksi. Vuonna 2022 h\u00e4n k\u00e4veli yli 4\u202f600 kilometri\u00e4 Fuengirolasta Turkuun, josta matka jatkui viel\u00e4 Helsinkiin.<\/p>\n","protected":false},"excerpt":{"rendered":"K\u00e4vely|Maailman ymp\u00e4ri k\u00e4velev\u00e4 Taina Liekari pyyt\u00e4\u00e4 apua seuraajiltaan, sill\u00e4 h\u00e4nen sometilins\u00e4 on kaapattu. Suomalainen Taina Liekari on joutunut&hellip;\n","protected":false},"author":2,"featured_media":73967,"comment_status":"","ping_status":"","sticky":false,"template":"","format":"standard","meta":{"footnotes":""},"categories":[14],"tags":[22,23,26,27,33,31,30,17,46,24,25,28,29,15,18,21,32,19,20,56,16,59,60,61],"class_list":{"0":"post-73966","1":"post","2":"type-post","3":"status-publish","4":"format-standard","5":"has-post-thumbnail","7":"category-ulkomaat","8":"tag-breaking-news","9":"tag-breakingnews","10":"tag-featured-news","11":"tag-featurednews","12":"tag-fi","13":"tag-finland","14":"tag-finnish","15":"tag-headlines","16":"tag-helsingin-sanomat","17":"tag-latest-news","18":"tag-latestnews","19":"tag-main-news","20":"tag-mainnews","21":"tag-news","22":"tag-otsikot","23":"tag-paauutiset","24":"tag-suomi","25":"tag-top-stories","26":"tag-topstories","27":"tag-ulkomaat","28":"tag-uutiset","29":"tag-world","30":"tag-world-news","31":"tag-worldnews"},"share_on_mastodon":{"url":"https:\/\/pubeurope.com\/@fi\/115448261113565880","error":""},"_links":{"self":[{"href":"https:\/\/www.europesays.com\/fi\/wp-json\/wp\/v2\/posts\/73966","targetHints":{"allow":["GET"]}}],"collection":[{"href":"https:\/\/www.europesays.com\/fi\/wp-json\/wp\/v2\/posts"}],"about":[{"href":"https:\/\/www.europesays.com\/fi\/wp-json\/wp\/v2\/types\/post"}],"author":[{"embeddable":true,"href":"https:\/\/www.europesays.com\/fi\/wp-json\/wp\/v2\/users\/2"}],"replies":[{"embeddable":true,"href":"https:\/\/www.europesays.com\/fi\/wp-json\/wp\/v2\/comments?post=73966"}],"version-history":[{"count":0,"href":"https:\/\/www.europesays.com\/fi\/wp-json\/wp\/v2\/posts\/73966\/revisions"}],"wp:featuredmedia":[{"embeddable":true,"href":"https:\/\/www.europesays.com\/fi\/wp-json\/wp\/v2\/media\/73967"}],"wp:attachment":[{"href":"https:\/\/www.europesays.com\/fi\/wp-json\/wp\/v2\/media?parent=73966"}],"wp:term":[{"taxonomy":"category","embeddable":true,"href":"https:\/\/www.europesays.com\/fi\/wp-json\/wp\/v2\/categories?post=73966"},{"taxonomy":"post_tag","embeddable":true,"href":"https:\/\/www.europesays.com\/fi\/wp-json\/wp\/v2\/tags?post=73966"}],"curies":[{"name":"wp","href":"https:\/\/api.w.org\/{rel}","templated":true}]}}