{"id":73981,"date":"2025-10-27T21:55:08","date_gmt":"2025-10-27T21:55:08","guid":{"rendered":"https:\/\/www.europesays.com\/fi\/73981\/"},"modified":"2025-10-27T21:55:08","modified_gmt":"2025-10-27T21:55:08","slug":"putin-kim-jong-unille-kaikki-sujuu-suunnitelmien-mukaan","status":"publish","type":"post","link":"https:\/\/www.europesays.com\/fi\/73981\/","title":{"rendered":"Putin Kim Jong-unille: &#8221;Kaikki sujuu suunnitelmien mukaan&#8221;"},"content":{"rendered":"<p>Ven\u00e4j\u00e4 ja Pohjois-Korea solmivat viime vuonna strategisen kumppanuussopimuksen, jonka my\u00f6t\u00e4 Pohjois-Korea on kasvattanut tukeaan Ven\u00e4j\u00e4lle Ukrainan sodassa.<\/p>\n<p><img decoding=\"async\" class=\"image image-show image-preview\" src=\"https:\/\/www.europesays.com\/fi\/wp-content\/uploads\/2025\/10\/48130b4024c1be37418fa7e6e3dd5c6c27ef3e69d5fc5e6d24d0eabbc339ca65.jpg\" alt=\"\"\/><img decoding=\"async\" class=\"image image-show\" src=\"https:\/\/www.europesays.com\/fi\/wp-content\/uploads\/2025\/10\/1761602108_348_48130b4024c1be37418fa7e6e3dd5c6c27ef3e69d5fc5e6d24d0eabbc339ca65.jpg\" alt=\"\"\/><\/p>\n<p>Putin puhui toimittajille viime viikolla Moskovassa.  ZumaWire \/ MVPHOTOS<\/p>\n<p class=\"paragraph\">Ven\u00e4j\u00e4n presidentti <strong>Vladimir Putin<\/strong> pyysi Pohjois-Korean ulkoministeri <strong>Choe Son Huita<\/strong> kertomaan maan johtaja <strong>Kim Jong-unille<\/strong> kaiken sujuvan \u201dsuunnitelman mukaisesti\u201d.<\/p>\n<p class=\"paragraph\">\u2013 Puhuimme Pekingiss\u00e4 yksityiskohtaisesti suhteistamme ja kehitysn\u00e4kymist\u00e4, Putin sanoi viitaten tapaamiseensa Kimin kanssa viime kuussa.<\/p>\n<p class=\"paragraph\">\u2013 Kaikki sujuu suunnitelmien mukaan. V\u00e4lit\u00e4 h\u00e4nelle [Kimille] terveiseni.<\/p>\n<p class=\"paragraph\">Choe oli maanantaina vierailemassa Kremliss\u00e4. Ven\u00e4j\u00e4 ja Pohjois-Korea solmivat viime vuonna strategisen kumppanuussopimuksen, jonka my\u00f6t\u00e4 Pohjois-Korea on kasvattanut tukeaan Ven\u00e4j\u00e4lle Ukrainan sodassa.<\/p>\n<p class=\"paragraph\">Ukraina ja Etel\u00e4-Korea ovat arvioineet Pohjois-Korean l\u00e4hett\u00e4neen yli 10 000 sotilasta sotimaan Ukrainaan. Etel\u00e4-Korean tiedustelupalvelu on arvioinut, ett\u00e4 heist\u00e4 noin 2000 olisi saanut taisteluissa surmansa.<\/p>\n<p class=\"paragraph\">Choe tapasi Moskovassa my\u00f6s Ven\u00e4j\u00e4n ulkoministeri <strong>Sergei Lavrovin<\/strong>. Ven\u00e4j\u00e4n ulkoministeri\u00f6n julkaiseman lehdist\u00f6tiedotteen <a href=\"https:\/\/www.mid.ru\/en\/foreign_policy\/news\/2055948\/\" target=\"_blank\" rel=\"noopener nofollow\">mukaan<\/a> ulkoministerit ovat yht\u00e4 mielt\u00e4 siit\u00e4, ett\u00e4 Korean niemimaan ja Koillis-Aasian kasvaneiden j\u00e4nnitteiden syyn\u00e4 on Yhdysvaltojen ja sen liittolaisten aggressiiviset toimet.<\/p>\n<p class=\"paragraph\">Aiheesta uutisoi Reuters.<\/p>\n","protected":false},"excerpt":{"rendered":"Ven\u00e4j\u00e4 ja Pohjois-Korea solmivat viime vuonna strategisen kumppanuussopimuksen, jonka my\u00f6t\u00e4 Pohjois-Korea on kasvattanut tukeaan Ven\u00e4j\u00e4lle Ukrainan sodassa. Putin&hellip;\n","protected":false},"author":2,"featured_media":73982,"comment_status":"","ping_status":"","sticky":false,"template":"","format":"standard","meta":{"footnotes":""},"categories":[14],"tags":[35,22,23,26,27,33,31,30,17,24,25,28,29,15,18,21,142,637,144,32,19,20,56,16,1262,1665,59,60,61],"class_list":{"0":"post-73981","1":"post","2":"type-post","3":"status-publish","4":"format-standard","5":"has-post-thumbnail","7":"category-ulkomaat","8":"tag-24h","9":"tag-breaking-news","10":"tag-breakingnews","11":"tag-featured-news","12":"tag-featurednews","13":"tag-fi","14":"tag-finland","15":"tag-finnish","16":"tag-headlines","17":"tag-latest-news","18":"tag-latestnews","19":"tag-main-news","20":"tag-mainnews","21":"tag-news","22":"tag-otsikot","23":"tag-paauutiset","24":"tag-poliitikot","25":"tag-politiikka","26":"tag-presidentti","27":"tag-suomi","28":"tag-top-stories","29":"tag-topstories","30":"tag-ulkomaat","31":"tag-uutiset","32":"tag-venajan-politiikka","33":"tag-venalaiset-poliitikot","34":"tag-world","35":"tag-world-news","36":"tag-worldnews"},"share_on_mastodon":{"url":"https:\/\/pubeurope.com\/@fi\/115448363430447391","error":""},"_links":{"self":[{"href":"https:\/\/www.europesays.com\/fi\/wp-json\/wp\/v2\/posts\/73981","targetHints":{"allow":["GET"]}}],"collection":[{"href":"https:\/\/www.europesays.com\/fi\/wp-json\/wp\/v2\/posts"}],"about":[{"href":"https:\/\/www.europesays.com\/fi\/wp-json\/wp\/v2\/types\/post"}],"author":[{"embeddable":true,"href":"https:\/\/www.europesays.com\/fi\/wp-json\/wp\/v2\/users\/2"}],"replies":[{"embeddable":true,"href":"https:\/\/www.europesays.com\/fi\/wp-json\/wp\/v2\/comments?post=73981"}],"version-history":[{"count":0,"href":"https:\/\/www.europesays.com\/fi\/wp-json\/wp\/v2\/posts\/73981\/revisions"}],"wp:featuredmedia":[{"embeddable":true,"href":"https:\/\/www.europesays.com\/fi\/wp-json\/wp\/v2\/media\/73982"}],"wp:attachment":[{"href":"https:\/\/www.europesays.com\/fi\/wp-json\/wp\/v2\/media?parent=73981"}],"wp:term":[{"taxonomy":"category","embeddable":true,"href":"https:\/\/www.europesays.com\/fi\/wp-json\/wp\/v2\/categories?post=73981"},{"taxonomy":"post_tag","embeddable":true,"href":"https:\/\/www.europesays.com\/fi\/wp-json\/wp\/v2\/tags?post=73981"}],"curies":[{"name":"wp","href":"https:\/\/api.w.org\/{rel}","templated":true}]}}