{"id":73985,"date":"2025-10-27T21:57:08","date_gmt":"2025-10-27T21:57:08","guid":{"rendered":"https:\/\/www.europesays.com\/fi\/73985\/"},"modified":"2025-10-27T21:57:08","modified_gmt":"2025-10-27T21:57:08","slug":"moiteryopyn-saanut-ministeri-juuso-jatkaa-lapin-aluepaattajien-arvostelua-kiistassa-lansi-pohjan-keskussairaalasta-politiikka","status":"publish","type":"post","link":"https:\/\/www.europesays.com\/fi\/73985\/","title":{"rendered":"Moitery\u00f6pyn saanut ministeri Juuso jatkaa Lapin aluep\u00e4\u00e4tt\u00e4jien arvostelua kiistassa L\u00e4nsi-Pohjan keskussairaalasta | Politiikka"},"content":{"rendered":"<p class=\"aw-1gybjub aw-5vja16 ghpEtB kjanFo yle__article__paragraph\">Ministeri syytt\u00e4\u00e4 ongelmista Lapin hyvinvointialueen p\u00e4\u00e4tt\u00e4ji\u00e4, keskustaa ja demareita. Oppositiopuolueet moittivat ministeri\u00e4 v\u00e4rikk\u00e4in sanak\u00e4\u00e4ntein.<\/p>\n<p><img decoding=\"async\" alt=\"Kaisa Juuso tummansinisess\u00e4 toppatakissa puhuu mikrofoniin ulkona.\" src=\"https:\/\/www.europesays.com\/fi\/wp-content\/uploads\/2025\/10\/39-154370168fcd6ff52ad2.jpeg\" class=\"aw-1l9m598 hKVVvP\"\/><\/p>\n<p>Avaa kuvien katselu<\/p>\n<p>Sosiaali- ja terveysministeri Kaisa Juuso (ps.) puhui Lapin-vierailullaan Rovaniemell\u00e4 25.10. Kuva: Annu Passoja \/ Yle<\/p>\n<p class=\"aw-1gybjub aw-1p7kakr ghpEtB jtovHP yle__article__paragraph\">Sosiaali- ja terveysministeri <strong class=\"aw-ak79eh KyCXm yle__article__strong\">Kaisa Juuso<\/strong> (ps.) ei per\u00e4\u00e4nny kiistassa siit\u00e4, kenen syyt\u00e4 L\u00e4nsi-Pohjan keskussairaalan toimintojen supistaminen on.<\/p>\n<p class=\"aw-1gybjub aw-1p7kakr ghpEtB jtovHP yle__article__paragraph\">\u2013 Jos Lapin hyvinvointialueen talous olisi hoidettu asianmukaisesti niin, ett\u00e4 edes t\u00e4n\u00e4 vuonna olisi p\u00e4\u00e4sty tulojen ja menojen tasapainoon, niin nyt ei tarvitsisi aluevaltuutettujen mietti\u00e4 mit\u00e4 palveluja karsitaan, Juuso kirjoitti Facebookissa alkuillasta maanantaina.<\/p>\n<p class=\"aw-1gybjub aw-1p7kakr ghpEtB jtovHP yle__article__paragraph\">H\u00e4n huomauttaa, ett\u00e4 alueen rahoitusvaje kasvaa vuoden lopussa 210 miljoonaan euroon. Alue on joutunut vajeiden takia valtiovarainministeri\u00f6n arviointimenettelyyn.<\/p>\n<p class=\"aw-1gybjub aw-1p7kakr ghpEtB jtovHP yle__article__paragraph\">Juuson mielest\u00e4 Lapin hyvinvointialueen valtuutetut voivat menettelyst\u00e4 huolimatta lain puitteissa itse p\u00e4\u00e4tt\u00e4\u00e4, miten laajaa erikoissairaanhoitoa L\u00e4nsi-Pohjan keskussairaalassa jatkossa j\u00e4rjestet\u00e4\u00e4n.<\/p>\n<p class=\"aw-1gybjub aw-1p7kakr ghpEtB jtovHP yle__article__paragraph\">Juuson kirjoituksesta uutisoi ensin <a class=\"aw-iao6s4 iHOxEa yle__article__link\" href=\"https:\/\/www.iltalehti.fi\/politiikka\/a\/865d5586-8a27-425e-bda3-3a2d0c2db450\" role=\"link\" rel=\"nofollow noopener\" target=\"_blank\">Iltalehti<\/a>.<\/p>\n<p class=\"aw-1gybjub aw-1p7kakr ghpEtB jtovHP yle__article__paragraph\">Ministeri Juuso sai maanantaina opposition kansanedustajilta kritiikki\u00e4 Lapin-vierailullaan antamistaan lausunnoista.<\/p>\n<p class=\"aw-1gybjub aw-1p7kakr ghpEtB jtovHP yle__article__paragraph\">\u2013 Juuso ei ainoastaan halveksu demokratiaan kuuluvaa mielenilmaisua, h\u00e4n my\u00f6s aliarvioi kansalaisia, vasemmistoliiton <strong class=\"aw-ak79eh KyCXm yle__article__strong\">Veronika Honkasalo<\/strong> kirjoitti Facebookissa.<\/p>\n<p class=\"aw-1gybjub aw-1p7kakr ghpEtB jtovHP yle__article__paragraph\">\u2013 Onhan t\u00e4m\u00e4 p\u00f6yristytt\u00e4v\u00e4\u00e4 k\u00e4yt\u00f6st\u00e4, tiedotti keskustan lappilainen kansanedustaja <strong class=\"aw-ak79eh KyCXm yle__article__strong\">Mika Riipi<\/strong>, viitaten ministerin purkaukseen Tornion torilla.<\/p>\n<p class=\"aw-1gybjub aw-1p7kakr ghpEtB jtovHP yle__article__paragraph\">Juuso oli todennut toritapahtumassa, ett\u00e4 Lappi n\u00e4ytt\u00e4ytyy Helsingiss\u00e4 riitaisana.<\/p>\n<p class=\"aw-1gybjub aw-1p7kakr ghpEtB jtovHP yle__article__paragraph\">\u2013 Kiitos on se, ett\u00e4 te riehutte somessa ja haukutte minua. Juuson syyt\u00e4, <a class=\"aw-iao6s4 iHOxEa yle__article__link\" href=\"https:\/\/www.iltalehti.fi\/politiikka\/a\/9e8b75ce-73da-4a20-b9e2-a6697d1c720e\" role=\"link\" rel=\"nofollow noopener\" target=\"_blank\">sanoi ministeri Iltalehden mukaan<\/a> yleis\u00f6lle.<\/p>\n<p>Sosiaali- ja terveysministeri Kaisa Juuso kokee, ett\u00e4 h\u00e4nen syykseen laitetaan p\u00e4\u00e4t\u00f6ksi\u00e4, jotka ovat Lapin hyvinvointialueen vastuulla. Video: Risto Koskinen \/ Yle.<\/p>\n<p class=\"aw-1gybjub aw-1p7kakr ghpEtB jtovHP yle__article__paragraph\">Ministerin Lapin-vierailua oli turvaamassa kolme poliisia. Kemiss\u00e4 <a class=\"aw-iao6s4 iHOxEa yle__article__link\" href=\"https:\/\/yle.fi\/a\/74-20190464\" role=\"link\" rel=\"nofollow noopener\" target=\"_blank\">Juuso sai Ylen mukaan raivokkaan vastaanoton<\/a>, ja v\u00e4ltti mielenilmauksen menem\u00e4ll\u00e4 Kulttuurikeskukseen toista kautta sis\u00e4\u00e4n, miss\u00e4 paikalliset hiillostivat ministeri\u00e4 keskussairaalan toimintojen supistamisesta.<\/p>\n<p class=\"aw-1gybjub aw-1p7kakr ghpEtB jtovHP yle__article__paragraph\">Oppositio asemoi ministeri Juuson syylliseksi L\u00e4nsi-Pohjan kohtaloon. Lapin hyvinvointialueen valtuuston puheenjohtajana toimii SDP:n lappilainen kansanedustaja <strong class=\"aw-ak79eh KyCXm yle__article__strong\">Johanna Ojala-Niemel\u00e4<\/strong>.<\/p>\n<p class=\"aw-1gybjub aw-1p7kakr ghpEtB jtovHP yle__article__paragraph\">\u2013 Ihmetell\u00e4 t\u00e4ytyy, ett\u00e4 ministeri Juuso ajaa oman alueen sairaalan alas omalla vahtivuorollaan, Ojala-Niemel\u00e4 kirjoitti Facebookissa.<\/p>\n<p class=\"aw-1gybjub aw-1p7kakr ghpEtB jtovHP yle__article__paragraph\">Valtuuston varapuheenjohtaja <strong class=\"aw-ak79eh KyCXm yle__article__strong\">Markus Lohi<\/strong> (kesk.) my\u00f6nsi Iltalehdelle, ett\u00e4 alueen p\u00e4\u00e4tt\u00e4jien olisi pit\u00e4nyt pysty\u00e4 parempaan. Mutta nyt kun alue on joutunut valtiovarainministeri\u00f6n arviointimenettelyyn, sen pit\u00e4\u00e4 k\u00e4yt\u00e4nn\u00f6ss\u00e4 tehd\u00e4 kuten arviointiryhm\u00e4 sanoo.<\/p>\n<p class=\"aw-1gybjub aw-1p7kakr ghpEtB jtovHP yle__article__paragraph\">\u2013 Meill\u00e4 on kaksi vaihtoehtoa: joko teemme tai itkemme ja teemme, <a class=\"aw-iao6s4 iHOxEa yle__article__link\" href=\"https:\/\/www.iltalehti.fi\/politiikka\/a\/b3a23091-0783-499c-a819-1b1426060b18\" role=\"link\" rel=\"nofollow noopener\" target=\"_blank\">Lohi sanoi lehden haastattelussa<\/a>.<\/p>\n<p class=\"aw-1gybjub aw-1p7kakr ghpEtB jtovHP yle__article__paragraph\">Arviointiryhm\u00e4 ehdotti lokakuussa, ett\u00e4 L\u00e4nsi-Pohjan <a class=\"aw-iao6s4 iHOxEa yle__article__link\" href=\"https:\/\/yle.fi\/a\/74-20188484\" role=\"link\" rel=\"nofollow noopener\" target=\"_blank\">toimintoja on supistettava merkitt\u00e4v\u00e4sti<\/a> ja sairaalan ulkoistus Mehil\u00e4iselle on purettava mahdollisimman pian. Erikoissairaanhoitoa keskitet\u00e4\u00e4n Lapin keskussairaalaan Rovaniemelle.<\/p>\n<p class=\"aw-1gybjub aw-1p7kakr ghpEtB jtovHP yle__article__paragraph\">SDP:n niinik\u00e4\u00e4n lappilainen puoluesihteeri <strong class=\"aw-ak79eh KyCXm yle__article__strong\">Mikkel N\u00e4kk\u00e4l\u00e4j\u00e4rvi<\/strong> toteaa Uutissuomalaisen haastattelussa, ett\u00e4 L\u00e4nsi-Pohjan palveluiden supistamisesta p\u00e4\u00e4tettiin alun perin eduskunnassa viime joulukuussa hallituspuolueiden \u00e4\u00e4nin.<\/p>\n<p class=\"aw-1gybjub aw-1p7kakr ghpEtB jtovHP yle__article__paragraph\">\u2013 On erikoista, ett\u00e4 ministeri Juuso keskittyy syyttelem\u00e4\u00e4n muita, kun fakta on, ett\u00e4 L\u00e4nsi-Pohjan keskussairaalan toiminnan supistaminen on seurausta Orpon hallituksen politiikasta, <a class=\"aw-iao6s4 iHOxEa yle__article__link\" href=\"https:\/\/www.ess.fi\/uutissuomalainen\/8952441\" role=\"link\" rel=\"nofollow noopener\" target=\"_blank\">N\u00e4kk\u00e4l\u00e4j\u00e4rvi sanoo lehdelle<\/a>.<\/p>\n<p class=\"aw-1gybjub aw-1p7kakr ghpEtB jtovHP yle__article__paragraph\">Juuso saa puolestaan vastahy\u00f6kk\u00e4ykseens\u00e4 <a class=\"aw-iao6s4 iHOxEa yle__article__link\" href=\"https:\/\/www.suomenuutiset.fi\/simula-keskusta-kepuloi-ivalon-yopaivystyksessa-ensin-lakkauttaa-sitten-syyttaa-hallitusta\/\" role=\"link\" rel=\"nofollow noopener\" target=\"_blank\">sivustatukea omalta puolueeltaan<\/a>. Kansanedustaja <strong class=\"aw-ak79eh KyCXm yle__article__strong\">Jenna Simulan<\/strong> mukaan keskusta on itse ollut lakkauttamassa y\u00f6p\u00e4ivystyst\u00e4 Raahessa ja hyv\u00e4ksym\u00e4ss\u00e4 ehdotusta, jonka tarkoitus oli lopettaa Ivalon sairaalan y\u00f6p\u00e4ivystys. J\u00e4lkimm\u00e4isest\u00e4 keskusta kuitenkin Simulan mukaan my\u00f6hemmin per\u00e4\u00e4ntyi.<\/p>\n<p>Lapin hyvinvointialueen valtuuston paikkajako<\/p>\n<ul class=\"aw-1jjocuh iJTSwP yle__article__list yle__article__list--ul\">\n<li class=\"aw-1j7gwms eEeLbO\">Keskusta: 21 paikkaa<\/li>\n<li class=\"aw-1j7gwms eEeLbO\">SDP: 11 paikkaa<\/li>\n<li class=\"aw-1j7gwms eEeLbO\">Kokoomus: 8 paikkaa<\/li>\n<li class=\"aw-1j7gwms eEeLbO\">Vasemmistoliitto: 8 paikkaa<\/li>\n<li class=\"aw-1j7gwms eEeLbO\">Perussuomalaiset: 4 paikkaa<\/li>\n<li class=\"aw-1j7gwms eEeLbO\">Vihre\u00e4t: 3 paikkaa<\/li>\n<li class=\"aw-1j7gwms eEeLbO\">Lapin sitoutumattomat: 3 paikkaa<\/li>\n<li class=\"aw-1j7gwms eEeLbO\">Kristillisdemokraatit: 1 paikka<\/li>\n<li class=\"aw-1j7gwms eEeLbO\"><a class=\"aw-iao6s4 iHOxEa yle__article__link\" href=\"https:\/\/vaalit.yle.fi\/av2025\/tulospalvelu\/fi\/electoral-districts\/21\/\" role=\"link\" rel=\"nofollow noopener\" target=\"_blank\">Lapin aluevaalit 2025 Ylen tulospalvelussa<\/a>.<\/li>\n<\/ul>\n","protected":false},"excerpt":{"rendered":"Ministeri syytt\u00e4\u00e4 ongelmista Lapin hyvinvointialueen p\u00e4\u00e4tt\u00e4ji\u00e4, keskustaa ja demareita. Oppositiopuolueet moittivat ministeri\u00e4 v\u00e4rikk\u00e4in sanak\u00e4\u00e4ntein. Avaa kuvien katselu Sosiaali-&hellip;\n","protected":false},"author":2,"featured_media":73986,"comment_status":"","ping_status":"","sticky":false,"template":"","format":"standard","meta":{"footnotes":""},"categories":[5],"tags":[22,23,26,27,33,31,30,17,667,24,25,28,29,15,18,21,49,637,1561,32,504,19,20,16],"class_list":{"0":"post-73985","1":"post","2":"type-post","3":"status-publish","4":"format-standard","5":"has-post-thumbnail","7":"category-otsikot","8":"tag-breaking-news","9":"tag-breakingnews","10":"tag-featured-news","11":"tag-featurednews","12":"tag-fi","13":"tag-finland","14":"tag-finnish","15":"tag-headlines","16":"tag-lappi","17":"tag-latest-news","18":"tag-latestnews","19":"tag-main-news","20":"tag-mainnews","21":"tag-news","22":"tag-otsikot","23":"tag-paauutiset","24":"tag-perussuomalaiset","25":"tag-politiikka","26":"tag-suomen-keskusta","27":"tag-suomi","28":"tag-terveyspalvelut","29":"tag-top-stories","30":"tag-topstories","31":"tag-uutiset"},"share_on_mastodon":{"url":"https:\/\/pubeurope.com\/@fi\/115448371312306556","error":""},"_links":{"self":[{"href":"https:\/\/www.europesays.com\/fi\/wp-json\/wp\/v2\/posts\/73985","targetHints":{"allow":["GET"]}}],"collection":[{"href":"https:\/\/www.europesays.com\/fi\/wp-json\/wp\/v2\/posts"}],"about":[{"href":"https:\/\/www.europesays.com\/fi\/wp-json\/wp\/v2\/types\/post"}],"author":[{"embeddable":true,"href":"https:\/\/www.europesays.com\/fi\/wp-json\/wp\/v2\/users\/2"}],"replies":[{"embeddable":true,"href":"https:\/\/www.europesays.com\/fi\/wp-json\/wp\/v2\/comments?post=73985"}],"version-history":[{"count":0,"href":"https:\/\/www.europesays.com\/fi\/wp-json\/wp\/v2\/posts\/73985\/revisions"}],"wp:featuredmedia":[{"embeddable":true,"href":"https:\/\/www.europesays.com\/fi\/wp-json\/wp\/v2\/media\/73986"}],"wp:attachment":[{"href":"https:\/\/www.europesays.com\/fi\/wp-json\/wp\/v2\/media?parent=73985"}],"wp:term":[{"taxonomy":"category","embeddable":true,"href":"https:\/\/www.europesays.com\/fi\/wp-json\/wp\/v2\/categories?post=73985"},{"taxonomy":"post_tag","embeddable":true,"href":"https:\/\/www.europesays.com\/fi\/wp-json\/wp\/v2\/tags?post=73985"}],"curies":[{"name":"wp","href":"https:\/\/api.w.org\/{rel}","templated":true}]}}