{"id":73999,"date":"2025-10-27T22:22:10","date_gmt":"2025-10-27T22:22:10","guid":{"rendered":"https:\/\/www.europesays.com\/fi\/73999\/"},"modified":"2025-10-27T22:22:10","modified_gmt":"2025-10-27T22:22:10","slug":"teboilin-omistava-venalainen-lukoil-aikoo-myyda-kansainvalisia-omistuksiaan-teboililla-ei-tietoa-myyntiaikeista-uutissuomalainen","status":"publish","type":"post","link":"https:\/\/www.europesays.com\/fi\/73999\/","title":{"rendered":"Teboilin omistava ven\u00e4l\u00e4inen Lukoil aikoo myyd\u00e4 kansainv\u00e4lisi\u00e4 omistuksiaan \u2013 Teboililla ei tietoa myyntiaikeista | Uutissuomalainen"},"content":{"rendered":"<p>Ven\u00e4l\u00e4inen \u00f6ljy-yhti\u00f6 Lukoil ilmoittaa aikovansa myyd\u00e4 kansainv\u00e4lisi\u00e4 omistuksiaan. Se kertoi maanantaina julkaisemassaan <a href=\"https:\/\/www.lukoil.com\/PressCenter\/Pressreleases\/Pressrelease\/on-international-assets-of-lukoil-group\" rel=\"nofollow noopener\" target=\"_blank\">tiedotteessa<\/a>, ett\u00e4 syyn\u00e4 myyntiin ovat er\u00e4iden valtioiden yhti\u00f6t\u00e4 vastaan asettamat pakotteet.<\/p>\n<p>Lukoil omistaa Suomessa toimivan Teboilin. STT uutisoi viime viikolla, ett\u00e4 Neste on keskeytt\u00e4nyt polttoainetoimitukset Teboilille.<\/p>\n<p>Tiedotteessa ei yksiselitteisesti kerrottu sit\u00e4, onko Lukoilin tavoitteena myyd\u00e4 kaikki ulkomaiset omistuksensa vai pelk\u00e4st\u00e4\u00e4n osa niist\u00e4. STT ei maanantai-iltana tavoittanut Ven\u00e4j\u00e4lt\u00e4 Lukoilin edustajaa kommentoimaan asiaa.<\/p>\n<p>Teboilin markkinointi- ja viestint\u00e4johtaja Toni Flyckt kertoi STT:lle illalla, ett\u00e4 Teboililla ei ole tietoa Lukoilin aikeista myyd\u00e4 kansainv\u00e4lisi\u00e4 omistuksiaan.<\/p>\n<p>\u2013\u2009En kommentoi omistajan asioita. Seuraamme tilannetta ja tiedotamme asiasta, kun siit\u00e4 on tiedotettavaa, Flyckt sanoi.<\/p>\n<p>Helsingin Sanomat <a href=\"https:\/\/www.hs.fi\/suomi\/art-2000011586945.html\" rel=\"nofollow noopener\" target=\"_blank\">uutisoi<\/a> maanantaina, ett\u00e4 polttoaine voi loppua Teboilin asemilta jo l\u00e4hip\u00e4ivin\u00e4. Flycktin mukaan aamulla polttoainetilanne oli kohtalainen ja aamuisen tiedon mukaan polttoaine ei ollut viel\u00e4 loppumassa. Illan tilanteeseen h\u00e4n ei ottanut kantaa.<\/p>\n<p>Teboilin mahdollisista maksuongelmista Flycktill\u00e4 ei ollut tietoa.<\/p>\n<p>Aiemmin maanantaina Neste vakuutti, ett\u00e4 Suomessa riitt\u00e4\u00e4 polttoaineita.<\/p>\n<p>\t\t\t\tLukoil aloittanut ostotarjousten harkinnan<\/p>\n<p>Lukoil kertoi tiedotteessa aloittaneensa ostotarjousten harkinnan. Menettely tehd\u00e4\u00e4n yhti\u00f6n mukaan Yhdysvaltain asettaman siirtym\u00e4ajan puitteissa. Yhdysvaltain pakotep\u00e4\u00e4t\u00f6ksess\u00e4 m\u00e4\u00e4r\u00e4tty kuukauden siirtym\u00e4aika p\u00e4\u00e4ttyy 21. marraskuuta. Lukoil kertoi voivansa hakea jatkoaikaa ulkomaisten liiketoimintojen jatkuvuuden turvaamiseksi.<\/p>\n<p>Yhdysvallat kertoi viime viikolla asettavansa pakotteita Lukoilille ja toiselle ven\u00e4l\u00e4iselle \u00f6ljyj\u00e4tille Rosneftille. Aiemmin my\u00f6s Britannia kertoi asettavansa uusia Ven\u00e4j\u00e4-pakotteita, jotka kohdistuvat samoihin yrityksiin.<\/p>\n<p>Teboil kertoi viikonloppuna asiakkailleen suunnatussa tiedotteessa, ett\u00e4 tilausten toimituksissa saattaa esiinty\u00e4 viiveit\u00e4, joiden syyn\u00e4 on nykytilanne.<\/p>\n<p>Yhti\u00f6 sanoo verkkosivuillaan tekev\u00e4ns\u00e4 kaikkensa varmistaakseen, ett\u00e4 toimitukset sujuvat mahdollisimman h\u00e4iri\u00f6tt\u00f6m\u00e4sti. Jos viiv\u00e4styksi\u00e4 ilmenee, niiden tarkkaa kestoa ei pystyt\u00e4 t\u00e4ss\u00e4 vaiheessa arvioimaan.<\/p>\n<p>Teboil piti maanantaina henkil\u00f6st\u00f6infon yhti\u00f6n tilanteesta. Teboilin Flyckt ei aiemmin maanantaina avannut infon sis\u00e4lt\u00f6\u00e4 tarkemmin, vaan kertoi asioiden olevan luottamuksellisia yhti\u00f6n ja henkil\u00f6st\u00f6n v\u00e4lill\u00e4.<\/p>\n<p>\t\t\t\tAsiantuntija: &#8221;Toivottu toimenpide&#8221;<\/p>\n<p>Keskuskauppakamarin johtava liikenneasiantuntija Hanna Kalenoja sanoo, ett\u00e4 kyseess\u00e4 on suuri asia. Lukoililla on kansainv\u00e4lisesti paljon erilaisia toimintoja, paitsi Euroopassa my\u00f6s esimerkiksi Yhdysvalloissa.<\/p>\n<p>Kalenoja sanoo, ett\u00e4 ilmoitus kansainv\u00e4listen omistusten myynnist\u00e4 on juuri sellainen toimenpide, johon pakotteiden kiristymisen on toivottukin johtavan.<\/p>\n<p>\u2013\u2009Eli siihen, ett\u00e4 Lukoil ja Rosneft vet\u00e4ytyisiv\u00e4t Euroopan ja n\u00e4iden sanktioihin osallistuvien \u00f6ljymarkkinasta, h\u00e4n sanoi STT:lle.<\/p>\n<p>Kalenoja huomauttaa, ett\u00e4 aikaa t\u00e4lle on hyvin v\u00e4h\u00e4n. Yhdysvaltojen pakotteet astuvat t\u00e4ysim\u00e4\u00e4r\u00e4isesti voimaan noin kuukauden kuluttua.<\/p>\n<p>\t\t\t\t&#8221;Ei mahdollista myyd\u00e4 kaikkea nopeasti&#8221;<\/p>\n<p>Kalenoja sanoo, ettei Lukoilin kaikkien kansainv\u00e4listen omistuksien myyminen nopeasti ole varmasti mahdollista. Ostajaehdokkaiden l\u00f6ytyminen riippuu my\u00f6s siit\u00e4, mit\u00e4 Lukoil on lopulta myym\u00e4ss\u00e4. Sill\u00e4 on esimerkiksi jalostamoja It\u00e4-Euroopassa ja huoltoasemien omistuksissakin on erilaisia j\u00e4rjestelyj\u00e4 eri maissa.<\/p>\n<p>\u2013\u2009Kaikkea ei ole mahdollista nopeasti myyd\u00e4 mutta todenn\u00e4k\u00f6isesti t\u00e4ss\u00e4 haetaan t\u00e4llaista osittaista tiet\u00e4 ulos n\u00e4ist\u00e4 pakotteista, Kalenoja sanoo.<\/p>\n<p>H\u00e4n huomauttaa, ett\u00e4 Lukoilin p\u00e4\u00e4t\u00f6ksen taustalla vaikuttaa todenn\u00e4k\u00f6isesti my\u00f6s k\u00e4yt\u00e4nn\u00f6n syit\u00e4. Esimerkiksi polttoaineen hankkiminen muilta kuin totutuilta toimijoilta ei ole yksinkertaista. Suomeen sopivaa talvilaadun dieseli\u00e4 ei saa kovin monelta valmistajalta eik\u00e4 kovin monesta maasta.<\/p>\n<p>\t\t\t\tSuomessa v\u00e4h\u00e4n toimijoita<\/p>\n<p>Kalenoja pit\u00e4\u00e4 toivottavana, ett\u00e4 jos Teboil on myyt\u00e4vien listalla, sille l\u00f6ytyisi uusi omistaja. H\u00e4n huomauttaa, ett\u00e4 sen jakeluverkko on hyvin kattava.<\/p>\n<p>\u2013\u2009Siell\u00e4 on paljon erityisesti n\u00e4it\u00e4 kylm\u00e4asemia ja raskaan kaluston asemia. Olisi tietenkin hyv\u00e4, ett\u00e4 ne j\u00e4isiv\u00e4t sinne huoltoasemaverkkoon.<\/p>\n<p>Ostajan l\u00f6ytyminen Teboilillekaan ei kuitenkaan ole itsest\u00e4\u00e4n selv\u00e4\u00e4. Kalenoja huomauttaa, ett\u00e4 Suomessa on vain v\u00e4h\u00e4n toimijoita sek\u00e4 polttoaineiden tukkupuolella ett\u00e4 jakelumarkkinassa. Ulkomaista ostajaa h\u00e4n pit\u00e4\u00e4 ep\u00e4todenn\u00e4k\u00f6isen\u00e4.<\/p>\n<p>\u2013\u2009Hyvin todenn\u00e4k\u00f6isesti sielt\u00e4 asema ja liikepaikka kerrallaan n\u00e4it\u00e4 kauppoja teht\u00e4isiin, Kalenoja ennakoi.<\/p>\n","protected":false},"excerpt":{"rendered":"Ven\u00e4l\u00e4inen \u00f6ljy-yhti\u00f6 Lukoil ilmoittaa aikovansa myyd\u00e4 kansainv\u00e4lisi\u00e4 omistuksiaan. Se kertoi maanantaina julkaisemassaan tiedotteessa, ett\u00e4 syyn\u00e4 myyntiin ovat er\u00e4iden&hellip;\n","protected":false},"author":2,"featured_media":74000,"comment_status":"","ping_status":"","sticky":false,"template":"","format":"standard","meta":{"footnotes":""},"categories":[12],"tags":[22,23,124,2267,26,27,33,31,30,6639,17,46,104,24,25,28,29,15,2536,18,21,32,78,19,20,16],"class_list":{"0":"post-73999","1":"post","2":"type-post","3":"status-publish","4":"format-standard","5":"has-post-thumbnail","7":"category-suomi","8":"tag-breaking-news","9":"tag-breakingnews","10":"tag-energia-sektori","11":"tag-eurooppa","12":"tag-featured-news","13":"tag-featurednews","14":"tag-fi","15":"tag-finland","16":"tag-finnish","17":"tag-fossiiliset-polttoaineet","18":"tag-headlines","19":"tag-helsingin-sanomat","20":"tag-helsinki","21":"tag-latest-news","22":"tag-latestnews","23":"tag-main-news","24":"tag-mainnews","25":"tag-news","26":"tag-oljy-ja-kaasu","27":"tag-otsikot","28":"tag-paauutiset","29":"tag-suomi","30":"tag-talous","31":"tag-top-stories","32":"tag-topstories","33":"tag-uutiset"},"share_on_mastodon":{"url":"https:\/\/pubeurope.com\/@fi\/115448469526283475","error":""},"_links":{"self":[{"href":"https:\/\/www.europesays.com\/fi\/wp-json\/wp\/v2\/posts\/73999","targetHints":{"allow":["GET"]}}],"collection":[{"href":"https:\/\/www.europesays.com\/fi\/wp-json\/wp\/v2\/posts"}],"about":[{"href":"https:\/\/www.europesays.com\/fi\/wp-json\/wp\/v2\/types\/post"}],"author":[{"embeddable":true,"href":"https:\/\/www.europesays.com\/fi\/wp-json\/wp\/v2\/users\/2"}],"replies":[{"embeddable":true,"href":"https:\/\/www.europesays.com\/fi\/wp-json\/wp\/v2\/comments?post=73999"}],"version-history":[{"count":0,"href":"https:\/\/www.europesays.com\/fi\/wp-json\/wp\/v2\/posts\/73999\/revisions"}],"wp:featuredmedia":[{"embeddable":true,"href":"https:\/\/www.europesays.com\/fi\/wp-json\/wp\/v2\/media\/74000"}],"wp:attachment":[{"href":"https:\/\/www.europesays.com\/fi\/wp-json\/wp\/v2\/media?parent=73999"}],"wp:term":[{"taxonomy":"category","embeddable":true,"href":"https:\/\/www.europesays.com\/fi\/wp-json\/wp\/v2\/categories?post=73999"},{"taxonomy":"post_tag","embeddable":true,"href":"https:\/\/www.europesays.com\/fi\/wp-json\/wp\/v2\/tags?post=73999"}],"curies":[{"name":"wp","href":"https:\/\/api.w.org\/{rel}","templated":true}]}}