{"id":74011,"date":"2025-10-27T22:47:08","date_gmt":"2025-10-27T22:47:08","guid":{"rendered":"https:\/\/www.europesays.com\/fi\/74011\/"},"modified":"2025-10-27T22:47:08","modified_gmt":"2025-10-27T22:47:08","slug":"trumpin-ja-xin-tapaamiselta-odotetaan-tuloksia-maametallien-vientirajoitukset-siirtyvat-vuodella-uutissuomalainen-savon-sanomat","status":"publish","type":"post","link":"https:\/\/www.europesays.com\/fi\/74011\/","title":{"rendered":"Trumpin ja Xin tapaamiselta odotetaan tuloksia \u2013 maametallien vientirajoitukset siirtyv\u00e4t vuodella | Uutissuomalainen &#8211; Savon Sanomat"},"content":{"rendered":"<ol>\n<li><a href=\"https:\/\/news.google.com\/rss\/articles\/CBMiYkFVX3lxTFB1RldweldoVFhGVUxQeGlxU0UzdFVlaWVMQTF0enhveFBZZ3A2YmZVOGYwbndMN0xneXJoNGRMeUE3TnJRbUtVSWlBTWVqZU1GU2lBUnVUWlBqWFZLbnB2U3Vn?oc=5\" target=\"_blank\" rel=\"nofollow noopener\">Trumpin ja Xin tapaamiselta odotetaan tuloksia \u2013 maametallien vientirajoitukset siirtyv\u00e4t vuodella | Uutissuomalainen<\/a>&nbsp;&nbsp;Savon Sanomat<\/li>\n<li><a href=\"https:\/\/news.google.com\/rss\/articles\/CBMiQkFVX3lxTE4zQWlkRHFCMGVKOFNLbURKYTQ2enNpSU1sa05uaC12RGRiWnJVNUppT29nRjJpVG50QnY5RWRfRS1RZw?oc=5\" target=\"_blank\" rel=\"nofollow noopener\">Kiinalla on kauppasodassa kunnon kiristysvaltti: harvinaiset maametallit<\/a>&nbsp;&nbsp;Yle<\/li>\n<li><a href=\"https:\/\/news.google.com\/rss\/articles\/CBMiZ0FVX3lxTFAtS1JsNFdibVM5bXQzMmp1c2d3eWtPcFJ5RW1RSlNTVE9Ya1pDYUhoZkEyLURjQ0s5UnFJcXZFd2stY0JrNGtSblZRVmtkNGwwd3RWT0c0WmZvQVFXcTQ1UTFjeVU2ZXc?oc=5\" target=\"_blank\" rel=\"nofollow noopener\">P\u00e4\u00e4kirjoitus | Trumpin Kiinaa koskevat linjaukset voivat viel\u00e4 yll\u00e4tt\u00e4\u00e4<\/a>&nbsp;&nbsp;HS.fi<\/li>\n<li><a href=\"https:\/\/news.google.com\/rss\/articles\/CBMiZEFVX3lxTE8xalRSSjZRSzJpMlJPMWQyeDIyWmtpTldGMm10M3VWYl82Ty1vbnhveS11M3E0WVhkbUlvUk5tS01LMGR1WC1Vbnl3WHN2eU9DQnhyUEpjdnViTlZCaV9GeXczWC0?oc=5\" target=\"_blank\" rel=\"nofollow noopener\">Uusi k\u00e4\u00e4nne Trumpin ja Kiinan v\u00e4\u00e4nn\u00f6ss\u00e4<\/a>&nbsp;&nbsp;Ilta-Sanomat<\/li>\n<li><a href=\"https:\/\/news.google.com\/rss\/articles\/CBMie0FVX3lxTE4wSC1oR0kyVnIwUTBaVEdjWXUzM0xfanhmVkVFQUowbjVkUzk4OWZ0T2poaWk3RTYtUG9YeXpQTzBDSWlydlo3M2ROUGRYa2JrS1dmd0RqazhZZ0RiNV9sODBKWmVaRFZUQzhFakxIS0Z4UG51ZkpHeXJoQQ?oc=5\" target=\"_blank\" rel=\"nofollow noopener\">Iso nytk\u00e4hdys USA:n ja Kiinan v\u00e4lill\u00e4 \u2013 \u201dHaluamme tehd\u00e4 sopimuksen\u201d<\/a>&nbsp;&nbsp;Uusi Suomi<\/li>\n<\/ol>\n","protected":false},"excerpt":{"rendered":"Trumpin ja Xin tapaamiselta odotetaan tuloksia \u2013 maametallien vientirajoitukset siirtyv\u00e4t vuodella | Uutissuomalainen&nbsp;&nbsp;Savon Sanomat Kiinalla on kauppasodassa kunnon&hellip;\n","protected":false},"author":2,"featured_media":74012,"comment_status":"","ping_status":"","sticky":false,"template":"","format":"standard","meta":{"footnotes":""},"categories":[14],"tags":[22,23,7986,1617,26,27,33,31,30,17,24,25,28,29,15,18,21,5340,144,32,19,20,549,56,16,59,60,61,143],"class_list":{"0":"post-74011","1":"post","2":"type-post","3":"status-publish","4":"format-standard","5":"has-post-thumbnail","7":"category-ulkomaat","8":"tag-breaking-news","9":"tag-breakingnews","10":"tag-cnbc","11":"tag-euroopan-unioni","12":"tag-featured-news","13":"tag-featurednews","14":"tag-fi","15":"tag-finland","16":"tag-finnish","17":"tag-headlines","18":"tag-latest-news","19":"tag-latestnews","20":"tag-main-news","21":"tag-mainnews","22":"tag-news","23":"tag-otsikot","24":"tag-paauutiset","25":"tag-peking","26":"tag-presidentti","27":"tag-suomi","28":"tag-top-stories","29":"tag-topstories","30":"tag-ukrainan-sota","31":"tag-ulkomaat","32":"tag-uutiset","33":"tag-world","34":"tag-world-news","35":"tag-worldnews","36":"tag-yhdysvaltain-politiikka"},"share_on_mastodon":{"url":"https:\/\/pubeurope.com\/@fi\/115448567890348751","error":""},"_links":{"self":[{"href":"https:\/\/www.europesays.com\/fi\/wp-json\/wp\/v2\/posts\/74011","targetHints":{"allow":["GET"]}}],"collection":[{"href":"https:\/\/www.europesays.com\/fi\/wp-json\/wp\/v2\/posts"}],"about":[{"href":"https:\/\/www.europesays.com\/fi\/wp-json\/wp\/v2\/types\/post"}],"author":[{"embeddable":true,"href":"https:\/\/www.europesays.com\/fi\/wp-json\/wp\/v2\/users\/2"}],"replies":[{"embeddable":true,"href":"https:\/\/www.europesays.com\/fi\/wp-json\/wp\/v2\/comments?post=74011"}],"version-history":[{"count":0,"href":"https:\/\/www.europesays.com\/fi\/wp-json\/wp\/v2\/posts\/74011\/revisions"}],"wp:featuredmedia":[{"embeddable":true,"href":"https:\/\/www.europesays.com\/fi\/wp-json\/wp\/v2\/media\/74012"}],"wp:attachment":[{"href":"https:\/\/www.europesays.com\/fi\/wp-json\/wp\/v2\/media?parent=74011"}],"wp:term":[{"taxonomy":"category","embeddable":true,"href":"https:\/\/www.europesays.com\/fi\/wp-json\/wp\/v2\/categories?post=74011"},{"taxonomy":"post_tag","embeddable":true,"href":"https:\/\/www.europesays.com\/fi\/wp-json\/wp\/v2\/tags?post=74011"}],"curies":[{"name":"wp","href":"https:\/\/api.w.org\/{rel}","templated":true}]}}