{"id":74021,"date":"2025-10-27T23:04:07","date_gmt":"2025-10-27T23:04:07","guid":{"rendered":"https:\/\/www.europesays.com\/fi\/74021\/"},"modified":"2025-10-27T23:04:07","modified_gmt":"2025-10-27T23:04:07","slug":"tanaan-tvssa-jorn-donnerin-tuottamasta-vuoden-1986-elokuvasta-tuli-kansainvalinen-hanke-nayttelijat-vitsailivat-rakastelukohtauksista","status":"publish","type":"post","link":"https:\/\/www.europesays.com\/fi\/74021\/","title":{"rendered":"T\u00e4n\u00e4\u00e4n tv:ss\u00e4: J\u00f6rn Donnerin tuottamasta vuoden 1986 elokuvasta tuli kansainv\u00e4linen hanke \u2013 n\u00e4yttelij\u00e4t vitsailivat rakastelukohtauksista"},"content":{"rendered":"<p>T\u00e4n\u00e4\u00e4n n\u00e4hd\u00e4\u00e4n televisiossa vuonna 1986 valmistunut Pako pohjoiseen.<\/p>\n<p><strong>Ingemo Engstr\u00f6min <\/strong>ohjaama suomalais-saksalainen draama kertoo toisen maailmansodan kynnyksell\u00e4 Saksasta paenneen naisen matkasta. Omantunnon kysymykset ja rakkaus aiheuttavat ristiriitoja aatteiden maailmassa. Elokuva perustuu <strong>Klaus Mannin<\/strong> samannimiseen romaaniin.<\/p>\n<p>Saksasta pakeneva Johanna (<strong>Katharina Thalbach<\/strong>) saapuu 1930-luvun Suomeen etsiess\u00e4\u00e4n turvapaikkaa ja suuntaa kohti pohjoista. H\u00e4n majoittuu yst\u00e4v\u00e4ns\u00e4 Karinin (ruotsalaist\u00e4hti <strong>Lena Olin<\/strong>) perheen kartanoon, jossa tunnelma on ristiriitainen: perheen veli Jens (<strong>Tom P\u00f6ysti<\/strong>) ihailee Saksaa ja sen uutta j\u00e4rjestyst\u00e4, kun taas toinen veli Ragnar (<strong>Jukka-Pekka Palo<\/strong>) suhtautuu maailmaan kriittisemmin ja haaveilee vapaudesta. Johanna joutuu valintojen eteen, kun poliittinen todellisuus, ihanteet ja henkil\u00f6kohtaiset tunteet alkavat kietoutua toisiinsa. Pako pohjoiseen kertoo ihmisist\u00e4, jotka yritt\u00e4v\u00e4t s\u00e4ilytt\u00e4\u00e4 ihmisyytens\u00e4 ja rakkautensa maailmassa, joka on menett\u00e4m\u00e4ss\u00e4 ne molemmat.<\/p>\n<p>Elokuvan ohjaaja Ingemo Engstr\u00f6m (s. 1941) on Pietarsaaressa syntynyt suomenruotsalainen, joka teki uransa p\u00e4\u00e4asiassa Saksassa. H\u00e4n opiskeli M\u00fcnchenin elokuvakorkeakoulussa ja teki Saksassa analyyttisisi\u00e4, yhteiskunnallisesti kantaa ottavia elokuvia. Pako pohjoiseen oli Engstr\u00f6min kunnianhimoinen yritys sovittaa yhteen suomalainen ja saksalainen n\u00e4k\u00f6kulma.<\/p>\n<p>Lue my\u00f6s: <a href=\"https:\/\/www.episodi.fi\/uutiset\/kirja-arvio-jukka-pekka-palo-on-avarasieluinen-taiteilija-muistelmissa-on-elamanviisautta-ja-perspektiivia\/\" title=\"Kirja-arvio: Jukka-Pekka Palo on avarasieluinen taiteilija \u2013 \u201dMuistelmissa on el\u00e4m\u00e4nviisautta ja perspektiivi\u00e4\u201d\" class=\"underline-custom !font-montserrat !font-bold !underline-offset-4 !decoration-4 !decoration-episodi-blue !text-md\" rel=\"nofollow noopener\" target=\"_blank\">Kirja-arvio: Jukka-Pekka Palo on avarasieluinen taiteilija \u2013 \u201dMuistelmissa on el\u00e4m\u00e4nviisautta ja perspektiivi\u00e4\u201d<\/a><\/p>\n<p>Elokuvan suomalaisena tuottajana toimi <strong>J\u00f6rn Donner<\/strong>, ja Suomen elokuvas\u00e4\u00e4ti\u00f6 tuki hanketta yli puolella miljoonalla markalla. Donnerin osallistuminen varmisti, ett\u00e4 elokuvasta tuli merkitt\u00e4v\u00e4 kulttuurihanke. Engstr\u00f6m kertoi suunnitelleensa Klaus Mannin romaanin filmatisointia jo 1970-luvun lopulta l\u00e4htien: \u201dMannin kertomuksen teema on samantapainen kuin elokuvassa Casablanca: suuri intohimo saa v\u00e4isty\u00e4 aatteen tielt\u00e4\u201d, Engstr\u00f6m kertoi Ilta-Sanomien haastattelussa elokuussa 1985.<\/p>\n<p>Elokuva kuvattiin Suomessa ja Norjassa vuonna 1985, ja suomalaisessa ty\u00f6ryhm\u00e4ss\u00e4 se sai pilke silm\u00e4kulmassa lempinimen \u201cPano pohjoiseen\u201d useiden rakastelukohtausten vuoksi.<\/p>\n<p>Elokuva sai p\u00e4\u00e4osin nihke\u00e4n vastaanoton niin Suomessa kuin kansainv\u00e4lisesti. Kansan Uutisten Osmo Peltonen kirjoitti, ett\u00e4 Pako pohjoiseen on esimerkki mit\u00e4\u00e4nsanomattomasta kulttuurivaihdosta: \u201dElokuva on olevinaan ep\u00e4toivon ja intohimon kuvaus, mutta tosiasiassa se on sekava ja hatara\u201d.<\/p>\n<p>Ilta-Sanomien Sakari Toiviainen piti n\u00e4yttelij\u00f6iden yrityst\u00e4 vilpitt\u00f6m\u00e4n\u00e4 mutta moitti dialogia paperinmakuiseksi. Rumba-lehden Ilkka Mattilan mielest\u00e4 \u201dkaikki natsiangsti ja nuoren naisen hakuammunta hukkuu kankeuteen ja ilmeett\u00f6myyteen\u201d. Mattilan mielest\u00e4 Engstr\u00f6min kuvissa on kuitenkin sen verran valoa, ett\u00e4 katsoja n\u00e4kee, mit\u00e4 j\u00e4\u00e4 tapahtumatta.<\/p>\n<p>My\u00f6s kansainv\u00e4lisesti vastaanotto oli viile\u00e4. Variety-lehden kriitikko kirjoitti, ett\u00e4 Engstr\u00f6m on tehnyt Klaus Mannin elegisen ja surumielisen romaanin pohjalta laajan, toisteisen ja kuolettavan pitk\u00e4veteisen elokuvan. \u201dSe, mik\u00e4 kirjassa her\u00e4tti surua, on filmiss\u00e4 muuttunut jankkaavaksi mielipiteiden esittelyksi ja synk\u00e4ksi juhlallisuudeksi. Vain hienot tuotantoarvot pelastavat t\u00e4m\u00e4n suomalais-saksalaisen kilpailusarjan elokuvan t\u00e4ydelliselt\u00e4 ep\u00e4onnistumiselta.\u201d<\/p>\n<p>Vaikka Pako pohjoiseen ei menestynyt teattereissa, se on j\u00e4\u00e4nyt kiinnostavaksi osaksi 1980-luvun suomalaista kansainv\u00e4list\u00e4 yhteisty\u00f6t\u00e4. Elokuva esitet\u00e4\u00e4n Yle Teemalla kaksi kertaa:<\/p>\n<ul class=\"wp-block-list\">\n<li>Ti 28.10.2025 klo 21.50<\/li>\n<li>Pe 31.10.2025 klo 22.45<\/li>\n<\/ul>\n<p>Elokuva on Areenassa pysyv\u00e4sti.<\/p>\n<p>L\u00e4hde: <a href=\"https:\/\/elonet.finna.fi\/Record\/kavi.elonet_elokuva_103433\" target=\"_blank\" rel=\"noreferrer noopener nofollow\">Elonet<\/a><\/p>\n<p>Lue my\u00f6s: <a href=\"https:\/\/www.episodi.fi\/uutiskirje\/?uutiskirjemainos=tekstilinkkimainos\" title=\"Tilaa Episodin uutiskirje ja voit voittaa leffalippuja! Nappaa tv-vinkit suoraan s\u00e4hk\u00f6postiin t\u00e4st\u00e4.\" class=\"underline-custom !font-montserrat !font-bold !underline-offset-4 !decoration-4 !decoration-episodi-blue !text-md\" rel=\"nofollow noopener\" target=\"_blank\">Tilaa Episodin uutiskirje ja voit voittaa leffalippuja! Nappaa katseluvinkit suoraan s\u00e4hk\u00f6postiin t\u00e4st\u00e4.<\/a><\/p>\n","protected":false},"excerpt":{"rendered":"T\u00e4n\u00e4\u00e4n n\u00e4hd\u00e4\u00e4n televisiossa vuonna 1986 valmistunut Pako pohjoiseen. Ingemo Engstr\u00f6min ohjaama suomalais-saksalainen draama kertoo toisen maailmansodan kynnyksell\u00e4 Saksasta&hellip;\n","protected":false},"author":2,"featured_media":74022,"comment_status":"","ping_status":"","sticky":false,"template":"","format":"standard","meta":{"footnotes":""},"categories":[133],"tags":[137,33,31,30,32,206,139,156,109,913],"class_list":{"0":"post-74021","1":"post","2":"type-post","3":"status-publish","4":"format-standard","5":"has-post-thumbnail","7":"category-televisiot","8":"tag-entertainment","9":"tag-fi","10":"tag-finland","11":"tag-finnish","12":"tag-suomi","13":"tag-televisiot","14":"tag-tv-ohjelmat","15":"tag-tv","16":"tag-viihde","17":"tag-yle-areena"},"share_on_mastodon":{"url":"https:\/\/pubeurope.com\/@fi\/115448634614923291","error":""},"_links":{"self":[{"href":"https:\/\/www.europesays.com\/fi\/wp-json\/wp\/v2\/posts\/74021","targetHints":{"allow":["GET"]}}],"collection":[{"href":"https:\/\/www.europesays.com\/fi\/wp-json\/wp\/v2\/posts"}],"about":[{"href":"https:\/\/www.europesays.com\/fi\/wp-json\/wp\/v2\/types\/post"}],"author":[{"embeddable":true,"href":"https:\/\/www.europesays.com\/fi\/wp-json\/wp\/v2\/users\/2"}],"replies":[{"embeddable":true,"href":"https:\/\/www.europesays.com\/fi\/wp-json\/wp\/v2\/comments?post=74021"}],"version-history":[{"count":0,"href":"https:\/\/www.europesays.com\/fi\/wp-json\/wp\/v2\/posts\/74021\/revisions"}],"wp:featuredmedia":[{"embeddable":true,"href":"https:\/\/www.europesays.com\/fi\/wp-json\/wp\/v2\/media\/74022"}],"wp:attachment":[{"href":"https:\/\/www.europesays.com\/fi\/wp-json\/wp\/v2\/media?parent=74021"}],"wp:term":[{"taxonomy":"category","embeddable":true,"href":"https:\/\/www.europesays.com\/fi\/wp-json\/wp\/v2\/categories?post=74021"},{"taxonomy":"post_tag","embeddable":true,"href":"https:\/\/www.europesays.com\/fi\/wp-json\/wp\/v2\/tags?post=74021"}],"curies":[{"name":"wp","href":"https:\/\/api.w.org\/{rel}","templated":true}]}}