{"id":74031,"date":"2025-10-27T23:15:08","date_gmt":"2025-10-27T23:15:08","guid":{"rendered":"https:\/\/www.europesays.com\/fi\/74031\/"},"modified":"2025-10-27T23:15:08","modified_gmt":"2025-10-27T23:15:08","slug":"potilas-evakuoitiin-megastarilta-sairaalaan-paikalliset","status":"publish","type":"post","link":"https:\/\/www.europesays.com\/fi\/74031\/","title":{"rendered":"Potilas evakuoitiin Megastarilta sairaalaan | Paikalliset"},"content":{"rendered":"<p>Merivartiosto kertoo viestipalvelu X:ss\u00e4, ett\u00e4 meripelastuksella on ollut maanantaina teht\u00e4v\u00e4, jossa h\u00e4t\u00e4tilanne vaati Meripelastuksen sairaankuljetusta Helsingin matalalla.<\/p>\n<p>Rajavartiolaitoksen Vartiolentolaivue evakuoi potilaan M\/s Megastarilta sairaalaan.<\/p>\n<p>Megastar on Helsingin ja Tallinnan v\u00e4lill\u00e4 liikenn\u00f6iv\u00e4 Tallinkin matkustajalaiva. Vartiolentolaivueella on k\u00e4yt\u00f6ss\u00e4\u00e4n 12 helikopteria ja kaksi valvontalentokonetta.<\/p>\n<p><strong class=\"diks-storyline__impact\">My\u00f6hemmin<\/strong> <a href=\"https:\/\/www.iltalehti.fi\/kotimaa\/a\/e0501291-c284-4618-92f3-72839a356167\" rel=\"nofollow noopener\" target=\"_blank\">Iltalehti kertoi<\/a>, ett\u00e4 ihminen oli kuollut sairaskohtaukseen laivamatkalla. Rajavartiolaitoksen helikopteri k\u00e4vi aluksella, mutta henkil\u00f6 menehtyi, ja tuli laivan kyydiss\u00e4 rantaan.<\/p>\n<p>Lis\u00e4tty Iltalehden tiedot 27.10.2025 klo 20.00.<\/p>\n","protected":false},"excerpt":{"rendered":"Merivartiosto kertoo viestipalvelu X:ss\u00e4, ett\u00e4 meripelastuksella on ollut maanantaina teht\u00e4v\u00e4, jossa h\u00e4t\u00e4tilanne vaati Meripelastuksen sairaankuljetusta Helsingin matalalla. Rajavartiolaitoksen&hellip;\n","protected":false},"author":2,"featured_media":74032,"comment_status":"","ping_status":"","sticky":false,"template":"","format":"standard","meta":{"footnotes":""},"categories":[5],"tags":[22,23,26,27,33,31,30,17,104,683,24,25,121,28,29,15,18,21,32,3131,3129,679,19,20,16,2568],"class_list":{"0":"post-74031","1":"post","2":"type-post","3":"status-publish","4":"format-standard","5":"has-post-thumbnail","7":"category-otsikot","8":"tag-breaking-news","9":"tag-breakingnews","10":"tag-featured-news","11":"tag-featurednews","12":"tag-fi","13":"tag-finland","14":"tag-finnish","15":"tag-headlines","16":"tag-helsinki","17":"tag-kuolema","18":"tag-latest-news","19":"tag-latestnews","20":"tag-liikenne-ja-kuljetus","21":"tag-main-news","22":"tag-mainnews","23":"tag-news","24":"tag-otsikot","25":"tag-paauutiset","26":"tag-suomi","27":"tag-tallink-group","28":"tag-tallinna","29":"tag-terveydenhuollon-toimintalaitokset","30":"tag-top-stories","31":"tag-topstories","32":"tag-uutiset","33":"tag-vesiliikenne"},"share_on_mastodon":{"url":"https:\/\/pubeurope.com\/@fi\/115448677899380271","error":""},"_links":{"self":[{"href":"https:\/\/www.europesays.com\/fi\/wp-json\/wp\/v2\/posts\/74031","targetHints":{"allow":["GET"]}}],"collection":[{"href":"https:\/\/www.europesays.com\/fi\/wp-json\/wp\/v2\/posts"}],"about":[{"href":"https:\/\/www.europesays.com\/fi\/wp-json\/wp\/v2\/types\/post"}],"author":[{"embeddable":true,"href":"https:\/\/www.europesays.com\/fi\/wp-json\/wp\/v2\/users\/2"}],"replies":[{"embeddable":true,"href":"https:\/\/www.europesays.com\/fi\/wp-json\/wp\/v2\/comments?post=74031"}],"version-history":[{"count":0,"href":"https:\/\/www.europesays.com\/fi\/wp-json\/wp\/v2\/posts\/74031\/revisions"}],"wp:featuredmedia":[{"embeddable":true,"href":"https:\/\/www.europesays.com\/fi\/wp-json\/wp\/v2\/media\/74032"}],"wp:attachment":[{"href":"https:\/\/www.europesays.com\/fi\/wp-json\/wp\/v2\/media?parent=74031"}],"wp:term":[{"taxonomy":"category","embeddable":true,"href":"https:\/\/www.europesays.com\/fi\/wp-json\/wp\/v2\/categories?post=74031"},{"taxonomy":"post_tag","embeddable":true,"href":"https:\/\/www.europesays.com\/fi\/wp-json\/wp\/v2\/tags?post=74031"}],"curies":[{"name":"wp","href":"https:\/\/api.w.org\/{rel}","templated":true}]}}