{"id":74039,"date":"2025-10-27T23:34:08","date_gmt":"2025-10-27T23:34:08","guid":{"rendered":"https:\/\/www.europesays.com\/fi\/74039\/"},"modified":"2025-10-27T23:34:08","modified_gmt":"2025-10-27T23:34:08","slug":"tvsta-tuttu-kasvo-nousee-akkn-uudeksi-puheenjohtajaksi-teki-tiukan-linjauksen-tulevasta","status":"publish","type":"post","link":"https:\/\/www.europesays.com\/fi\/74039\/","title":{"rendered":"TV:st\u00e4 tuttu kasvo nousee AKK:n uudeksi puheenjohtajaksi &#8211; teki tiukan linjauksen tulevasta"},"content":{"rendered":"<p>Valinta suoritettiin sunnuntaina 26. lokakuuta Jyv\u00e4skyl\u00e4ss\u00e4 j\u00e4rjestetyss\u00e4 liittokokouksessa.<\/p>\n<p>AKK:n edellinen puheenjohtaja <strong>Jarmo Mahonen<\/strong> ilmoitti jo viime vuoden lopulla luopuvansa teht\u00e4v\u00e4st\u00e4\u00e4n kuluvan vuoden alussa, vaikka h\u00e4nen kautensa olisi jatkunut t\u00e4m\u00e4n vuoden loppuun saakka.<\/p>\n<p>AKK:n marraskuussa 2024 julkaistun tiedotteen mukaan Mahosen p\u00e4\u00e4t\u00f6ksen taustalla oli halu antaa tilaa uudelle johdolle ja viett\u00e4\u00e4 ansaittuja el\u00e4kep\u00e4ivi\u00e4.<\/p>\n<p>Toni Vilander tuo AKK:n johtoon vankan kokemuksen moottoriurheilutaustansa vuoksi. Vuonna 1980 Kankaanp\u00e4\u00e4ss\u00e4 syntyneell\u00e4 Vilanderilla on my\u00f6s hyvin vahva n\u00e4kemys siit\u00e4, miten suomalaista autourheilua tulisi kehitt\u00e4\u00e4 jatkossa.<\/p>\n<p>Vilanderilla on erityisesti hyvin vahva tausta rata-autoiluista. H\u00e4n on Le Mans-voittaja, FIA WEC-sarjan maailmanmestari ja pitk\u00e4aikainen Ferrarin tehdaskuljettaja. T\u00e4m\u00e4n lis\u00e4ksi h\u00e4n on tullut monille tutuksi F1-l\u00e4hetyksist\u00e4, miss\u00e4 h\u00e4n on jo vuosia toiminut tv-asiantuntijana.<\/p>\n<p>\u2013 Koen, ett\u00e4 yksi t\u00e4rkeimmist\u00e4 teht\u00e4vist\u00e4ni on pienent\u00e4\u00e4 AKK:n ja kansallisen lajikent\u00e4n v\u00e4list\u00e4 kuilua. Haluan selkeytt\u00e4\u00e4 p\u00e4\u00e4t\u00f6ksentekoa ja tuoda toimintaan avoimuutta sek\u00e4 yhteisty\u00f6n henke\u00e4. Autourheilu on yhteis\u00f6, jota rakennetaan yhdess\u00e4, Vilander sanoi valintansa yhteydess\u00e4.<\/p>\n<p>Vilanderilla on selke\u00e4 visio siit\u00e4, miten h\u00e4n tulee toimimaan vaativassa puheenjohtajan teht\u00e4v\u00e4ss\u00e4\u00e4n.<\/p>\n<p>\u2013 Vilanderin valinta viestii liiton uudistumishalusta ja halusta vahvistaa yhteytt\u00e4 kent\u00e4n toimijoihin. H\u00e4nen johdollaan AKK tavoittelee entist\u00e4 osallistavampaa, l\u00e4pin\u00e4kyv\u00e4mp\u00e4\u00e4 ja tulevaisuuteen suuntaavaa toimintakulttuuria, AKK toteaa tiedotteessaan.<\/p>\n<p>\u2013 Toni Vilanderin vahva kokemus, kansainv\u00e4linen verkosto ja aito intohimo autourheilua kohtaan tarjoavat erinomaiset l\u00e4ht\u00f6kohdat johtaa liittoa tulevina vuosina, AKK jatkaa.<\/p>\n<p>Vilander aloittaa teht\u00e4v\u00e4ss\u00e4\u00e4n vuoden 2026 alussa ja h\u00e4nen toimikautensa kest\u00e4\u00e4 seuraavat kaksi vuotta.<\/p>\n","protected":false},"excerpt":{"rendered":"Valinta suoritettiin sunnuntaina 26. lokakuuta Jyv\u00e4skyl\u00e4ss\u00e4 j\u00e4rjestetyss\u00e4 liittokokouksessa. AKK:n edellinen puheenjohtaja Jarmo Mahonen ilmoitti jo viime vuoden lopulla&hellip;\n","protected":false},"author":2,"featured_media":74040,"comment_status":"","ping_status":"","sticky":false,"template":"","format":"standard","meta":{"footnotes":""},"categories":[158],"tags":[16016,33,31,30,159,32,15892,160],"class_list":{"0":"post-74039","1":"post","2":"type-post","3":"status-publish","4":"format-standard","5":"has-post-thumbnail","7":"category-urheilu","8":"tag-akk","9":"tag-fi","10":"tag-finland","11":"tag-finnish","12":"tag-sports","13":"tag-suomi","14":"tag-toni-vilander","15":"tag-urheilu"},"share_on_mastodon":{"url":"https:\/\/pubeurope.com\/@fi\/115448752815205435","error":""},"_links":{"self":[{"href":"https:\/\/www.europesays.com\/fi\/wp-json\/wp\/v2\/posts\/74039","targetHints":{"allow":["GET"]}}],"collection":[{"href":"https:\/\/www.europesays.com\/fi\/wp-json\/wp\/v2\/posts"}],"about":[{"href":"https:\/\/www.europesays.com\/fi\/wp-json\/wp\/v2\/types\/post"}],"author":[{"embeddable":true,"href":"https:\/\/www.europesays.com\/fi\/wp-json\/wp\/v2\/users\/2"}],"replies":[{"embeddable":true,"href":"https:\/\/www.europesays.com\/fi\/wp-json\/wp\/v2\/comments?post=74039"}],"version-history":[{"count":0,"href":"https:\/\/www.europesays.com\/fi\/wp-json\/wp\/v2\/posts\/74039\/revisions"}],"wp:featuredmedia":[{"embeddable":true,"href":"https:\/\/www.europesays.com\/fi\/wp-json\/wp\/v2\/media\/74040"}],"wp:attachment":[{"href":"https:\/\/www.europesays.com\/fi\/wp-json\/wp\/v2\/media?parent=74039"}],"wp:term":[{"taxonomy":"category","embeddable":true,"href":"https:\/\/www.europesays.com\/fi\/wp-json\/wp\/v2\/categories?post=74039"},{"taxonomy":"post_tag","embeddable":true,"href":"https:\/\/www.europesays.com\/fi\/wp-json\/wp\/v2\/tags?post=74039"}],"curies":[{"name":"wp","href":"https:\/\/api.w.org\/{rel}","templated":true}]}}