{"id":74049,"date":"2025-10-27T23:41:13","date_gmt":"2025-10-27T23:41:13","guid":{"rendered":"https:\/\/www.europesays.com\/fi\/74049\/"},"modified":"2025-10-27T23:41:13","modified_gmt":"2025-10-27T23:41:13","slug":"monitoimiareena-matkalla-armilaan-demareilla-jo-ryhmapaatos-valmiina-paikalliset","status":"publish","type":"post","link":"https:\/\/www.europesays.com\/fi\/74049\/","title":{"rendered":"Monitoimiareena matkalla Armilaan\u2009\u2013\u2009Demareilla jo ryhm\u00e4p\u00e4\u00e4t\u00f6s valmiina | Paikalliset"},"content":{"rendered":"<p>Kaupunginvaltuustolle esitet\u00e4\u00e4n sijoituspaikaksi Armilan sairaalan aluetta. Ilman \u00e4\u00e4nestyksi\u00e4 p\u00e4\u00e4t\u00f6s ei syntynyt.<\/p>\n<p>Lappeenrannan uusi monitoimiareena on nousemassa Armilan sairaalan alueelle l\u00e4hivuosina.<\/p>\n<p>Kaupunginjohtajan esitys sijoituspaikasta Armilassa sai kaupunginhallituksen tuen taakseen.<\/p>\n<p>Kaupunginhallitus esitt\u00e4\u00e4 ensi viikon maanantaina koolla olevalle kaupunginvaltuustolle sijoituspaikaksi Armilan sairaalan aluetta.<\/p>\n<p>Ilman \u00e4\u00e4nestyksi\u00e4 p\u00e4\u00e4t\u00f6st\u00e4 ei syntynyt.<\/p>\n","protected":false},"excerpt":{"rendered":"Kaupunginvaltuustolle esitet\u00e4\u00e4n sijoituspaikaksi Armilan sairaalan aluetta. Ilman \u00e4\u00e4nestyksi\u00e4 p\u00e4\u00e4t\u00f6s ei syntynyt. Lappeenrannan uusi monitoimiareena on nousemassa Armilan sairaalan&hellip;\n","protected":false},"author":2,"featured_media":74050,"comment_status":"","ping_status":"","sticky":false,"template":"","format":"standard","meta":{"footnotes":""},"categories":[5],"tags":[22,23,26,27,33,31,30,17,24,25,720,72,28,29,1616,15,18,21,32,78,487,719,538,149,19,20,16],"class_list":{"0":"post-74049","1":"post","2":"type-post","3":"status-publish","4":"format-standard","5":"has-post-thumbnail","7":"category-otsikot","8":"tag-breaking-news","9":"tag-breakingnews","10":"tag-featured-news","11":"tag-featurednews","12":"tag-fi","13":"tag-finland","14":"tag-finnish","15":"tag-headlines","16":"tag-latest-news","17":"tag-latestnews","18":"tag-liiketoiminta-ja-rahoitus","19":"tag-luonto","20":"tag-main-news","21":"tag-mainnews","22":"tag-media-viestinta","23":"tag-news","24":"tag-otsikot","25":"tag-paauutiset","26":"tag-suomi","27":"tag-talous","28":"tag-teknologia-yleista","29":"tag-tiede-yleista","30":"tag-tiede-ja-tekniikka","31":"tag-tietojenkasittely-ja-informaatioteknologia","32":"tag-top-stories","33":"tag-topstories","34":"tag-uutiset"},"share_on_mastodon":{"url":"https:\/\/pubeurope.com\/@fi\/115448780094442827","error":""},"_links":{"self":[{"href":"https:\/\/www.europesays.com\/fi\/wp-json\/wp\/v2\/posts\/74049","targetHints":{"allow":["GET"]}}],"collection":[{"href":"https:\/\/www.europesays.com\/fi\/wp-json\/wp\/v2\/posts"}],"about":[{"href":"https:\/\/www.europesays.com\/fi\/wp-json\/wp\/v2\/types\/post"}],"author":[{"embeddable":true,"href":"https:\/\/www.europesays.com\/fi\/wp-json\/wp\/v2\/users\/2"}],"replies":[{"embeddable":true,"href":"https:\/\/www.europesays.com\/fi\/wp-json\/wp\/v2\/comments?post=74049"}],"version-history":[{"count":0,"href":"https:\/\/www.europesays.com\/fi\/wp-json\/wp\/v2\/posts\/74049\/revisions"}],"wp:featuredmedia":[{"embeddable":true,"href":"https:\/\/www.europesays.com\/fi\/wp-json\/wp\/v2\/media\/74050"}],"wp:attachment":[{"href":"https:\/\/www.europesays.com\/fi\/wp-json\/wp\/v2\/media?parent=74049"}],"wp:term":[{"taxonomy":"category","embeddable":true,"href":"https:\/\/www.europesays.com\/fi\/wp-json\/wp\/v2\/categories?post=74049"},{"taxonomy":"post_tag","embeddable":true,"href":"https:\/\/www.europesays.com\/fi\/wp-json\/wp\/v2\/tags?post=74049"}],"curies":[{"name":"wp","href":"https:\/\/api.w.org\/{rel}","templated":true}]}}