{"id":74051,"date":"2025-10-27T23:53:14","date_gmt":"2025-10-27T23:53:14","guid":{"rendered":"https:\/\/www.europesays.com\/fi\/74051\/"},"modified":"2025-10-27T23:53:14","modified_gmt":"2025-10-27T23:53:14","slug":"prinssi-danielin-matkustustahdista-kysymyksia-yllattava-kritiikki","status":"publish","type":"post","link":"https:\/\/www.europesays.com\/fi\/74051\/","title":{"rendered":"Prinssi Danielin matkustustahdista kysymyksi\u00e4: yll\u00e4tt\u00e4v\u00e4 kritiikki"},"content":{"rendered":"<p class=\"article-content article-content-width !bg-background\">Prinssi<a alt=\"Haku\" class=\"text-primary-red font-extrabold\" href=\"https:\/\/www.seiska.fi\/haku?q=\u00a0Daniel\" rel=\"nofollow noopener\" target=\"_blank\">\u00a0Daniel<\/a>\u00a0k\u00e4vi l\u00e4pi k\u00e4\u00e4nnetyn tuhkimotarinan prinssiksi p\u00e4\u00e4tyess\u00e4\u00e4n. Kun prinssiytt\u00e4 ja kruununprinsessan aviomiehen\u00e4 el\u00e4mist\u00e4 on takana jo 15 vuotta, on Danielkin lunastanut oman paikkansa kuninkaallisfanien syd\u00e4miss\u00e4.<\/p>\n<p class=\"font-weight-bold m-font-weight-bold article-content article-content-width !bg-background\">Arkistovideo: T\u00e4llaisia ovat kunkkupariskuntien pituuserot<\/p>\n<p class=\"article-content article-content-width !bg-background\">T\u00e4t\u00e4 nyky\u00e4 Daniel edustaa usein kruununprinsessa<a alt=\"Haku\" class=\"text-primary-red font-extrabold\" href=\"https:\/\/www.seiska.fi\/haku?q=\u00a0Victorian\" rel=\"nofollow noopener\" target=\"_blank\">\u00a0Victorian<\/a>\u00a0mukana tapahtumissa, joihin puolisokin odotetaan paikalle \u2013 parilla on takanaan esimerkiksi monen p\u00e4iv\u00e4n mittainen valtiovierailu Japaniin ja Etel\u00e4-Koreaan.<\/p>\n<p class=\"article-content article-content-width !bg-background\">Toisaalta Daniel saa edustaa usein my\u00f6s aivan yksin; heti Aasian-vierailun j\u00e4lkeen h\u00e4n k\u00e4vi esimerkiksi yritysjuhlissa. H\u00e4nell\u00e4 on my\u00f6s oma s\u00e4\u00e4ti\u00f6ns\u00e4, jonka hallituksen asioista h\u00e4n pysyy tarkasti kartalla.<\/p>\n<p>Taas reissun p\u00e4\u00e4ll\u00e4<\/p>\n<p class=\"article-content article-content-width !bg-background\">Kuluneella viikolla Daniel p\u00e4\u00e4si j\u00e4lleen kerran omalle reissulle, t\u00e4ll\u00e4 kertaa Pariisiin asti.<\/p>\n<p class=\"article-content article-content-width !bg-background\">Hovin Instagram-tilill\u00e4 jaettiin prinssin matkatunnelmia esimerkiksi Art Basel -n\u00e4yttelyst\u00e4.<\/p>\n<p class=\"article-content article-content-width !bg-background\">\u2013 Kansainv\u00e4lisess\u00e4 taiden\u00e4yttelyss\u00e4 Art Baselissa prinssi tapasi joitakin yli 200:sta galleristista, jotka saapuivat eri puolilta maailmaa n\u00e4yttelyyn, julkaisussa kerrotaan.<\/p>\n<p class=\"article-content article-content-width !bg-background\">Daniel on ahkera kiert\u00e4m\u00e4\u00e4n taiden\u00e4yttelyit\u00e4 ja gallerioita, eik\u00e4 t\u00e4m\u00e4k\u00e4\u00e4n vierailu tullut yll\u00e4tyksen\u00e4. Kuvissa h\u00e4net n\u00e4hd\u00e4\u00e4n ihailemassa muutamia n\u00e4yttelyn teoksia.<\/p>\n<p>Vaikutus mietitytt\u00e4\u00e4<\/p>\n<p class=\"article-content article-content-width !bg-background\">T\u00e4ysin kritiikitt\u00e4 tieto prinssin matkasta ei kuitenkaan uponnut kuningashuoneen Instagram-seuraajiin. Prinssin taidevisiitin kommenttikent\u00e4ss\u00e4 nousi esille varsin ajankohtainen kysymys matkustamisesta.<\/p>\n<p class=\"article-content article-content-width !bg-background\">\u2013 Monta reissua sinne ja t\u00e4nne j\u00e4tt\u00e4v\u00e4t suuria ilmastoj\u00e4lki\u00e4. Mit\u00e4 kuningashuone tekee v\u00e4hent\u00e4\u00e4kseen niit\u00e4? udellaan er\u00e4\u00e4ss\u00e4 kommentissa.<\/p>\n<p class=\"article-content article-content-width !bg-background\">Ilmasto ei ole yksi prinssi Danielin ty\u00f6n <a href=\"https:\/\/www.kungahuset.se\/kungl.-huset\/h.k.h.-prins-daniel\" target=\"_blank\" rel=\"nofollow noopener\">keskeisist\u00e4 teemoista<\/a>. Sen sijaan siihen keskittyy kruununprinsessa Victoria monissa projekteissaan.<\/p>\n<p class=\"article-content article-content-width !bg-background\">H\u00e4n on <a href=\"https:\/\/www.kungahuset.se\/kungl.-huset\/h.k.h.-kronprinsessan\" target=\"_blank\" rel=\"nofollow noopener\">nuoresta pit\u00e4en nostanut tietoisuutta<\/a> esimerkiksi kest\u00e4v\u00e4st\u00e4 kehityksest\u00e4 eri tasoilla ja saanut ty\u00f6ss\u00e4\u00e4n my\u00f6s merkitt\u00e4vi\u00e4 kunnianosoituksia.<\/p>\n","protected":false},"excerpt":{"rendered":"Prinssi\u00a0Daniel\u00a0k\u00e4vi l\u00e4pi k\u00e4\u00e4nnetyn tuhkimotarinan prinssiksi p\u00e4\u00e4tyess\u00e4\u00e4n. Kun prinssiytt\u00e4 ja kruununprinsessan aviomiehen\u00e4 el\u00e4mist\u00e4 on takana jo 15 vuotta, on&hellip;\n","protected":false},"author":2,"featured_media":74052,"comment_status":"","ping_status":"","sticky":false,"template":"","format":"standard","meta":{"footnotes":""},"categories":[136],"tags":[407,137,33,31,30,1776,408,2273,16017,212,923,4684,3533,2274,32,16018,109],"class_list":{"0":"post-74051","1":"post","2":"type-post","3":"status-publish","4":"format-standard","5":"has-post-thumbnail","7":"category-julkkikset","8":"tag-celebrities","9":"tag-entertainment","10":"tag-fi","11":"tag-finland","12":"tag-finnish","13":"tag-ilmastonmuutos","14":"tag-julkkikset","15":"tag-kruununprinsessa-victoria","16":"tag-lentaminen","17":"tag-lifestyle","18":"tag-matkustaminen","19":"tag-pariisi","20":"tag-prinssi-daniel","21":"tag-ruotsin-kuninkaalliset","22":"tag-suomi","23":"tag-tyomatka","24":"tag-viihde"},"share_on_mastodon":{"url":"https:\/\/pubeurope.com\/@fi\/115448827301348390","error":""},"_links":{"self":[{"href":"https:\/\/www.europesays.com\/fi\/wp-json\/wp\/v2\/posts\/74051","targetHints":{"allow":["GET"]}}],"collection":[{"href":"https:\/\/www.europesays.com\/fi\/wp-json\/wp\/v2\/posts"}],"about":[{"href":"https:\/\/www.europesays.com\/fi\/wp-json\/wp\/v2\/types\/post"}],"author":[{"embeddable":true,"href":"https:\/\/www.europesays.com\/fi\/wp-json\/wp\/v2\/users\/2"}],"replies":[{"embeddable":true,"href":"https:\/\/www.europesays.com\/fi\/wp-json\/wp\/v2\/comments?post=74051"}],"version-history":[{"count":0,"href":"https:\/\/www.europesays.com\/fi\/wp-json\/wp\/v2\/posts\/74051\/revisions"}],"wp:featuredmedia":[{"embeddable":true,"href":"https:\/\/www.europesays.com\/fi\/wp-json\/wp\/v2\/media\/74052"}],"wp:attachment":[{"href":"https:\/\/www.europesays.com\/fi\/wp-json\/wp\/v2\/media?parent=74051"}],"wp:term":[{"taxonomy":"category","embeddable":true,"href":"https:\/\/www.europesays.com\/fi\/wp-json\/wp\/v2\/categories?post=74051"},{"taxonomy":"post_tag","embeddable":true,"href":"https:\/\/www.europesays.com\/fi\/wp-json\/wp\/v2\/tags?post=74051"}],"curies":[{"name":"wp","href":"https:\/\/api.w.org\/{rel}","templated":true}]}}