{"id":74059,"date":"2025-10-28T00:05:10","date_gmt":"2025-10-28T00:05:10","guid":{"rendered":"https:\/\/www.europesays.com\/fi\/74059\/"},"modified":"2025-10-28T00:05:10","modified_gmt":"2025-10-28T00:05:10","slug":"liettua-aikoo-ampua-alas-valko-venajalta-tulevat-ilmapallot-mutta-milla-ne-ammutaan-uutisia-lyhyesti","status":"publish","type":"post","link":"https:\/\/www.europesays.com\/fi\/74059\/","title":{"rendered":"Liettua aikoo ampua alas Valko-Ven\u00e4j\u00e4lt\u00e4 tulevat ilmapallot \u2013 mutta mill\u00e4 ne ammutaan? | Uutisia lyhyesti"},"content":{"rendered":"<p class=\"aw-1gybjub aw-5vja16 ghpEtB kjanFo yle__article__paragraph\">Salakuljettajien ilmapallot lent\u00e4v\u00e4t 4  \u2013 6 kilometrin korkeudessa.<\/p>\n<p><img decoding=\"async\" alt=\"Liettuan p\u00e4\u00e4ministeri Inga Ruginiene.\" src=\"https:\/\/www.europesays.com\/fi\/wp-content\/uploads\/2025\/10\/39-154427068ff8318d5d6a.jpeg\" class=\"aw-1l9m598 hKVVvP\"\/><\/p>\n<p>Avaa kuvien katselu<\/p>\n<p>Liettuan p\u00e4\u00e4ministeri Inga Ruginiene Varsovassa 7.10.2025. Kuva: AOP<\/p>\n<p class=\"aw-1gybjub aw-1p7kakr ghpEtB jtovHP yle__article__paragraph\">Liettua alkaa ampua alas salakuljettajien Valko-Ven\u00e4j\u00e4lt\u00e4 l\u00e4hett\u00e4mi\u00e4 ilmapalloja. Asiasta kertoi p\u00e4\u00e4ministeri <strong class=\"aw-ak79eh KyCXm yle__article__strong\">Inga Ruginiene<\/strong>.<\/p>\n<p class=\"aw-1gybjub aw-1p7kakr ghpEtB jtovHP yle__article__paragraph\">Halpoja savukkeita lenn\u00e4tt\u00e4v\u00e4t ilmapallot pakottivat keskeytt\u00e4m\u00e4\u00e4n lennot Vilnan lentokent\u00e4ll\u00e4 viime viikolla nelj\u00e4 kertaa.<\/p>\n<p class=\"aw-1gybjub aw-1p7kakr ghpEtB jtovHP yle__article__paragraph\">Ruginienen mukaan ilmapallot ovat Valko-Ven\u00e4j\u00e4n hybridisodank\u00e4ynti\u00e4, jota presidentti <strong class=\"aw-ak79eh KyCXm yle__article__strong\">Aljaksandr Luka\u0161enka<\/strong> ei yrit\u00e4k\u00e4\u00e4n est\u00e4\u00e4. Vastavetona Liettua on sulkenut ajoittain Valko-Ven\u00e4j\u00e4n-vastaisen rajansa.<\/p>\n<p class=\"aw-1gybjub aw-1p7kakr ghpEtB jtovHP yle__article__paragraph\">Ruginienen turvallisuusneuvonantaja <strong class=\"aw-ak79eh KyCXm yle__article__strong\">Deividas Matulionis<\/strong> nosti <a class=\"aw-iao6s4 iHOxEa yle__article__link\" href=\"https:\/\/www.lrt.lt\/en\/news-in-english\/19\/2727098\/lithuanian-president-s-aide-urges-kinetic-measures-to-down-balloons-from-belarus\" role=\"link\" rel=\"nofollow noopener\" target=\"_blank\">Liettuan yleisradion LRT:n haastattelussa<\/a> kysymyksen, miten pallot ammuttaisiin. Ne lent\u00e4v\u00e4t 4 \u2013 6 kilometrin korkeudessa, joten k\u00e4siaseilla ampuminen on miltei mahdotonta.<\/p>\n<p class=\"aw-1gybjub aw-1p7kakr ghpEtB jtovHP yle__article__paragraph\">Tarvittavia \u201dkineettisi\u00e4 keinoja\u201d harkitaan seuraavassa hallituksen kokouksessa.<\/p>\n<p class=\"aw-1gybjub aw-1p7kakr ghpEtB jtovHP yle__article__paragraph\">L\u00e4hde: Reuters<\/p>\n","protected":false},"excerpt":{"rendered":"Salakuljettajien ilmapallot lent\u00e4v\u00e4t 4 \u2013 6 kilometrin korkeudessa. Avaa kuvien katselu Liettuan p\u00e4\u00e4ministeri Inga Ruginiene Varsovassa 7.10.2025. Kuva:&hellip;\n","protected":false},"author":2,"featured_media":74060,"comment_status":"","ping_status":"","sticky":false,"template":"","format":"standard","meta":{"footnotes":""},"categories":[14],"tags":[13258,22,23,26,27,33,31,30,17,16019,24,25,1224,8251,782,28,29,15,18,21,32,19,20,56,16,3194,9174,59,60,61],"class_list":{"0":"post-74059","1":"post","2":"type-post","3":"status-publish","4":"format-standard","5":"has-post-thumbnail","7":"category-ulkomaat","8":"tag-aljaksandr-lukasenka","9":"tag-breaking-news","10":"tag-breakingnews","11":"tag-featured-news","12":"tag-featurednews","13":"tag-fi","14":"tag-finland","15":"tag-finnish","16":"tag-headlines","17":"tag-ilmapallot","18":"tag-latest-news","19":"tag-latestnews","20":"tag-lentoliikenne","21":"tag-liettua","22":"tag-maanpuolustus","23":"tag-main-news","24":"tag-mainnews","25":"tag-news","26":"tag-otsikot","27":"tag-paauutiset","28":"tag-suomi","29":"tag-top-stories","30":"tag-topstories","31":"tag-ulkomaat","32":"tag-uutiset","33":"tag-valko-venaja","34":"tag-vilna","35":"tag-world","36":"tag-world-news","37":"tag-worldnews"},"share_on_mastodon":{"url":"https:\/\/pubeurope.com\/@fi\/115448874562004099","error":""},"_links":{"self":[{"href":"https:\/\/www.europesays.com\/fi\/wp-json\/wp\/v2\/posts\/74059","targetHints":{"allow":["GET"]}}],"collection":[{"href":"https:\/\/www.europesays.com\/fi\/wp-json\/wp\/v2\/posts"}],"about":[{"href":"https:\/\/www.europesays.com\/fi\/wp-json\/wp\/v2\/types\/post"}],"author":[{"embeddable":true,"href":"https:\/\/www.europesays.com\/fi\/wp-json\/wp\/v2\/users\/2"}],"replies":[{"embeddable":true,"href":"https:\/\/www.europesays.com\/fi\/wp-json\/wp\/v2\/comments?post=74059"}],"version-history":[{"count":0,"href":"https:\/\/www.europesays.com\/fi\/wp-json\/wp\/v2\/posts\/74059\/revisions"}],"wp:featuredmedia":[{"embeddable":true,"href":"https:\/\/www.europesays.com\/fi\/wp-json\/wp\/v2\/media\/74060"}],"wp:attachment":[{"href":"https:\/\/www.europesays.com\/fi\/wp-json\/wp\/v2\/media?parent=74059"}],"wp:term":[{"taxonomy":"category","embeddable":true,"href":"https:\/\/www.europesays.com\/fi\/wp-json\/wp\/v2\/categories?post=74059"},{"taxonomy":"post_tag","embeddable":true,"href":"https:\/\/www.europesays.com\/fi\/wp-json\/wp\/v2\/tags?post=74059"}],"curies":[{"name":"wp","href":"https:\/\/api.w.org\/{rel}","templated":true}]}}