{"id":74061,"date":"2025-10-28T00:06:12","date_gmt":"2025-10-28T00:06:12","guid":{"rendered":"https:\/\/www.europesays.com\/fi\/74061\/"},"modified":"2025-10-28T00:06:12","modified_gmt":"2025-10-28T00:06:12","slug":"ruotsinlaiva-muuttaa-aikatauluaan-varo-menemasta-satamaan-vanhasta-tottumuksesta","status":"publish","type":"post","link":"https:\/\/www.europesays.com\/fi\/74061\/","title":{"rendered":"Ruotsinlaiva muuttaa aikatauluaan \u2013 Varo menem\u00e4st\u00e4 satamaan vanhasta tottumuksesta"},"content":{"rendered":"<p>Tallink Silja muuttaa Baltic Princessin aikataulua asiakastoiveiden pohjalta.<\/p>\n<p><img decoding=\"async\" class=\"image image-show image-preview\" src=\"https:\/\/www.europesays.com\/fi\/wp-content\/uploads\/2025\/10\/20a6f0ec42dd6b387ab52400a74df0add24f44efbaac6d8490fc184e061ad204.jpg\" alt=\"\"\/><img decoding=\"async\" class=\"image image-show\" src=\"https:\/\/www.europesays.com\/fi\/wp-content\/uploads\/2025\/10\/1761609972_727_20a6f0ec42dd6b387ab52400a74df0add24f44efbaac6d8490fc184e061ad204.jpg\" alt=\"\"\/><\/p>\n<p>Baltic Princess liikenn\u00f6i Turun ja Tukholman v\u00e4lill\u00e4. Se pys\u00e4htyy matkalla Ahvenanmaalla. PEKKA LASSILA\/KL<\/p>\n<p class=\"paragraph\">Tallink Siljan Turku\u2013Tukholma-reitti\u00e4 kulkeva Baltic Princess muuttaa aikatauluaan. Joulukuun alusta l\u00e4htien laiva l\u00e4htee Turusta 45 minuuttia aikaisemmin, yhti\u00f6 kertoo <a href=\"https:\/\/news.cision.com\/fi\/tallink-silja-oy\/r\/turun-reitin-baltic-princessille-uusi-aikataulu-1-12-2025-alkaen,c4257237\" target=\"_blank\" rel=\"noopener nofollow\">tiedotteessaan<\/a>.<\/p>\n<p class=\"paragraph\">Tallink Siljan mukaan asiakkaat ovat toivoneet muutosta.<\/p>\n<p class=\"paragraph\">\u2013 Jatkossa Baltic Princessin 23 tunnin risteilyll\u00e4 on siis enemm\u00e4n aikaa l\u00e4ht\u00f6iltana, kun laiva l\u00e4htee Turusta jo klo 19.30. Aiemmin laiva l\u00e4hti Turusta klo 20.15.<\/p>\n<p class=\"paragraph\">Laivan saapumisaika Tukholmaan pysyy samana. Baltic Princess pys\u00e4htyy kello 6.10 paikallista aikaa ja l\u00e4htee satamasta kohti Suomea kello 7. Paluumatkalla laiva pys\u00e4htyy Maarianhaminan sijaan L\u00e5ngn\u00e4siss\u00e4. Turkuun Baltic Princess saapuu 45 minuuttia aikaisemmin eli kello 18.30.<\/p>\n<p class=\"paragraph\">Aikataulumuutos on voimassa 1.12.2025\u201329.5.2026 keskiviikosta sunnuntaihin.<\/p>\n","protected":false},"excerpt":{"rendered":"Tallink Silja muuttaa Baltic Princessin aikataulua asiakastoiveiden pohjalta. Baltic Princess liikenn\u00f6i Turun ja Tukholman v\u00e4lill\u00e4. Se pys\u00e4htyy matkalla&hellip;\n","protected":false},"author":2,"featured_media":74062,"comment_status":"","ping_status":"","sticky":false,"template":"","format":"standard","meta":{"footnotes":""},"categories":[12],"tags":[35,22,23,26,27,33,31,30,17,24,25,121,28,29,3036,3037,15,18,21,32,19,20,16,2569,2568],"class_list":{"0":"post-74061","1":"post","2":"type-post","3":"status-publish","4":"format-standard","5":"has-post-thumbnail","7":"category-suomi","8":"tag-24h","9":"tag-breaking-news","10":"tag-breakingnews","11":"tag-featured-news","12":"tag-featurednews","13":"tag-fi","14":"tag-finland","15":"tag-finnish","16":"tag-headlines","17":"tag-latest-news","18":"tag-latestnews","19":"tag-liikenne-ja-kuljetus","20":"tag-main-news","21":"tag-mainnews","22":"tag-meri-ja-rannikkoliikenne","23":"tag-meriliikenteen-henkilokuljetus","24":"tag-news","25":"tag-otsikot","26":"tag-paauutiset","27":"tag-suomi","28":"tag-top-stories","29":"tag-topstories","30":"tag-uutiset","31":"tag-vesikulkuneuvot","32":"tag-vesiliikenne"},"share_on_mastodon":{"url":"https:\/\/pubeurope.com\/@fi\/115448878475305805","error":""},"_links":{"self":[{"href":"https:\/\/www.europesays.com\/fi\/wp-json\/wp\/v2\/posts\/74061","targetHints":{"allow":["GET"]}}],"collection":[{"href":"https:\/\/www.europesays.com\/fi\/wp-json\/wp\/v2\/posts"}],"about":[{"href":"https:\/\/www.europesays.com\/fi\/wp-json\/wp\/v2\/types\/post"}],"author":[{"embeddable":true,"href":"https:\/\/www.europesays.com\/fi\/wp-json\/wp\/v2\/users\/2"}],"replies":[{"embeddable":true,"href":"https:\/\/www.europesays.com\/fi\/wp-json\/wp\/v2\/comments?post=74061"}],"version-history":[{"count":0,"href":"https:\/\/www.europesays.com\/fi\/wp-json\/wp\/v2\/posts\/74061\/revisions"}],"wp:featuredmedia":[{"embeddable":true,"href":"https:\/\/www.europesays.com\/fi\/wp-json\/wp\/v2\/media\/74062"}],"wp:attachment":[{"href":"https:\/\/www.europesays.com\/fi\/wp-json\/wp\/v2\/media?parent=74061"}],"wp:term":[{"taxonomy":"category","embeddable":true,"href":"https:\/\/www.europesays.com\/fi\/wp-json\/wp\/v2\/categories?post=74061"},{"taxonomy":"post_tag","embeddable":true,"href":"https:\/\/www.europesays.com\/fi\/wp-json\/wp\/v2\/tags?post=74061"}],"curies":[{"name":"wp","href":"https:\/\/api.w.org\/{rel}","templated":true}]}}