{"id":74077,"date":"2025-10-28T00:33:09","date_gmt":"2025-10-28T00:33:09","guid":{"rendered":"https:\/\/www.europesays.com\/fi\/74077\/"},"modified":"2025-10-28T00:33:09","modified_gmt":"2025-10-28T00:33:09","slug":"lukoil-ilmoittaa-aikovansa-myyda-kansainvalisia-omistuksiaan-uutisia-lyhyesti","status":"publish","type":"post","link":"https:\/\/www.europesays.com\/fi\/74077\/","title":{"rendered":"Lukoil ilmoittaa aikovansa myyd\u00e4 kansainv\u00e4lisi\u00e4 omistuksiaan | Uutisia lyhyesti"},"content":{"rendered":"<p><img decoding=\"async\" alt=\"Lukoil-yhti\u00f6n lippu liehuu rakennuksen edustalla Ven\u00e4j\u00e4ll\u00e4.\" src=\"https:\/\/www.europesays.com\/fi\/wp-content\/uploads\/2025\/10\/39-154434968ffacfd9617c.jpeg\" class=\"aw-1l9m598 hKVVvP\"\/><\/p>\n<p>Avaa kuvien katselu<\/p>\n<p>Lukoil kertoo aloittaneensa ostotarjousten harkinnan. Arkistokuva lokakuulta 2025. Kuva: Alexander Nemenov \/ AFP<\/p>\n<p>27.10. 19:01\u2022P\u00e4ivitetty 27.10. 19:20<\/p>\n<p class=\"aw-1gybjub aw-1p7kakr ghpEtB jtovHP yle__article__paragraph\">Ven\u00e4l\u00e4inen \u00f6ljy-yhti\u00f6 Lukoil ilmoittaa aikovansa myyd\u00e4 kansainv\u00e4lisi\u00e4 omistuksiaan. Se kertoo <a class=\"aw-iao6s4 iHOxEa yle__article__link\" href=\"https:\/\/www.lukoil.com\/PressCenter\/Pressreleases\/Pressrelease\/on-international-assets-of-lukoil-group\" role=\"link\" rel=\"nofollow noopener\" target=\"_blank\">tiedotteessaan<\/a>, ett\u00e4 syyn\u00e4 myyntiin ovat er\u00e4iden valtioiden yhti\u00f6t\u00e4 vastaan asettamat pakotteet.<\/p>\n<p class=\"aw-1gybjub aw-1p7kakr ghpEtB jtovHP yle__article__paragraph\">Lukoil omistaa Suomessa toimivan Teboilin.<\/p>\n<p class=\"aw-1gybjub aw-1p7kakr ghpEtB jtovHP yle__article__paragraph\">Tiedotteessa ei yksiselitteisesti kerrota sit\u00e4, onko Lukoilin tavoitteena myyd\u00e4 kaikki ulkomaiset omistuksensa vai pelk\u00e4st\u00e4\u00e4n osa niist\u00e4. Lukoil kertoo aloittaneensa ostotarjousten harkinnan.<\/p>\n<p class=\"aw-1gybjub aw-1p7kakr ghpEtB jtovHP yle__article__paragraph\">Yhdysvallat kertoi viime viikolla <a class=\"aw-iao6s4 iHOxEa yle__article__link\" href=\"https:\/\/yle.fi\/a\/74-20189919\" role=\"link\" rel=\"nofollow noopener\" target=\"_blank\">asettavansa pakotteita<\/a> Lukoilille ja toiselle ven\u00e4l\u00e4iselle \u00f6ljyj\u00e4tille Rosneftille.<\/p>\n<p class=\"aw-1gybjub aw-1p7kakr ghpEtB jtovHP yle__article__paragraph\">Aiemmin my\u00f6s Britannia kertoi asettavansa uusia Ven\u00e4j\u00e4-pakotteita, jotka kohdistuvat samoihin yrityksiin.<\/p>\n<p class=\"aw-1gybjub aw-1p7kakr ghpEtB jtovHP yle__article__paragraph\">Lukoil omistaa Euroopassa muun muassa Suomessa toimivan Teboilin, mutta sill\u00e4 on omistuksia laajalti my\u00f6s muualla Euroopassa.<\/p>\n<p class=\"aw-1gybjub aw-1p7kakr ghpEtB jtovHP yle__article__paragraph\">Yksi suurimmista kohteista on Bulgariassa toimiva Burgasin \u00f6ljynjalostamo. Lukoil on maan suurin raaka\u00f6ljyn maahantuoja ja se jalostaa laitoksellaan noin 190\u00a0000 tynnyrillist\u00e4 p\u00e4iv\u00e4ss\u00e4, kertoo uutistoimisto Reuters. Toinen yhti\u00f6n \u00f6ljynjalostamo Euroopassa on Petrotel-Lukoil Romaniassa l\u00e4hell\u00e4 maan p\u00e4\u00e4kaupunkia Bukarestia.<\/p>\n","protected":false},"excerpt":{"rendered":"Avaa kuvien katselu Lukoil kertoo aloittaneensa ostotarjousten harkinnan. Arkistokuva lokakuulta 2025. Kuva: Alexander Nemenov \/ AFP 27.10. 19:01\u2022P\u00e4ivitetty&hellip;\n","protected":false},"author":2,"featured_media":74078,"comment_status":"","ping_status":"","sticky":false,"template":"","format":"standard","meta":{"footnotes":""},"categories":[5],"tags":[22,23,2038,26,27,33,31,30,17,24,25,15597,28,29,15,18,21,32,19,20,56,16],"class_list":{"0":"post-74077","1":"post","2":"type-post","3":"status-publish","4":"format-standard","5":"has-post-thumbnail","7":"category-otsikot","8":"tag-breaking-news","9":"tag-breakingnews","10":"tag-energia","11":"tag-featured-news","12":"tag-featurednews","13":"tag-fi","14":"tag-finland","15":"tag-finnish","16":"tag-headlines","17":"tag-latest-news","18":"tag-latestnews","19":"tag-lukoil","20":"tag-main-news","21":"tag-mainnews","22":"tag-news","23":"tag-otsikot","24":"tag-paauutiset","25":"tag-suomi","26":"tag-top-stories","27":"tag-topstories","28":"tag-ulkomaat","29":"tag-uutiset"},"share_on_mastodon":{"url":"https:\/\/pubeurope.com\/@fi\/115448984584844536","error":""},"_links":{"self":[{"href":"https:\/\/www.europesays.com\/fi\/wp-json\/wp\/v2\/posts\/74077","targetHints":{"allow":["GET"]}}],"collection":[{"href":"https:\/\/www.europesays.com\/fi\/wp-json\/wp\/v2\/posts"}],"about":[{"href":"https:\/\/www.europesays.com\/fi\/wp-json\/wp\/v2\/types\/post"}],"author":[{"embeddable":true,"href":"https:\/\/www.europesays.com\/fi\/wp-json\/wp\/v2\/users\/2"}],"replies":[{"embeddable":true,"href":"https:\/\/www.europesays.com\/fi\/wp-json\/wp\/v2\/comments?post=74077"}],"version-history":[{"count":0,"href":"https:\/\/www.europesays.com\/fi\/wp-json\/wp\/v2\/posts\/74077\/revisions"}],"wp:featuredmedia":[{"embeddable":true,"href":"https:\/\/www.europesays.com\/fi\/wp-json\/wp\/v2\/media\/74078"}],"wp:attachment":[{"href":"https:\/\/www.europesays.com\/fi\/wp-json\/wp\/v2\/media?parent=74077"}],"wp:term":[{"taxonomy":"category","embeddable":true,"href":"https:\/\/www.europesays.com\/fi\/wp-json\/wp\/v2\/categories?post=74077"},{"taxonomy":"post_tag","embeddable":true,"href":"https:\/\/www.europesays.com\/fi\/wp-json\/wp\/v2\/tags?post=74077"}],"curies":[{"name":"wp","href":"https:\/\/api.w.org\/{rel}","templated":true}]}}