{"id":74094,"date":"2025-10-28T01:18:16","date_gmt":"2025-10-28T01:18:16","guid":{"rendered":"https:\/\/www.europesays.com\/fi\/74094\/"},"modified":"2025-10-28T01:18:16","modified_gmt":"2025-10-28T01:18:16","slug":"mikkelin-jukurien-paavalmentaja-jonne-virtanen-oli-pelaajaurallaan-pelatty-latkamorko","status":"publish","type":"post","link":"https:\/\/www.europesays.com\/fi\/74094\/","title":{"rendered":"Mikkelin Jukurien p\u00e4\u00e4valmentaja Jonne Virtanen oli pelaajaurallaan pel\u00e4tty l\u00e4tk\u00e4m\u00f6rk\u00f6"},"content":{"rendered":"<p>            Timo Korhonen\n        <\/p>\n<p class=\"subtitle \">Pel\u00e4tyst\u00e4 m\u00f6r\u00f6st\u00e4 on muodostunut liigan sensaatiovalmentaja.<\/p>\n<p class=\"article-content article-content-width !bg-background\">, 37, on liigakauden kiistaton sensaatiovalmentaja.<\/p>\n<p class=\"font-weight-bold m-font-weight-bold article-content article-content-width !bg-background\">Videolla Jukurien p\u00e4\u00e4valmentaja Jonne Virtanen &amp; el\u00e4m\u00e4\u00e4 Mikkeliss\u00e4:<\/p>\n<p class=\"article-content article-content-width !bg-background\">Turkulainen Jonne tunnettiin pelaajaurallaan pelottavana tapauksena. Hirmuisen isona ja vahvana miehen\u00e4, jonka hermot meniv\u00e4t helposti.<\/p>\n<p class=\"article-content article-content-width !bg-background\">Oli tappeluita, ylily\u00f6ntej\u00e4 ja pelikieltoja. Kukaan ei halunnut j\u00e4\u00e4d\u00e4 \u201dMonsterimonnin\u201d jyr\u00e4\u00e4m\u00e4ksi. Vastustajien oli aina tiedett\u00e4v\u00e4, miss\u00e4 p\u00e4in j\u00e4\u00e4t\u00e4 Jonne liikkui.<\/p>\n<p class=\"article-content article-content-width !bg-background\">Kaukaloiden kauhukakara lopetti pelaajauransa kev\u00e4\u00e4ll\u00e4 2022. Sen j\u00e4lkeen h\u00e4n h\u00e4mm\u00e4stytti siirrytty\u00e4\u00e4n valmennusteht\u00e4viin.<\/p>\n<p>                <img decoding=\"async\" src=\"https:\/\/www.europesays.com\/fi\/wp-content\/uploads\/2025\/10\/1974280.webp\" width=\"576\" height=\"322\" alt=\"Jukureiden p\u00e4\u00e4valmentaja, l\u00e4hes kaksimetrinen Jonne Virtanen on n\u00e4ytt\u00e4v\u00e4 ilmestys. Vieress\u00e4 toinen sensaatiovalmentaja, SaiPan Raimo Helminen.\" loading=\"lazy\" \/>            <\/p>\n<p>\n            Jukureiden p\u00e4\u00e4valmentaja, l\u00e4hes kaksimetrinen Jonne Virtanen on n\u00e4ytt\u00e4v\u00e4 ilmestys. Vieress\u00e4 toinen sensaatiovalmentaja, SaiPan Raimo Helminen.<br \/>\n            Mikko Lieri\n        <\/p>\n<p>J\u00e4\u00e4t\u00e4v\u00e4\u00e4 j\u00e4lke\u00e4<\/p>\n<p class=\"article-content article-content-width !bg-background\">T\u00e4n\u00e4 syksyn\u00e4 h\u00e4mm\u00e4stely on vain lis\u00e4\u00e4ntynyt \u2013 positiivisessa mieless\u00e4.<\/p>\n<p class=\"article-content article-content-width !bg-background\">Jonne on luotsannut Mikkelin Jukurit hirmuiseen iskuun. Viime kauden heittopussi keikkuu vastoin kaikkia odotuksia liigan k\u00e4rkikahinoissa.<\/p>\n<p>        <a itemprop=\"url\" href=\"https:\/\/www.seiska.fi\/urheilu\/seiska-paljastaa-sm-liigan-paavalmentaja-asuu-karuissa-oloissa-ikavoi-perhettaan\/1968425\" rel=\"nofollow noopener\" target=\"_blank\"><\/p>\n<p>\nSensaatiovalmentaja Jonne Virtanen\n<\/p>\n<p class=\"section-date\">\n        <strong class=\"article-section\" data-section=\"urheilu\"><br \/>\n            urheilu<br \/>\n        <\/strong><br \/>\n        25.10. 09:00\n    <\/p>\n<p>Seiska paljastaa! SM-liigan p\u00e4\u00e4valmentaja asuu karuissa oloissa \u2013 ik\u00e4v\u00f6i perhett\u00e4\u00e4n\n    <\/p>\n<p itemprop=\"description\" class=\"subtitle \">\n    Ex-kohukiekkoilija Jonne Virtanen tekee kovaa j\u00e4lke\u00e4 Jukureissa. Hintakin on kova.\n<\/p>\n<p>        <\/a><\/p>\n<p class=\"article-content article-content-width !bg-background\">Viime kaudella susisurkea Jukurit ker\u00e4si vain onnettomat 49 pistett\u00e4. Jo nyt sill\u00e4 on koossa 29 pojoa.<\/p>\n<p class=\"article-content article-content-width !bg-background\">Siit\u00e4 suurin kiitos kuuluu luonnollisesti pelaajille, mutta my\u00f6s Virtaselle, joka on saanut etel\u00e4savolaisen \u201dheimon\u201d sensaatiomaiseen vireeseen.<\/p>\n<p>                <img decoding=\"async\" src=\"https:\/\/www.europesays.com\/fi\/wp-content\/uploads\/2025\/10\/1974282.webp\" width=\"576\" height=\"322\" alt=\"Jonne sai Jukureilta ansaitun jatkosopimuksen.\" loading=\"lazy\" \/>            <\/p>\n<p>\n            Jonne sai Jukureilta ansaitun jatkosopimuksen.<br \/>\n            Tomi Natri \/ All Over Press\n        <\/p>\n<p>L\u00f6pisee levottomia<\/p>\n<p class=\"article-content article-content-width !bg-background\">Valmentaja-Virtanen on huomattavasti pelaajaversiota rauhallisempi, mutta s\u00e4rm\u00e4\u00e4 on silti j\u00e4ljell\u00e4.<\/p>\n<p>        <a itemprop=\"url\" href=\"https:\/\/www.seiska.fi\/urheilu\/juhamatti-aaltonen-tykittaa-nama-ovat-sm-liigan-surkeimmat-vieraspaikkakunnat\/1933735\" rel=\"nofollow noopener\" target=\"_blank\"><\/p>\n<p>\nJuhamatti Aaltonen tykitt\u00e4\u00e4!\n<\/p>\n<p class=\"section-date\">\n        <strong class=\"article-section\" data-section=\"urheilu\"><br \/>\n            urheilu<br \/>\n        <\/strong><br \/>\n        21.9. 18:00\n    <\/p>\n<p>Juhamatti Aaltonen tykitt\u00e4\u00e4! N\u00e4m\u00e4 ovat SM-liigan surkeimmat vieraspaikkakunnat\n    <\/p>\n<p itemprop=\"description\" class=\"subtitle \">\n    Entinen l\u00e4tk\u00e4t\u00e4hti sivaltaa Seiskalle sensuroimattoman mielipiteens\u00e4.\n<\/p>\n<p>        <\/a><\/p>\n<p class=\"article-content article-content-width !bg-background\">H\u00e4n on puhunut aivan hiljattainkin levottomia lehdist\u00f6tilaisuuksissa: kikkeleist\u00e4, melasta ja housuun kakkaamisesta.<\/p>\n<p class=\"article-content article-content-width !bg-background\">P\u00e4\u00e4s\u00e4\u00e4nt\u00f6isesti Jonne on rauhallinen nallekarhu. Toisinaan leppoisa olemus murtuu ja \u201dvanha kunnon\u201d Virtanen puskee esiin.<\/p>\n<p>                <img decoding=\"async\" src=\"https:\/\/www.europesays.com\/fi\/wp-content\/uploads\/2025\/10\/1974284.webp\" width=\"576\" height=\"720\" alt=\"Pel\u00e4tyll\u00e4 ex-kiekkom\u00f6r\u00f6ll\u00e4 paloivat k\u00e4\u00e4mit asuntolansa ovensuussa Mikkeliss\u00e4.\" loading=\"lazy\" \/>            <\/p>\n<p>\n            Pel\u00e4tyll\u00e4 ex-kiekkom\u00f6r\u00f6ll\u00e4 paloivat k\u00e4\u00e4mit asuntolansa ovensuussa Mikkeliss\u00e4.<br \/>\n            Timo Korhonen\n        <\/p>\n<p>Yh\u00e4 lyhyt pinna<\/p>\n<p class=\"article-content article-content-width !bg-background\">Syksyll\u00e4 2023 Mestis-seura TuToa valmentanut Jonne raivostui tuomareille ja alkoi paiskoa tavaraa j\u00e4\u00e4lle. Siit\u00e4 seurasi nelj\u00e4n ottelun toimintakielto.<\/p>\n<p class=\"article-content article-content-width !bg-background\">My\u00f6s Seiskan haastattelun aikana pinna kiristyy kertaalleen Mikkelin pimenev\u00e4ss\u00e4 illassa koutsin omalla kotiovella.<\/p>\n<p>        <a itemprop=\"url\" href=\"https:\/\/www.seiska.fi\/urheilu\/paljastus-sami-kapasen-asumiskuvioista\/1932379\" rel=\"nofollow noopener\" target=\"_blank\"><\/p>\n<p>\nSami Kapanen Seiskalle:\n<\/p>\n<p class=\"section-date\">\n        <strong class=\"article-section\" data-section=\"urheilu\"><br \/>\n            urheilu<br \/>\n        <\/strong><br \/>\n        20.9. 10:00\n    <\/p>\n<p>Paljastus Sami Kapasen asumiskuvioista\n    <\/p>\n<p itemprop=\"description\" class=\"subtitle \">\n    Lahteen asettuneen l\u00e4tk\u00e4t\u00e4hden Kuopion-lukaali on yh\u00e4 kaupan.\n<\/p>\n<p>        <\/a><\/p>\n<p class=\"article-content article-content-width !bg-background\">\u2013 Voi vittu! h\u00e4n puuskahtaa, kun ei meinaa p\u00e4\u00e4st\u00e4 takaisin asuntoonsa. Sen ovea ei avata avaimella, vaan puhelimeen p\u00e4r\u00e4ht\u00e4v\u00e4ll\u00e4 koodilla, jonka kanssa ex-kiekkoilijalla on haasteita.<\/p>\n<p class=\"article-content article-content-width !bg-background\">\u2013 Saatana n\u00e4iden kanssa\u2026 h\u00e4n puhisee naama punaisena.<\/p>\n<p>                <img decoding=\"async\" src=\"https:\/\/www.europesays.com\/fi\/wp-content\/uploads\/2025\/10\/1974287.webp\" width=\"576\" height=\"720\" alt=\"Jonnen pulssi tasaantui p\u00e4\u00e4sty\u00e4\u00e4n sis\u00e4\u00e4n asuntoonsa.\" loading=\"lazy\" \/>            <\/p>\n<p>\n            Jonnen pulssi tasaantui p\u00e4\u00e4sty\u00e4\u00e4n sis\u00e4\u00e4n asuntoonsa.<br \/>\n            Timo Korhonen\n        <\/p>\n<p>Valmennus valvottaa<\/p>\n<p class=\"article-content article-content-width !bg-background\">T\u00e4ll\u00e4 kertaa lyhyt pinna saattaa johtua v\u00e4symyksest\u00e4. Jonne paljastaa valvoneensa l\u00e4hes koko y\u00f6n Lahden Pelicansille k\u00e4rsityn tappion j\u00e4lkeen.<\/p>\n<p class=\"article-content article-content-width !bg-background\">\u2013 En saanut unta, kun vitutti niin paljon. V\u00e4lill\u00e4 niin k\u00e4y, kun oma k\u00e4denj\u00e4lki ei miellyt\u00e4 joukkueen pelaamisessa. Sitten vituttaa, ja sitten ei nukuta.<\/p>\n<p>\n            L\u00e4hinn\u00e4 oma tyhmyys on vituttanut.\n            <\/p>\n<p class=\"article-content article-content-width !bg-background\">H\u00e4n purskahtaa hermostuneeseen nauruun kysytt\u00e4ess\u00e4, onko koskaan uinut syviss\u00e4 vesiss\u00e4.<\/p>\n<p class=\"article-content article-content-width !bg-background\">\u2013 No olen! Ja ihan itse aiheutetusti.<\/p>\n<p class=\"article-content article-content-width !bg-background\">\u2013 L\u00e4hinn\u00e4 oma tyhmyys on vituttanut. Esimerkkej\u00e4 olisi vaikka kuinka paljon, muttei menn\u00e4 niihin. Ettei ala vituttaa uudelleen.<\/p>\n<p>                <img decoding=\"async\" src=\"https:\/\/www.europesays.com\/fi\/wp-content\/uploads\/2025\/10\/1974291.webp\" width=\"576\" height=\"322\" alt=\"Sensaatiovalmentaja my\u00f6nt\u00e4\u00e4 viett\u00e4v\u00e4ns\u00e4 unettomia \u00f6it\u00e4, jollei Jukureiden peli kulje.\" loading=\"lazy\" \/>            <\/p>\n<p>\n            Sensaatiovalmentaja my\u00f6nt\u00e4\u00e4 viett\u00e4v\u00e4ns\u00e4 unettomia \u00f6it\u00e4, jollei Jukureiden peli kulje.<br \/>\n            Timo Korhonen\n        <\/p>\n<p>Huono omatunto<\/p>\n<p class=\"article-content article-content-width !bg-background\">Valvotut y\u00f6t eiv\u00e4t kuulosta hyv\u00e4lt\u00e4. Syksyn sensaatiovalmentaja tunnustaa tehneens\u00e4 t\u00f6it\u00e4 sen eteen, ettei ottaisi j\u00e4\u00e4kiekkoa ihan niin vakavasti.<\/p>\n<p>\n            Siit\u00e4 on huono omatunto, ett\u00e4 olen ollut is\u00e4n\u00e4 ja puolisona poissaoleva.\n            <\/p>\n<p class=\"article-content article-content-width !bg-background\">\u2013 Pelaajauralla l\u00e4tk\u00e4 meni v\u00e4lill\u00e4 niin t\u00e4rke\u00e4ksi, ettei se en\u00e4\u00e4 ollut tervett\u00e4.<\/p>\n<p class=\"article-content article-content-width !bg-background\">\u2013 Siit\u00e4 on huono omatunto, ett\u00e4 olen ollut is\u00e4n\u00e4 ja puolisona poissaoleva. Nyt olen oppinut paremmin feikkaamaan sen, ett\u00e4 ty\u00f6t j\u00e4\u00e4v\u00e4t hallille.<\/p>\n<p>                <img decoding=\"async\" src=\"https:\/\/www.europesays.com\/fi\/wp-content\/uploads\/2025\/10\/1974295.webp\" width=\"576\" height=\"720\" alt=\"Turkulainen Jonne ik\u00e4v\u00f6i perhett\u00e4\u00e4n Mikkeliss\u00e4.\" loading=\"lazy\" \/>            <\/p>\n<p>\n            Turkulainen Jonne ik\u00e4v\u00f6i perhett\u00e4\u00e4n Mikkeliss\u00e4.<br \/>\n            Timo Korhonen\n        <\/p>\n<p>T\u00e4ht\u00e4\u00e4 korkealle<\/p>\n<p class=\"article-content article-content-width !bg-background\">Jukureiden p\u00e4\u00e4valmentaja kiittelee viel\u00e4 vuolaasti perhett\u00e4\u00e4n, joka mahdollistaa isukille unelmiensa valmennusty\u00f6n.<\/p>\n<p class=\"article-content article-content-width !bg-background\">\u2013 El\u00e4m\u00e4ni py\u00f6rii t\u00e4\u00e4ll\u00e4 Mikkeliss\u00e4 t\u00e4ysin ty\u00f6n ymp\u00e4rill\u00e4. Ei t\u00e4m\u00e4 mit\u00e4\u00e4n normiduunia ole, vaan puhdasta intohimohommaa.<\/p>\n<p>\n            T\u00e4ss\u00e4 hommassa ei voi tehd\u00e4 10-vuotissuunnitelmia.\n            <\/p>\n<p class=\"article-content article-content-width !bg-background\">Mihin asti intohimo ajaa nuorta valmentajaa? Jonne sanoo suoraan t\u00e4ht\u00e4\u00e4v\u00e4ns\u00e4 mahdollisimman korkealle sarjatasolle.<\/p>\n<p>        <a itemprop=\"url\" href=\"https:\/\/www.seiska.fi\/urheilu\/nyt-puhuu-rikas-mies-juhamatti-aaltonen-teki-jattirahat-kun-tienaat-hyvin\/1933247\" rel=\"nofollow noopener\" target=\"_blank\"><\/p>\n<p>\nSeiskan erikoishaastattelu\n<\/p>\n<p class=\"section-date\">\n        <strong class=\"article-section\" data-section=\"urheilu\"><br \/>\n            urheilu<br \/>\n        <\/strong><br \/>\n        18.9. 06:30\n    <\/p>\n<p>Nyt puhuu rikas mies! Juhamatti Aaltonen teki j\u00e4ttirahat \u2013 \u201dKun tienaat hyvin\u2026\u201d\n    <\/p>\n<p itemprop=\"description\" class=\"subtitle \">\n    Iin ihmemies ajeli aikoinaan nopeilla autoilla ja pisti muutenkin haisemaan.\n<\/p>\n<p>        <\/a><\/p>\n<p class=\"article-content article-content-width !bg-background\">\u2013 T\u00e4ss\u00e4 hommassa ei voi tehd\u00e4 10-vuotissuunnitelmia, mutta haluan valmentaa pitk\u00e4\u00e4n. Tykk\u00e4\u00e4n t\u00e4st\u00e4 ja haluan tietenkin voittaa.<\/p>\n<p>                <img decoding=\"async\" src=\"https:\/\/www.europesays.com\/fi\/wp-content\/uploads\/2025\/10\/1974297.webp\" width=\"576\" height=\"720\" alt=\"Laatuty\u00f6t\u00e4 tekev\u00e4 herra Virtanen t\u00e4ht\u00e4\u00e4 korkealle.\" loading=\"lazy\" \/>            <\/p>\n<p>\n            Laatuty\u00f6t\u00e4 tekev\u00e4 herra Virtanen t\u00e4ht\u00e4\u00e4 korkealle.<br \/>\n            Timo Korhonen\n        <\/p>\n","protected":false},"excerpt":{"rendered":"Timo Korhonen Pel\u00e4tyst\u00e4 m\u00f6r\u00f6st\u00e4 on muodostunut liigan sensaatiovalmentaja. , 37, on liigakauden kiistaton sensaatiovalmentaja. Videolla Jukurien p\u00e4\u00e4valmentaja Jonne&hellip;\n","protected":false},"author":2,"featured_media":74095,"comment_status":"","ping_status":"","sticky":false,"template":"","format":"standard","meta":{"footnotes":""},"categories":[158],"tags":[33,31,30,16022,7681,685,9657,3451,16023,159,32,160,1700],"class_list":{"0":"post-74094","1":"post","2":"type-post","3":"status-publish","4":"format-standard","5":"has-post-thumbnail","7":"category-urheilu","8":"tag-fi","9":"tag-finland","10":"tag-finnish","11":"tag-jonne-virtanen","12":"tag-liiga","13":"tag-mikkeli","14":"tag-mikkelin-jukurit","15":"tag-paavalmentaja","16":"tag-sensaatiovalmentaja","17":"tag-sports","18":"tag-suomi","19":"tag-urheilu","20":"tag-urheilulaji"},"share_on_mastodon":{"url":"https:\/\/pubeurope.com\/@fi\/115449161855965404","error":""},"_links":{"self":[{"href":"https:\/\/www.europesays.com\/fi\/wp-json\/wp\/v2\/posts\/74094","targetHints":{"allow":["GET"]}}],"collection":[{"href":"https:\/\/www.europesays.com\/fi\/wp-json\/wp\/v2\/posts"}],"about":[{"href":"https:\/\/www.europesays.com\/fi\/wp-json\/wp\/v2\/types\/post"}],"author":[{"embeddable":true,"href":"https:\/\/www.europesays.com\/fi\/wp-json\/wp\/v2\/users\/2"}],"replies":[{"embeddable":true,"href":"https:\/\/www.europesays.com\/fi\/wp-json\/wp\/v2\/comments?post=74094"}],"version-history":[{"count":0,"href":"https:\/\/www.europesays.com\/fi\/wp-json\/wp\/v2\/posts\/74094\/revisions"}],"wp:featuredmedia":[{"embeddable":true,"href":"https:\/\/www.europesays.com\/fi\/wp-json\/wp\/v2\/media\/74095"}],"wp:attachment":[{"href":"https:\/\/www.europesays.com\/fi\/wp-json\/wp\/v2\/media?parent=74094"}],"wp:term":[{"taxonomy":"category","embeddable":true,"href":"https:\/\/www.europesays.com\/fi\/wp-json\/wp\/v2\/categories?post=74094"},{"taxonomy":"post_tag","embeddable":true,"href":"https:\/\/www.europesays.com\/fi\/wp-json\/wp\/v2\/tags?post=74094"}],"curies":[{"name":"wp","href":"https:\/\/api.w.org\/{rel}","templated":true}]}}