{"id":74096,"date":"2025-10-28T01:22:11","date_gmt":"2025-10-28T01:22:11","guid":{"rendered":"https:\/\/www.europesays.com\/fi\/74096\/"},"modified":"2025-10-28T01:22:11","modified_gmt":"2025-10-28T01:22:11","slug":"nyt-tulevat-sadan-tunnin-tyoviikot","status":"publish","type":"post","link":"https:\/\/www.europesays.com\/fi\/74096\/","title":{"rendered":"Nyt tulevat sadan tunnin ty\u00f6viikot"},"content":{"rendered":"<p>Teko\u00e4lykilpailu vie ty\u00f6ntekij\u00e4t \u00e4\u00e4rirajoille.<\/p>\n<p><img decoding=\"async\" class=\"image image-show image-preview\" src=\"https:\/\/www.europesays.com\/fi\/wp-content\/uploads\/2025\/10\/3b69e41c87838a6603fe125742973ac748f2d3665709d3b480b82abd0cdb08a6.jpg\" alt=\"\"\/><img decoding=\"async\" class=\"image image-show\" src=\"https:\/\/www.europesays.com\/fi\/wp-content\/uploads\/2025\/10\/1761614531_746_3b69e41c87838a6603fe125742973ac748f2d3665709d3b480b82abd0cdb08a6.jpg\" alt=\"\"\/><\/p>\n<p>Useat teko\u00e4lyn parissa ty\u00f6skentelev\u00e4t huippututkijat pit\u00e4v\u00e4t ty\u00f6t\u00e4\u00e4n kriittisen\u00e4 juuri nyt k\u00e4sill\u00e4 olevalla historiallisella l\u00e4pimurron hetkell\u00e4. Kuvituskuva. Arsenii Palivoda \/ Alamy Stock Photo<\/p>\n<p class=\"paragraph\">Muistatko viel\u00e4 yhdysvaltalaisen <a href=\"https:\/\/www.iltalehti.fi\/ulkomaat\/81a6080a-93c2-45ea-933a-de28b305859e\" rel=\"nofollow noopener\" target=\"_blank\">9-9-6-ty\u00f6viikon<\/a>, joka tarkoitti ty\u00f6skentely\u00e4 yhdeks\u00e4st\u00e4 yhdeks\u00e4\u00e4n, kuutena p\u00e4iv\u00e4n\u00e4 viikossa?<\/p>\n<p class=\"paragraph\">Unohda se, sill\u00e4 nyt tulee 0-0-2-ty\u00f6viikko, joka tarkoittaa ty\u00f6t\u00e4 keskiy\u00f6st\u00e4 keskiy\u00f6h\u00f6n, kahden tunnin tauolla viikonloppuisin.<\/p>\n<p class=\"paragraph\">Wall Street Journal <a href=\"https:\/\/www.wsj.com\/tech\/ai\/ai-race-tech-workers-schedule-1ea9a116?mod=hp_lead_pos3\" target=\"_blank\" rel=\"noopener nofollow\">kertoo<\/a>, kuinka Piilaakson huipputason teko\u00e4lytutkijat ja johtajat ty\u00f6skentelev\u00e4t kovan kilpailun ajamina jopa 80\u2013100 tuntia viikossa.<\/p>\n<p class=\"paragraph\">Teknologiaj\u00e4tit kuten Microsoft, Google, Meta, Apple ja OpenAI k\u00e4yv\u00e4t armotonta taistelua teko\u00e4lyosaajista. Palkat ovat viime vuosina moninkertaistuneet, mutta useat ty\u00f6ntekij\u00e4t kertovat, etteiv\u00e4t he ehdi edes k\u00e4ytt\u00e4\u00e4 miljoonaomaisuuksiaan, sill\u00e4 kaikki aika menee ty\u00f6ntekoon.<\/p>\n<p class=\"paragraph\">WSJ:n mukaan joissain startup-yrityksiss\u00e4 80 tunnin ty\u00f6viikko on jopa kirjattu ty\u00f6sopimuksiin, mutta useimmiten ty\u00f6ntekij\u00e4t venyv\u00e4t omasta tahdostaan. Monille ty\u00f6 on enemm\u00e4nkin<strong> <\/strong>tieteellinen intohimo kuin pelkk\u00e4 ura.<\/p>\n<p>Vapaaehtoisesti<\/p>\n<p class=\"paragraph\">Yritykset ovat alkaneet mukautua. Toimistot ovat auki ymp\u00e4ri vuorokauden ja ty\u00f6ntekij\u00f6ille tarjotaan ruokaa kellon ymp\u00e4ri ja viikonloppuisin.<\/p>\n<p class=\"paragraph\">Vaikka ty\u00f6ntekij\u00e4t valittavat uupumusta ja sosiaalisen el\u00e4m\u00e4n puutteetta, he sanovat WSJ:n mukaan tekev\u00e4ns\u00e4 pitk\u00e4\u00e4 p\u00e4iv\u00e4\u00e4 vapaaehtoisesti.<\/p>\n<p class=\"paragraph\">\u2013 Et halua p\u00e4\u00e4st\u00e4\u00e4 hyvi\u00e4 ideoita karkuun.<\/p>\n<p class=\"paragraph\">Kellon ymp\u00e4ri ty\u00f6skentely keskittyy kuitenkin vain pieneen osaan koko teko\u00e4lyteollisuutta.<\/p>\n<p class=\"paragraph\">Kysymys on usein pienist\u00e4 tiimeist\u00e4, joissa yritet\u00e4\u00e4n parantaa ydinteko\u00e4lymalleja, hy\u00f6dynt\u00e4\u00e4 uusia ominaisuuksia ja sis\u00e4llytt\u00e4\u00e4 niit\u00e4 uusiin tuotteisiin.<\/p>\n<p class=\"paragraph\">Microsoftin AI-tuotejohtaja <strong>Aparna Chennapragada<\/strong> huomauttaa, ett\u00e4 teko\u00e4lyn aikakausi etenee paljon nopeammin kuin aiemmat teknologia-aallot. L\u00e4hes kaikki Fortune 500 -yritykset k\u00e4ytt\u00e4v\u00e4t jo AI-tuotteita.<\/p>\n<p class=\"paragraph\">Chennapragada painottaa, ett\u00e4 ty\u00f6ntekij\u00f6iden ei pit\u00e4isi ty\u00f6skennell\u00e4 kellon ymp\u00e4ri. Teko\u00e4lyn pit\u00e4isi tehd\u00e4 se heid\u00e4n puolestaan.<\/p>\n","protected":false},"excerpt":{"rendered":"Teko\u00e4lykilpailu vie ty\u00f6ntekij\u00e4t \u00e4\u00e4rirajoille. Useat teko\u00e4lyn parissa ty\u00f6skentelev\u00e4t huippututkijat pit\u00e4v\u00e4t ty\u00f6t\u00e4\u00e4n kriittisen\u00e4 juuri nyt k\u00e4sill\u00e4 olevalla historiallisella l\u00e4pimurron&hellip;\n","protected":false},"author":2,"featured_media":74097,"comment_status":"","ping_status":"","sticky":false,"template":"","format":"standard","meta":{"footnotes":""},"categories":[76],"tags":[35,79,77,33,31,30,32,78,487,149,860,3512,3515],"class_list":{"0":"post-74096","1":"post","2":"type-post","3":"status-publish","4":"format-standard","5":"has-post-thumbnail","7":"category-talous","8":"tag-24h","9":"tag-business","10":"tag-economy","11":"tag-fi","12":"tag-finland","13":"tag-finnish","14":"tag-suomi","15":"tag-talous","16":"tag-teknologia-yleista","17":"tag-tietojenkasittely-ja-informaatioteknologia","18":"tag-tyoelama","19":"tag-tyontekijat","20":"tag-tyovoima"},"share_on_mastodon":{"url":"https:\/\/pubeurope.com\/@fi\/115449177438306408","error":""},"_links":{"self":[{"href":"https:\/\/www.europesays.com\/fi\/wp-json\/wp\/v2\/posts\/74096","targetHints":{"allow":["GET"]}}],"collection":[{"href":"https:\/\/www.europesays.com\/fi\/wp-json\/wp\/v2\/posts"}],"about":[{"href":"https:\/\/www.europesays.com\/fi\/wp-json\/wp\/v2\/types\/post"}],"author":[{"embeddable":true,"href":"https:\/\/www.europesays.com\/fi\/wp-json\/wp\/v2\/users\/2"}],"replies":[{"embeddable":true,"href":"https:\/\/www.europesays.com\/fi\/wp-json\/wp\/v2\/comments?post=74096"}],"version-history":[{"count":0,"href":"https:\/\/www.europesays.com\/fi\/wp-json\/wp\/v2\/posts\/74096\/revisions"}],"wp:featuredmedia":[{"embeddable":true,"href":"https:\/\/www.europesays.com\/fi\/wp-json\/wp\/v2\/media\/74097"}],"wp:attachment":[{"href":"https:\/\/www.europesays.com\/fi\/wp-json\/wp\/v2\/media?parent=74096"}],"wp:term":[{"taxonomy":"category","embeddable":true,"href":"https:\/\/www.europesays.com\/fi\/wp-json\/wp\/v2\/categories?post=74096"},{"taxonomy":"post_tag","embeddable":true,"href":"https:\/\/www.europesays.com\/fi\/wp-json\/wp\/v2\/tags?post=74096"}],"curies":[{"name":"wp","href":"https:\/\/api.w.org\/{rel}","templated":true}]}}