{"id":74106,"date":"2025-10-28T01:38:06","date_gmt":"2025-10-28T01:38:06","guid":{"rendered":"https:\/\/www.europesays.com\/fi\/74106\/"},"modified":"2025-10-28T01:38:06","modified_gmt":"2025-10-28T01:38:06","slug":"espanjassa-alicanten-lentokentta-suljettiin-muutamaksi-tunniksi-mahdollisten-droonihavaintojen-vuoksi-yle","status":"publish","type":"post","link":"https:\/\/www.europesays.com\/fi\/74106\/","title":{"rendered":"Espanjassa Alicanten lentokentt\u00e4 suljettiin muutamaksi tunniksi mahdollisten droonihavaintojen vuoksi. &#8211; Yle"},"content":{"rendered":"<ol>\n<li><a href=\"https:\/\/news.google.com\/rss\/articles\/CBMiVkFVX3lxTE5ETmFnQlNfVGdUYVY1d2lRdjhZck8za2huMk12Uy1LT3lmTGVWSXFaT1phZ0ljZzVMRXdScUFHWlVRMXJDS1o0R1pYR2hsRHJiNFRURnhB?oc=5\" target=\"_blank\" rel=\"nofollow noopener\">Espanjassa Alicanten lentokentt\u00e4 suljettiin muutamaksi tunniksi mahdollisten droonihavaintojen vuoksi.<\/a>&nbsp;&nbsp;Yle<\/li>\n<li><a href=\"https:\/\/news.google.com\/rss\/articles\/CBMiXEFVX3lxTFBNZ3VUVEoxY2ZGZWRZVUhOZHVtcnpCeFdPemZOUm14Q0RQdWRPVTlCZTlIMUFxSVhVb25sUHJubUNTMHdncGNJMHYzTEhnbTZ4eE5nOW44NVd3LWJD?oc=5\" target=\"_blank\" rel=\"nofollow noopener\">Louvren koruvarkaus | Ep\u00e4iltyjen j\u00e4ljille p\u00e4\u00e4stiin heid\u00e4n huolimattomuutensa takia<\/a>&nbsp;&nbsp;HS.fi<\/li>\n<li><a href=\"https:\/\/news.google.com\/rss\/articles\/CBMiXkFVX3lxTE95Rk1PMkhETTdvM0p6eE41NUgxVnpCb0VCcEF4emJhNkVmVkhacFVjR2doVTBINUxlampEX1BBV1pjQ2VvdmtiUlJNcm10akRMZEkzNzFBc0dNUXdMaHc?oc=5\" target=\"_blank\" rel=\"nofollow noopener\">Louvren jalokivivarkaus: Pid\u00e4tys lentoasemalla<\/a>&nbsp;&nbsp;Ilta-Sanomat<\/li>\n<li><a href=\"https:\/\/news.google.com\/rss\/articles\/CBMibkFVX3lxTE1LUGt0RGxZVG9JUm1pSEZoS2VJNjY5OEtpTnBzdHh1R0pfejdnWFlBWVU5eldFTnA2WERxNDRadVA2eXpfNXJ6Z3g4eVNUWmNkTGN2MGxmVkU4RVNzTHg1MXQ3Tjl4NUZHNEVOWUVB?oc=5\" target=\"_blank\" rel=\"nofollow noopener\">Louvren koruvarkaus | Le Parisien: Kaksi miest\u00e4 otettu kiinni ep\u00e4iltyn\u00e4 murrosta<\/a>&nbsp;&nbsp;Satakunnan Kansa<\/li>\n<li><a href=\"https:\/\/news.google.com\/rss\/articles\/CBMifEFVX3lxTE94R1dHVzJhZzVEUm5rUkM3aS1aR2Jmel9lNjNqcTkzVGpmblZyemc0NkpYajZWdDNVQjg0R3EtMHBwdVdFWjA4YlhKbmUyMXk4LVVkd3dtMTEwZC1uYnVUR281NnliZ3ptajJVZi03WTFvRllwN3JKZDdfaE4?oc=5\" target=\"_blank\" rel=\"nofollow noopener\">Kaksi Louvren ry\u00f6st\u00f6st\u00e4 ep\u00e4ilty\u00e4 saatu kiinni \u2013 Ep\u00e4ily: Varkaat saivat apua museon vartijalta<\/a>&nbsp;&nbsp;Iltalehti<\/li>\n<\/ol>\n","protected":false},"excerpt":{"rendered":"Espanjassa Alicanten lentokentt\u00e4 suljettiin muutamaksi tunniksi mahdollisten droonihavaintojen vuoksi.&nbsp;&nbsp;Yle Louvren koruvarkaus | Ep\u00e4iltyjen j\u00e4ljille p\u00e4\u00e4stiin heid\u00e4n huolimattomuutensa takia&nbsp;&nbsp;HS.fi&hellip;\n","protected":false},"author":2,"featured_media":74,"comment_status":"","ping_status":"","sticky":false,"template":"","format":"standard","meta":{"footnotes":""},"categories":[135],"tags":[389,387,388,390,137,33,31,30,32,394,393,391,392,109],"class_list":{"0":"post-74106","1":"post","2":"type-post","3":"status-publish","4":"format-standard","5":"has-post-thumbnail","7":"category-taiteet-ja-suunnittelu","8":"tag-arts","9":"tag-arts-and-design","10":"tag-artsanddesign","11":"tag-design","12":"tag-entertainment","13":"tag-fi","14":"tag-finland","15":"tag-finnish","16":"tag-suomi","17":"tag-suunnittelu","18":"tag-taiteet","19":"tag-taiteet-ja-suunnittelu","20":"tag-taiteetsuunnittelu","21":"tag-viihde"},"share_on_mastodon":{"url":"https:\/\/pubeurope.com\/@fi\/115449240167126749","error":""},"_links":{"self":[{"href":"https:\/\/www.europesays.com\/fi\/wp-json\/wp\/v2\/posts\/74106","targetHints":{"allow":["GET"]}}],"collection":[{"href":"https:\/\/www.europesays.com\/fi\/wp-json\/wp\/v2\/posts"}],"about":[{"href":"https:\/\/www.europesays.com\/fi\/wp-json\/wp\/v2\/types\/post"}],"author":[{"embeddable":true,"href":"https:\/\/www.europesays.com\/fi\/wp-json\/wp\/v2\/users\/2"}],"replies":[{"embeddable":true,"href":"https:\/\/www.europesays.com\/fi\/wp-json\/wp\/v2\/comments?post=74106"}],"version-history":[{"count":0,"href":"https:\/\/www.europesays.com\/fi\/wp-json\/wp\/v2\/posts\/74106\/revisions"}],"wp:featuredmedia":[{"embeddable":true,"href":"https:\/\/www.europesays.com\/fi\/wp-json\/wp\/v2\/media\/74"}],"wp:attachment":[{"href":"https:\/\/www.europesays.com\/fi\/wp-json\/wp\/v2\/media?parent=74106"}],"wp:term":[{"taxonomy":"category","embeddable":true,"href":"https:\/\/www.europesays.com\/fi\/wp-json\/wp\/v2\/categories?post=74106"},{"taxonomy":"post_tag","embeddable":true,"href":"https:\/\/www.europesays.com\/fi\/wp-json\/wp\/v2\/tags?post=74106"}],"curies":[{"name":"wp","href":"https:\/\/api.w.org\/{rel}","templated":true}]}}