{"id":74113,"date":"2025-10-28T01:50:13","date_gmt":"2025-10-28T01:50:13","guid":{"rendered":"https:\/\/www.europesays.com\/fi\/74113\/"},"modified":"2025-10-28T01:50:13","modified_gmt":"2025-10-28T01:50:13","slug":"vantaan-kaupunginhallitus-jatti-ratikkahankkeen-poydalle-uusi-kasittely-kahden-viikon-paasta-kotimaa","status":"publish","type":"post","link":"https:\/\/www.europesays.com\/fi\/74113\/","title":{"rendered":"Vantaan kaupunginhallitus j\u00e4tti ratikkahankkeen p\u00f6yd\u00e4lle, uusi k\u00e4sittely kahden viikon p\u00e4\u00e4st\u00e4 | Kotimaa"},"content":{"rendered":"<p class=\"aw-1gybjub aw-5vja16 ghpEtB kjanFo yle__article__paragraph\">Kaupunginhallitus k\u00e4sitteli ratikan tarkistettua hankesuunnitelmaa maanantaina. Hankkeen tavoitehinta on noussut sadalla miljoonalla eurolla, eik\u00e4 ratikalla p\u00e4\u00e4sisi lentokent\u00e4lle. <\/p>\n<p><img decoding=\"async\" alt=\"Kuvassa kyltti ty\u00f6maan edess\u00e4. Kyltiss\u00e4 lukee mm. Vantaan ratikan rakentaminen. Taustalla auki kaivettu tie ja kaivinkone.\" src=\"https:\/\/www.europesays.com\/fi\/wp-content\/uploads\/2025\/10\/39-153073968dbd3fd2e244.jpeg\" class=\"aw-1l9m598 hKVVvP\"\/><\/p>\n<p>Avaa kuvien katselu<\/p>\n<p>Vantaan ratikan alustavat ty\u00f6t on aloitettu Tikkurilassa. Kuva: Mikko Haapanen \/ Yle<\/p>\n<p>27.10. 18:18\u2022P\u00e4ivitetty 27.10. 18:34<\/p>\n<p class=\"aw-1gybjub aw-1p7kakr ghpEtB jtovHP yle__article__paragraph\">Vantaan kaupunginhallitus p\u00e4\u00e4tti j\u00e4tt\u00e4\u00e4 ratikan hankesuunnitelman p\u00f6yd\u00e4lle maanantain kokouksessaan, tiedottaa Vantaan kaupungin viestint\u00e4.<\/p>\n<p class=\"aw-1gybjub aw-1p7kakr ghpEtB jtovHP yle__article__paragraph\">Ylim\u00e4\u00e4r\u00e4isess\u00e4 kokouksessa k\u00e4siteltiin tarkentunutta hankesuunnitelmaa, jossa tavoitehinta on noin sata miljoonaa euroa korkeampi kuin alkuper\u00e4inen tavoitehinta.<\/p>\n<p class=\"aw-1gybjub aw-1p7kakr ghpEtB jtovHP yle__article__paragraph\">Kaupunginhallitus \u00e4\u00e4nesti suunnitelman palautuksesta valmisteluun. K\u00e4sittely\u00e4 p\u00e4\u00e4tettiin jatkaa \u00e4\u00e4nin 11\u20134.<\/p>\n<p class=\"aw-1gybjub aw-1p7kakr ghpEtB jtovHP yle__article__paragraph\">Hankesuunnitelman tarkistus tulee kaupunginhallituksen k\u00e4sitelt\u00e4v\u00e4ksi uudelleen 10. marraskuuta.<\/p>\n<p class=\"aw-1gybjub aw-1p7kakr ghpEtB jtovHP yle__article__paragraph\"><a class=\"aw-iao6s4 iHOxEa yle__article__link\" href=\"https:\/\/yle.fi\/a\/74-20190196\" role=\"link\" rel=\"nofollow noopener\" target=\"_blank\">Perjantaina selvisi<\/a>, ett\u00e4 raitiotiehankkeen hinta on noussut noin sadalla miljoonalla eurolla. Lopullinen hinta olisi 750 miljoonaa euroa, josta Vantaan rahoitusosuus olisi 541 miljoonaa euroa.<\/p>\n<p class=\"aw-1gybjub aw-1p7kakr ghpEtB jtovHP yle__article__paragraph\">Sen lis\u00e4ksi p\u00e4ivitetyss\u00e4 suunnitelmassa p\u00e4\u00e4tepys\u00e4kki j\u00e4isi l\u00e4nness\u00e4 Aviapoliksen asemalle, eik\u00e4 ratikalla siis p\u00e4\u00e4sisi Helsinki-Vantaan lentoasemalle asti.<\/p>\n<p class=\"aw-1gybjub aw-1p7kakr ghpEtB jtovHP yle__article__paragraph\">Kaupunginjohto selvitti hinnan nousun syit\u00e4 tiedotusv\u00e4lineille <a class=\"aw-iao6s4 iHOxEa yle__article__link\" href=\"https:\/\/yle.fi\/a\/74-20190521\" role=\"link\" rel=\"nofollow noopener\" target=\"_blank\">aiemmin maanantaina.<\/a><\/p>\n<p class=\"aw-1gybjub aw-1p7kakr ghpEtB jtovHP yle__article__paragraph\">Muokattu 27.10.2025 klo 18.33: Korjattu maanantai perjantaiksi.<\/p>\n","protected":false},"excerpt":{"rendered":"Kaupunginhallitus k\u00e4sitteli ratikan tarkistettua hankesuunnitelmaa maanantaina. Hankkeen tavoitehinta on noussut sadalla miljoonalla eurolla, eik\u00e4 ratikalla p\u00e4\u00e4sisi lentokent\u00e4lle. Avaa&hellip;\n","protected":false},"author":2,"featured_media":74114,"comment_status":"","ping_status":"","sticky":false,"template":"","format":"standard","meta":{"footnotes":"","_share_on_mastodon":"0"},"categories":[12],"tags":[22,23,26,27,33,31,30,17,71,24,25,1161,28,29,15,18,21,10011,32,19,20,1168,16,2359],"class_list":["post-74113","post","type-post","status-publish","format-standard","has-post-thumbnail","category-suomi","tag-breaking-news","tag-breakingnews","tag-featured-news","tag-featurednews","tag-fi","tag-finland","tag-finnish","tag-headlines","tag-kotimaa","tag-latest-news","tag-latestnews","tag-liikenne","tag-main-news","tag-mainnews","tag-news","tag-otsikot","tag-paauutiset","tag-raitioliikenne","tag-suomi","tag-top-stories","tag-topstories","tag-uusimaa","tag-uutiset","tag-vantaa"],"share_on_mastodon":{"url":"https:\/\/pubeurope.com\/@fi\/115449287510567989","error":""},"_links":{"self":[{"href":"https:\/\/www.europesays.com\/fi\/wp-json\/wp\/v2\/posts\/74113","targetHints":{"allow":["GET"]}}],"collection":[{"href":"https:\/\/www.europesays.com\/fi\/wp-json\/wp\/v2\/posts"}],"about":[{"href":"https:\/\/www.europesays.com\/fi\/wp-json\/wp\/v2\/types\/post"}],"author":[{"embeddable":true,"href":"https:\/\/www.europesays.com\/fi\/wp-json\/wp\/v2\/users\/2"}],"replies":[{"embeddable":true,"href":"https:\/\/www.europesays.com\/fi\/wp-json\/wp\/v2\/comments?post=74113"}],"version-history":[{"count":0,"href":"https:\/\/www.europesays.com\/fi\/wp-json\/wp\/v2\/posts\/74113\/revisions"}],"wp:featuredmedia":[{"embeddable":true,"href":"https:\/\/www.europesays.com\/fi\/wp-json\/wp\/v2\/media\/74114"}],"wp:attachment":[{"href":"https:\/\/www.europesays.com\/fi\/wp-json\/wp\/v2\/media?parent=74113"}],"wp:term":[{"taxonomy":"category","embeddable":true,"href":"https:\/\/www.europesays.com\/fi\/wp-json\/wp\/v2\/categories?post=74113"},{"taxonomy":"post_tag","embeddable":true,"href":"https:\/\/www.europesays.com\/fi\/wp-json\/wp\/v2\/tags?post=74113"}],"curies":[{"name":"wp","href":"https:\/\/api.w.org\/{rel}","templated":true}]}}