{"id":74211,"date":"2025-10-28T05:13:09","date_gmt":"2025-10-28T05:13:09","guid":{"rendered":"https:\/\/www.europesays.com\/fi\/74211\/"},"modified":"2025-10-28T05:13:09","modified_gmt":"2025-10-28T05:13:09","slug":"f1-tahdelle-esitettiin-rajuja-vaitteita-suosimisesta-asiantuntijalta-jyrkka-kannanotto-olisi-hirvea-mainehaitta-urheilu","status":"publish","type":"post","link":"https:\/\/www.europesays.com\/fi\/74211\/","title":{"rendered":"F1-t\u00e4hdelle esitettiin rajuja v\u00e4itteit\u00e4 suosimisesta \u2013 asiantuntijalta jyrkk\u00e4 kannanotto: \u201dOlisi hirve\u00e4 mainehaitta\u201d | Urheilu"},"content":{"rendered":"<p class=\"aw-1gybjub aw-1p7kakr ghpEtB jtovHP yle__article__paragraph\">McLarenin <strong class=\"aw-ak79eh KyCXm yle__article__strong\">Oscar Piastri<\/strong> johti formula ykk\u00f6sten MM-sarjaa yht\u00e4jaksoisesti per\u00e4ti puolen vuoden ajan. Meksikossa k\u00e4rkipaikka kuitenkin vaihtui, kun suvereeniin osakilpailuvoittoon ajanut tallikaveri <strong class=\"aw-ak79eh KyCXm yle__article__strong\">Lando Norris<\/strong> kiilasi yhden pisteen turvin edelle.<\/p>\n<p class=\"aw-1gybjub aw-1p7kakr ghpEtB jtovHP yle__article__paragraph\">Red Bullin <strong class=\"aw-ak79eh KyCXm yle__article__strong\">Max Verstappen<\/strong> on 36 pisteen p\u00e4\u00e4ss\u00e4 brittikuski Norrisista. Vaikka Verstappen on ottanut viiden edellisen kisan aikana Piastria kiinni l\u00e4hes 70 pistett\u00e4, on todenn\u00e4k\u00f6isemp\u00e4\u00e4, ett\u00e4 mestari on jompi kumpi McLaren-kuljettajista.<\/p>\n<p class=\"aw-1gybjub aw-1p7kakr ghpEtB jtovHP yle__article__paragraph\">Siin\u00e4 miss\u00e4 australialainen Piastri oli kauden avauspuoliskolla itse varmuus, edellisiss\u00e4 kisoissa vauhti on ollut pahasti kateissa. Kuvaavaa on, ett\u00e4 kun h\u00e4n ylsi ensimm\u00e4isen 16 kisan aikana 14 kertaa kolmen joukkoon, nyt h\u00e4n on j\u00e4\u00e4nyt nelj\u00e4ss\u00e4 per\u00e4kk\u00e4isess\u00e4 kisassa ilman palkintokorokesijaa.<\/p>\n<p class=\"aw-1gybjub aw-1p7kakr ghpEtB jtovHP yle__article__paragraph\">Meksikon kisassa h\u00e4n oli viides. Piastrin 34 pisteen johto suli viidess\u00e4 kisassa.<\/p>\n<p class=\"aw-1gybjub aw-1p7kakr ghpEtB jtovHP yle__article__paragraph\">Yle Urheilun asiantuntija <strong class=\"aw-ak79eh KyCXm yle__article__strong\">Jukka Mildh<\/strong> n\u00e4kee selv\u00e4n tekij\u00e4n Piastrin viimeaikaisille vaikeuksille. Tallip\u00e4\u00e4llikk\u00f6 <strong class=\"aw-ak79eh KyCXm yle__article__strong\">Andrea Stella<\/strong> kommentoi viikonloppuna, ettei Piastrin ajotyyli toimi kovin hyvin Meksikon ja sit\u00e4 edelt\u00e4neen Austinin kaltaisilla radoilla.<\/p>\n<p class=\"aw-1gybjub aw-1p7kakr ghpEtB jtovHP yle__article__paragraph\">Meksikon kisa on ollut Piastrille muinakin vuosina hankala, sill\u00e4 ennen t\u00e4t\u00e4 osakilpailua paras sijoitus kyseisell\u00e4 radalla oli kahdeksas tila.<\/p>\n<p class=\"aw-1gybjub aw-1p7kakr ghpEtB jtovHP yle__article__paragraph\">\u2013 Piastri tykk\u00e4\u00e4 ajaa radoilla, joissa on kova pito. Norris taas pystyy sopeutumaan paremmin liukkaampiin ratoihin, kuten Meksikossa, joka on pidoltaan heikoimpia ratoja. Asfaltin pintaan kertyy likaa, tulee \u00f6ljy\u00e4 ja kaikkea muuta.<\/p>\n<p class=\"aw-1gybjub aw-1p7kakr ghpEtB jtovHP yle__article__paragraph\">Loppukaudesta ajetaan Brasiliassa, Las Vegasissa, Qatarissa ja Abu Dhabissa. Loppukauden ratojen ennakoidaan sopivan paremmin Norrisille kuin Piastrille.<\/p>\n<p><img decoding=\"async\" alt=\"Oscar Piastri kamppailee formula ykk\u00f6sten mestaruudesta.\" src=\"https:\/\/www.europesays.com\/fi\/wp-content\/uploads\/2025\/10\/39-154430568ff898c6549a.jpeg\" loading=\"lazy\" class=\"aw-1l9m598 hKVVvP\"\/><\/p>\n<p>Avaa kuvien katselu<\/p>\n<p>Oscar Piastrin vauhti on romahtanut. Kuva: Getty ImagesSuositaanko toista?<\/p>\n<p class=\"aw-1gybjub aw-1p7kakr ghpEtB jtovHP yle__article__paragraph\">McLarenin edellinen kuljettajien maailmanmestaruus on vuodelta 2008. Lando Norris osoitti Meksikossa vauhdillaan, ett\u00e4 McLarenilla on pahimpaan vastustajaansa Red Bulliin n\u00e4hden edelleen sarjan paras auto.<\/p>\n<p class=\"aw-1gybjub aw-1p7kakr ghpEtB jtovHP yle__article__paragraph\">Vaikka McLaren-kuskit ovat t\u00e4ll\u00e4 hetkell\u00e4 vain pisteen sis\u00e4ll\u00e4 toisistaan, on mahdollista, ett\u00e4 McLaren yritt\u00e4\u00e4 varmistaa kuljettajien mestaruuden suosimalla jompaa kumpaa tallien kuskeista.<\/p>\n<p class=\"aw-1gybjub aw-1p7kakr ghpEtB jtovHP yle__article__paragraph\">Mildh sanoo, ett\u00e4 tallille p\u00e4\u00e4asia on se, ett\u00e4 vaarallinen Verstappen pysyy loppupisteiss\u00e4 edes toisen McLaren-kuljettajan takana. Asiantuntija kuitenkin uskoo, ett\u00e4 niin Norris kuin Piastri saavat kamppailla mahdollisimman pitk\u00e4\u00e4n maailmanmestaruudesta.<\/p>\n<p class=\"aw-1gybjub aw-1p7kakr ghpEtB jtovHP yle__article__paragraph\">\u2013 Jos esimerkiksi Piastrin kohdalla tapahtuu romahdus, silloin varmasti pit\u00e4\u00e4 alkaa jo taktikoimaan. Uskon, ett\u00e4 siell\u00e4 palvellaan molempia kuljettajia.<\/p>\n<p><img decoding=\"async\" alt=\"Lando Norris ja Oscar Piastri Meksikossa.\" src=\"https:\/\/www.europesays.com\/fi\/wp-content\/uploads\/2025\/10\/39-154430368ff8968d18ec.jpeg\" loading=\"lazy\" class=\"aw-1l9m598 hKVVvP\"\/><\/p>\n<p>Avaa kuvien katselu<\/p>\n<p>Lando Norris ja Oscar Piastri ovat pisteen sis\u00e4ll\u00e4 toisistaan. Kuva: Getty ImagesSalaliittoteorioita<\/p>\n<p class=\"aw-1gybjub aw-1p7kakr ghpEtB jtovHP yle__article__paragraph\">Mildh viittaa samalla salaliittoteorioihin, joissa McLarenin n\u00e4hd\u00e4\u00e4n suosivan brittitallina brittil\u00e4ist\u00e4 Norrisia. Monzan osakilpailussa n\u00e4htiin paljon puhuttanut kohtaus, jossa ep\u00e4onnisen varikkopys\u00e4hdyksen kokenut Norris p\u00e4\u00e4stettiin tallim\u00e4\u00e4r\u00e4yksell\u00e4 Piastrin edelle.<\/p>\n<p class=\"aw-1gybjub aw-1p7kakr ghpEtB jtovHP yle__article__paragraph\">Norris oli kisan toinen ja Piastri kolmas, ja n\u00e4iden sijoitusten v\u00e4linen ero on kolme pistett\u00e4.<\/p>\n<p class=\"aw-1gybjub aw-1p7kakr ghpEtB jtovHP yle__article__paragraph\">Meksikon kilpailun j\u00e4lkeen useampi katsoja osoitti ep\u00e4urheilijamaista k\u00e4yt\u00f6st\u00e4 buuaamalla Norrisille. Kilpailun j\u00e4lkeisess\u00e4 <a class=\"aw-iao6s4 iHOxEa yle__article__link\" href=\"https:\/\/www.formula1.com\/en\/latest\/article\/fia-post-race-press-conference-mexico-city-2025.4yZui97EXlHxS2tunEETA9\" role=\"link\" rel=\"nofollow noopener\" target=\"_blank\">lehdist\u00f6tilaisuudessa <\/a>paikallinen toimittaja n\u00e4ki, ett\u00e4 katsojat osoittivat Norrisille mielt\u00e4\u00e4n Monzan tapahtumista johtuen.<\/p>\n<p class=\"aw-1gybjub aw-1p7kakr ghpEtB jtovHP yle__article__paragraph\">Kyseinen toimittaja <strong class=\"aw-ak79eh KyCXm yle__article__strong\">Carlos Jalife<\/strong> totesi Norrisille suoraan, ett\u00e4 h\u00e4nen edustamansa media oli tehnyt kyselyn, ja sen vastausten mukaan, meksikolaiset n\u00e4kiv\u00e4t, ett\u00e4 McLaren haluaa mestaruuden Norrisille.<\/p>\n<p><img decoding=\"async\" alt=\"Lando Norris Meksikossa. \" src=\"https:\/\/www.europesays.com\/fi\/wp-content\/uploads\/2025\/10\/39-154388368fe96c81d408.jpeg\" loading=\"lazy\" class=\"aw-1l9m598 hKVVvP\"\/><\/p>\n<p>Avaa kuvien katselu<\/p>\n<p>Lando Norris siirtyi MM-sarjan johtoon. Kuva: Getty Images<\/p>\n<p class=\"aw-1gybjub aw-1p7kakr ghpEtB jtovHP yle__article__paragraph\">Toimittajan mukaan yleis\u00f6n toive oli, ett\u00e4 Norris antaisi kolme pistett\u00e4 pois. Brittikuski vastasi napakasti meksikolaiskatsojien syyt\u00f6ksiin.<\/p>\n<p class=\"aw-1gybjub aw-1p7kakr ghpEtB jtovHP yle__article__paragraph\">\u2013 Jos he tahtovat ajatella niin, heill\u00e4 on siihen varmasti oikeus. He voivat spekuloida ihan mit\u00e4 hyv\u00e4ns\u00e4, Norris vastasi syyt\u00f6ksiin siit\u00e4, ett\u00e4 McLaren haluaisi pedata mestaruuden h\u00e4nelle.<\/p>\n<p class=\"aw-1gybjub aw-1p7kakr ghpEtB jtovHP yle__article__paragraph\">Norris muistutti, ett\u00e4 vuosi sitten Unkarissa h\u00e4n p\u00e4\u00e4sti edelleen Piastrin, joka juhli avausvoittoaan.<\/p>\n<p class=\"aw-1gybjub aw-1p7kakr ghpEtB jtovHP yle__article__paragraph\">Mildh huomauttaa, ett\u00e4 salaliittoteoriat ovat olleet aina osa formula ykk\u00f6si\u00e4. Niin oli esimerkiksi silloin, kun <strong class=\"aw-ak79eh KyCXm yle__article__strong\">Alain Prost<\/strong> ja <strong class=\"aw-ak79eh KyCXm yle__article__strong\">Ayrton Senna<\/strong> v\u00e4\u00e4nsiv\u00e4t tallikavereina mestaruudesta.<\/p>\n<p class=\"aw-1gybjub aw-1p7kakr ghpEtB jtovHP yle__article__paragraph\">Asiantuntijan mukaan talli ei hy\u00f6dy siit\u00e4, jos se alkaa mestaruuskamppailussa suosimaan toista kuljettajaa.<\/p>\n<p class=\"aw-1gybjub aw-1p7kakr ghpEtB jtovHP yle__article__paragraph\">\u2013 Seh\u00e4n olisi hirve\u00e4 mainehaitta, jos aletaan sis\u00e4isesti sabotoimaan. Eiv\u00e4t yhteisty\u00f6kumppanit halua olla sellaisessa mukana. Formula 1 on poliittinen maailma, mutta t\u00e4rkeint\u00e4 on saada kuljettajien mestaruus.<\/p>\n<p>McLarenin oma kasvatti<\/p>\n<p class=\"aw-1gybjub aw-1p7kakr ghpEtB jtovHP yle__article__paragraph\">25-vuotias Norris on ajanut McLarenilla koko seitsenvuotisen F1-uransa. H\u00e4n on lis\u00e4ksi kuulunut McLarenin nuorten kuljettajien akatemiaan.<\/p>\n<p class=\"aw-1gybjub aw-1p7kakr ghpEtB jtovHP yle__article__paragraph\">Piastrin McLaren nappasi kolme vuotta sitten ranskalaiselta Alpinelta, jonka kanssa australialainen ja t\u00e4m\u00e4n taustajoukot olivat riitaantuneet. 24-vuotiaalle kuskille kausi on F1-uran kolmas.<\/p>\n<p class=\"aw-1gybjub aw-1p7kakr ghpEtB jtovHP yle__article__paragraph\">Mildh n\u00e4kee, ett\u00e4 McLarenille ei ole loppupeleiss\u00e4 v\u00e4li\u00e4, kumpi tallin kuljettajista mestaruuden nappaa.<\/p>\n<p class=\"aw-1gybjub aw-1p7kakr ghpEtB jtovHP yle__article__paragraph\">\u2013 Toki sill\u00e4 voi olla v\u00e4h\u00e4n vaikutusta, kun organisaatiossa on panostettu johonkin kuljettajaan tai johonkin tiettyyn ihmiseen. Urheilullisen suorituksen pit\u00e4\u00e4 olla kuitenkin se, joka ratkaisee, ja toivon kovasti, ett\u00e4 niin k\u00e4y t\u00e4n\u00e4kin vuonna.<\/p>\n<p class=\"aw-1gybjub aw-1p7kakr ghpEtB jtovHP yle__article__paragraph\">McLaren on painottanut koko uuden projektinsa ajan, ett\u00e4 tallin etu on t\u00e4rkein.<\/p>\n<p class=\"aw-1gybjub aw-1p7kakr ghpEtB jtovHP yle__article__paragraph\">\u2013 <strong class=\"aw-ak79eh KyCXm yle__article__strong\">Zak Brownin<\/strong> ja Stellan t\u00e4ytyy pit\u00e4\u00e4 kiinni siit\u00e4, ett\u00e4 talli suorittaa koko ajan. Tallin toimintatapa on ollut viime vuosina niin esimerkillist\u00e4, ettei se saa nyt rikkoontua. On johtajien ongelma pit\u00e4\u00e4 kiinni siit\u00e4, ett\u00e4 kaverit ovat kuosissa.<\/p>\n<p><strong class=\"aw-1bgq5a3 grDirg\">Jukka Mildh arvioi F1:n kolmen k\u00e4rjen tilannetta loppukauteen<\/strong><\/p>\n<p>Jukka Mildh arvioi F1:n kolmen k\u00e4rjen tilannetta ennen Meksikoa.<\/p>\n","protected":false},"excerpt":{"rendered":"McLarenin Oscar Piastri johti formula ykk\u00f6sten MM-sarjaa yht\u00e4jaksoisesti per\u00e4ti puolen vuoden ajan. Meksikossa k\u00e4rkipaikka kuitenkin vaihtui, kun suvereeniin&hellip;\n","protected":false},"author":2,"featured_media":74212,"comment_status":"","ping_status":"","sticky":false,"template":"","format":"standard","meta":{"footnotes":""},"categories":[158],"tags":[33,31,30,3437,7317,7571,7318,7279,159,32,160],"class_list":{"0":"post-74211","1":"post","2":"type-post","3":"status-publish","4":"format-standard","5":"has-post-thumbnail","7":"category-urheilu","8":"tag-fi","9":"tag-finland","10":"tag-finnish","11":"tag-formula-1","12":"tag-lando-norris","13":"tag-max-verstappen","14":"tag-mclaren","15":"tag-oscar-piastri","16":"tag-sports","17":"tag-suomi","18":"tag-urheilu"},"share_on_mastodon":{"url":"https:\/\/pubeurope.com\/@fi\/115450085722349459","error":""},"_links":{"self":[{"href":"https:\/\/www.europesays.com\/fi\/wp-json\/wp\/v2\/posts\/74211","targetHints":{"allow":["GET"]}}],"collection":[{"href":"https:\/\/www.europesays.com\/fi\/wp-json\/wp\/v2\/posts"}],"about":[{"href":"https:\/\/www.europesays.com\/fi\/wp-json\/wp\/v2\/types\/post"}],"author":[{"embeddable":true,"href":"https:\/\/www.europesays.com\/fi\/wp-json\/wp\/v2\/users\/2"}],"replies":[{"embeddable":true,"href":"https:\/\/www.europesays.com\/fi\/wp-json\/wp\/v2\/comments?post=74211"}],"version-history":[{"count":0,"href":"https:\/\/www.europesays.com\/fi\/wp-json\/wp\/v2\/posts\/74211\/revisions"}],"wp:featuredmedia":[{"embeddable":true,"href":"https:\/\/www.europesays.com\/fi\/wp-json\/wp\/v2\/media\/74212"}],"wp:attachment":[{"href":"https:\/\/www.europesays.com\/fi\/wp-json\/wp\/v2\/media?parent=74211"}],"wp:term":[{"taxonomy":"category","embeddable":true,"href":"https:\/\/www.europesays.com\/fi\/wp-json\/wp\/v2\/categories?post=74211"},{"taxonomy":"post_tag","embeddable":true,"href":"https:\/\/www.europesays.com\/fi\/wp-json\/wp\/v2\/tags?post=74211"}],"curies":[{"name":"wp","href":"https:\/\/api.w.org\/{rel}","templated":true}]}}