{"id":74298,"date":"2025-10-28T07:22:12","date_gmt":"2025-10-28T07:22:12","guid":{"rendered":"https:\/\/www.europesays.com\/fi\/74298\/"},"modified":"2025-10-28T07:22:12","modified_gmt":"2025-10-28T07:22:12","slug":"seijan-poskessa-oli-vaarattoman-oloinen-patti-laakarilla-olikin-karuja-uutisia","status":"publish","type":"post","link":"https:\/\/www.europesays.com\/fi\/74298\/","title":{"rendered":"Seijan poskessa oli vaarattoman oloinen patti \u2013 l\u00e4\u00e4k\u00e4rill\u00e4 olikin karuja uutisia"},"content":{"rendered":"<p class=\"ingress\">Seija V\u00e4reen el\u00e4kep\u00e4iv\u00e4t alkoivat dramaattisesti, kun viaton patti poskessa osoittautui korvasylkirauhasen sy\u00f6v\u00e4ksi. Hoitojen j\u00e4lkeen Seija iloitsee siit\u00e4, ett\u00e4 saa el\u00e4\u00e4.<\/p>\n<p><strong>Seija V\u00e4reell\u00e4<\/strong>, 65, oli t\u00f6iss\u00e4 tapana nojata sormella poskeensa, kun h\u00e4n mietti jotain asiaa. Runsaat kaksi vuotta sitten h\u00e4n havahtui siihen, ett\u00e4 k\u00e4den alla tuntui pieni patti. Ty\u00f6kaveritkin sit\u00e4 tunnustelivat ja totesivat, ett\u00e4 jotain ylim\u00e4\u00e4r\u00e4ist\u00e4 ihon alla oli.<\/p>\n<p>Peloissaan Seija hakeutui l\u00e4\u00e4k\u00e4riin. Vajaan sentin mittainen patti tutkittiin ultra\u00e4\u00e4nell\u00e4, ja se vaikutti olevan imusolmukkeen p\u00e4\u00e4. Seijaa ohjeistettiin seuraamaan sit\u00e4.<\/p>\n<p>\u201dMinulle ei kuitenkaan kerrottu, miten pitk\u00e4\u00e4n sit\u00e4 pit\u00e4isi seurata. Koska patti ei ollut kipe\u00e4 eik\u00e4 n\u00e4kynyt p\u00e4\u00e4llep\u00e4in, unohdin sen v\u00e4lill\u00e4 kokonaan.\u201d<\/p>\n<p>Viime vuoden elokuussa Seija j\u00e4i el\u00e4kkeelle Merikarvian kunnalta ja h\u00e4n ajatteli, ett\u00e4 nyt olisi sopiva hetki k\u00e4yd\u00e4 n\u00e4ytt\u00e4m\u00e4ss\u00e4 pattia uudestaan. Tuntui kuin se olisi v\u00e4h\u00e4n kasvanut. <\/p>\n<p>\u201dEnsin poimin kuitenkin kaikessa rauhassa 250 litraa mustikoita ja puolukoita k\u00e4sin ja vasta lokakuussa maltoin menn\u00e4 l\u00e4\u00e4k\u00e4riin.\u201d<\/p>\n<p>L\u00e4\u00e4k\u00e4rill\u00e4 oli karuja uutisia<\/p>\n<p>Alkoi tapahtua. Terveyskeskusl\u00e4\u00e4k\u00e4ri l\u00e4hetti Seijan Poriin sairaalaan, jossa otettiin neulan\u00e4yte. Sielt\u00e4 h\u00e4net passitettiin Turun yliopistolliseen sairaalaan, jossa otettiin lis\u00e4\u00e4 n\u00e4ytteit\u00e4 poskesta ja imu\u00adsolmukkeista ja tehtiin erilaisia kuvauksia.<\/p>\n<p>\u201dKun ymm\u00e4rsin, ett\u00e4 kyseess\u00e4 saattaa olla jotain vakavaa, otin pessimistisen asenteen. Ajattelin, ett\u00e4 pessimisti ei pety. Onneksi minulla oli puolisoni <strong>Antti<\/strong> ja yst\u00e4v\u00e4t tukena ja rauhoittelemassa.\u201d<\/p>\n<p>Marraskuussa Seija istui El\u00e4keliiton hallituksen kokouksessa ja tiesi, ett\u00e4 kohta l\u00e4\u00e4k\u00e4ri soittaisi. Kun puhelin soi, h\u00e4n meni ulos puhumaan. Viesti oli karu: Seija oli sairastunut harvinaiseen, aggressiiviseen korvasylkirauhasen sy\u00f6p\u00e4\u00e4n. Hyv\u00e4 uutinen oli se, ett\u00e4 muualle kehoon sy\u00f6p\u00e4 ei ollut levinnyt.<\/p>\n<p>Leikkaus olisi jo viikon p\u00e4\u00e4st\u00e4.<\/p>\n<p>Seija oli viimeksi ollut sairaalassa hoidossa kaksivuotiaana, eik\u00e4 h\u00e4nt\u00e4 ollut koskaan nukutettu. Lis\u00e4riesana h\u00e4nell\u00e4 oli leikkaukseen menness\u00e4\u00e4n keuhkokuume. Vaihtoehtona olisi ollut siirt\u00e4\u00e4 leikkausta nelj\u00e4ll\u00e4 viikolla, mutta sit\u00e4 Seija ei halunnut.<\/p>\n<p>\u201dLeikkaus pelotti minua ihan valtavasti. Anestesial\u00e4\u00e4k\u00e4ri oli kuitenkin ihana. Oli el\u00e4m\u00e4ni paras hetki, kun her\u00e4sin nukutuksesta. Min\u00e4 en kuollutkaan!\u201d<\/p>\n<p>Leikkauksessa Seijalta poistettiin vasemmalta puolelta korvasylkirauhanen ja imusolmukkeita kaulan alueelta.<\/p>\n<p>Sy\u00f6minen oli alussa yht\u00e4 k\u00e4rsimyst\u00e4<\/p>\n<p>S\u00e4de- ja sytostaattihoidot alkoivat kahden kuukauden kuluttua leikkauksesta. Hoitoja annettiin viiten\u00e4 p\u00e4iv\u00e4n\u00e4 viikossa puolentoista kuukauden ajan, ja nuo viikot Seija asui potilashotellissa Turussa.<\/p>\n<p>Sytostaattien yhteydess\u00e4 Seija sai my\u00f6s kortisonia. Sit\u00e4 voidaan k\u00e4ytt\u00e4\u00e4 hoitona ja sytostaattien sivuvaikutuksia lievitt\u00e4m\u00e4\u00e4n.<\/p>\n<p>\u201dHyv\u00e4 puoli siin\u00e4 oli se, ett\u00e4 kortisoni auttoi nivelrikkokipuihin. Kahteen kuukauteen minulla ei ollut polvien nivelrikkoa olemassakaan\u201d, h\u00e4n naurahtaa.<\/p>\n<p><strong>Lue lis\u00e4\u00e4:<\/strong> <a href=\"https:\/\/anna.fi\/ihmiset\/talous\/syopa-romahdutti-perheen-tulot\" rel=\"nofollow noopener\" target=\"_blank\">Sy\u00f6p\u00e4 romahdutti perheen tulot \u2013 Veera, 40, katuu nyt oman talon ostamista: \u201dPidimme itse\u00e4mme kuolemattomina\u201d<\/a><\/p>\n<p>Hoidot olivat ohi helmikuun lopussa, ja toipuminen p\u00e4\u00e4si vihdoin alkamaan. Seija kuvailee, ett\u00e4 sy\u00f6minen oli alussa yht\u00e4 k\u00e4rsimyst\u00e4, sill\u00e4 leuan liikkuvuus oli huono, eik\u00e4 h\u00e4n saanut suuta auki riitt\u00e4v\u00e4sti. Ruokahalu oli mennytt\u00e4, ja makuaistikin osittain. <\/p>\n<p>\u201dSamalla h\u00e4visi tosin my\u00f6s makeanhimo, ja paino tippui toistakymment\u00e4 kiloa. Harmi vaan, ett\u00e4 nyt makea taas maistuu.\u201d<\/p>\n<p>Suun kuntoutukseen Seija sai laitteen, jolla jumpataan leukaniveli\u00e4. <\/p>\n<p>\u201dSuu aukeaa jo paljon paremmin, mutta entisen\u00e4 hotkijana olen joutunut opettelemaan rauhallisempaa sy\u00f6mist\u00e4.\u201d<\/p>\n<p>Sy\u00f6p\u00e4hoitojen j\u00e4lkeen my\u00f6s suu kuivuu herkemmin. T\u00e4h\u00e4n Seija on saanut erilaisia tuotteita avuksi, mutta mieluiten h\u00e4n kostuttaa suuta vedell\u00e4.<\/p>\n<p>Toipumiseen toi iloa Sy\u00f6p\u00e4liiton j\u00e4rjest\u00e4m\u00e4 kurssi, jolle Seija osallistui kev\u00e4\u00e4ll\u00e4. Joensuussa pidetyn nelip\u00e4iv\u00e4isen kurssin tavoitteena oli tukea kokonaisvaltaista hyvinvointia ja min\u00e4kuvaa.<\/p>\n<p>Kontrolleissa pit\u00e4\u00e4 k\u00e4yd\u00e4 viiden vuoden ajan<\/p>\n<p>Viime kes\u00e4kuussa Seija asettui j\u00e4lleen kerran tutkimusp\u00f6yd\u00e4lle Turun yliopistollisessa keskussairaalassa. H\u00e4nelle tehtiin PET-kuvaus, jossa skannattiin koko kroppa. Kuvauksen aikana Seija nukahti \u2013 niin tutuksi ja turvalliseksi h\u00e4n jo tunsi olonsa sairaalassa.<\/p>\n<p>Kun tutkimustuloksista soitettiin, Seija oli kes\u00e4t\u00f6iss\u00e4 kirpputorilla. T\u00e4ll\u00e4 kertaa l\u00e4\u00e4k\u00e4rill\u00e4 oli ilosta kerrottavaa: hoidot olivat tepsineet, eik\u00e4 tutkimuksessa ollut havaittu sy\u00f6p\u00e4\u00e4 tai et\u00e4pes\u00e4kkeit\u00e4. <\/p>\n<p>Seija palasi tiskille liikuttuneena, ja kun asiakas kysyi, onko kaikki kunnossa, Seija kertoi h\u00e4nelle hyv\u00e4t uutiset.<\/p>\n<p>\u201dOlihan se iso juttu. En voi tietenk\u00e4\u00e4n pullistella, ett\u00e4 olisin t\u00e4ysin parantunut. Kontrolleja on edelleen kolmen kuukauden v\u00e4lein viisi vuotta eteenp\u00e4in. Mutta eih\u00e4n meist\u00e4 kukaan tied\u00e4, mit\u00e4 huominen tuo tullessaan.\u201d<\/p>\n<p><strong>Lue lis\u00e4\u00e4:<\/strong> <a href=\"https:\/\/anna.fi\/hyvinvointi\/terveys\/anja-lopetti-tutun-ruoka-aineen-kayton\" rel=\"nofollow noopener\" target=\"_blank\">Anja lopetti tutun ruoka-aineen k\u00e4yt\u00f6n miehen kuoleman j\u00e4lkeen \u2013 nyt vatsa voi paremmin kuin koskaan<\/a><\/p>\n<p>Pieni kuoppa Seijan vasemmassa poskessa ja korvan alta kaulalle kulkeva leikkausarpi muistuttavat rankoista hoidoista. My\u00f6hemmin Seijalle voitaisiin tehd\u00e4 korjaava leikkaus, jossa h\u00e4nen reidest\u00e4\u00e4n siirrett\u00e4isiin rasvaa poskeen. Seija miettii, ett\u00e4 meneeh\u00e4n se n\u00e4inkin.<\/p>\n<p>\u201dMinulla on tapana naureskella, ett\u00e4 minulle on tehty toispuoleinen kauneusleikkaus. En min\u00e4 seitsem\u00e4nkymppisen\u00e4 mummelina en\u00e4\u00e4 mit\u00e4\u00e4n rasvaa poskeen tarvitse.\u201d<\/p>\n<p>Kun Seija sairastui, leppoisat el\u00e4kep\u00e4iv\u00e4t j\u00e4iv\u00e4t odotustilaan. Sittemmin h\u00e4n on p\u00e4\u00e4ssyt taas tekem\u00e4\u00e4n kivoja juttuja, kuten matkustelemaan.<\/p>\n<p>Vakava sairastuminen muutti ajatusta el\u00e4m\u00e4st\u00e4. El\u00e4m\u00e4n rajallisuuden oivalsi kirkkaammin. <\/p>\n<p>\u201dJokainen p\u00e4iv\u00e4 on lahja. Edesmenneell\u00e4 \u00e4idill\u00e4ni oli tapana huudahtaa savolaisittain \u201dEl\u00e4!\u201d, kun h\u00e4n iloisesti h\u00e4mm\u00e4styi ja yll\u00e4ttyi jostakin asiasta. Tykk\u00e4\u00e4n ajatella, ett\u00e4 se olikin \u00e4itini el\u00e4m\u00e4nohje t\u00e4h\u00e4n hetkeen.\u201d<\/p>\n<p>VOIMAVARANI<\/p>\n<p><strong>Arjessani on parasta\u2026<\/strong><\/p>\n<p>tasaisuus ja se, ett\u00e4 on aina jotakin, jota odottaa. Nyt odotan ainakin uusia matkoja, seuraavaksi ehk\u00e4 Sri Lankaan.<\/p>\n<p><strong>Nauran\u2026<\/strong><\/p>\n<p>mustalle huumorille. Se on minun voimavarani, ja se juontaa jo lapsuudesta. Varsinkin is\u00e4ni kanssa sit\u00e4 viljeltiin paljon.<\/p>\n<p><strong>Uppoudun\u2026<\/strong><\/p>\n<p>kirjoittamiseen. Olen ollut Merikarvia-lehden avustaja jo 25 vuotta ja kirjoitan muutakin kuin lehtijuttuja. Kirjoittaessa p\u00e4\u00e4sen flow-tilaan.<\/p>\n<p><strong>Olen ylpe\u00e4\u2026<\/strong><\/p>\n<p>savolaisista juuristani. Vaikka olen asunut puolet el\u00e4m\u00e4st\u00e4ni muualla, eiv\u00e4t Savo ja kotiseutu l\u00e4hde syd\u00e4mest\u00e4ni.<\/p>\n<p>Patit on otettava vakavasti<\/p>\n<p>\u2022 Kaikkiin patteihin, ovat ne sitten kieless\u00e4, poskessa, kaulalla tai miss\u00e4 vain, on suhtauduttava vakavasti. Jos patti ei ole kadonnut kolmessa viikossa, se on tutkittava. Ultra\u00e4\u00e4nitutkimuksen yhteydess\u00e4 kannattaa aina ottaa neulan\u00e4yte. <\/p>\n<p>\u2022 Sylkirauhassy\u00f6p\u00e4\u00e4n liittyv\u00e4n patin oirekuva vaihtelee. Patti voi olla t\u00e4ysin oireeton tai kipe\u00e4. Lis\u00e4ksi kasvoilla voi olla halvausoireita: ei saa silm\u00e4\u00e4 kunnolla kiinni, kulmakarvaa nostettua tai suupieli voi roikkua.<\/p>\n<p>\u2022 Sylkirauhasen sy\u00f6v\u00e4t ovat hyvin harvinaisia. Niit\u00e4 voi tulla korvasylkirauhasen lis\u00e4ksi leuanalussylkirauhaseen, kielenalussylkirauhaseen tai pieniin sylkirauhasiin suun ja nielun limakalvoilla. <\/p>\n<p>\u2022 Hoito riippuu taudin levinneisyydest\u00e4 sek\u00e4 siit\u00e4, miten aggressiivisesta sy\u00f6v\u00e4st\u00e4 on kyse. Leikkauksen lis\u00e4ksi voidaan tarvita s\u00e4dehoitoa, sytostaattihoitoa, hormonaalista l\u00e4\u00e4kehoitoa tai n\u00e4iden yhdistelm\u00e4\u00e4. <\/p>\n<p>\u2022 Yleist\u00e4en voidaan sanoa, ett\u00e4 ei-aggressiivisista sylkirauhassy\u00f6vist\u00e4 paranevat kaikki. Ennuste on huonompi, jos sy\u00f6p\u00e4 on ehtinyt l\u00e4hett\u00e4\u00e4 et\u00e4pes\u00e4kkeit\u00e4 kaulalle tai kaukoet\u00e4pes\u00e4kkeit\u00e4 muualle kehoon.<\/p>\n<p>Asiantuntijana korva-, nen\u00e4- ja kurkkutautien erikoisl\u00e4\u00e4k\u00e4ri Katri Aro, HUS. Juttu on julkaistu Vivan numerossa 10\/2025.<\/p>\n<p>    Sinua voi kiinnostaa my\u00f6s:<\/p>\n<ol class=\"read-also__list\">\n<li>\n<p>            <img loading=\"lazy\" decoding=\"async\" class=\"card__image awpo-lqip awpo-lazy\" width=\"2560\" height=\"1600\" src=\"https:\/\/www.europesays.com\/fi\/wp-content\/uploads\/2025\/10\/istock-1210601547-edit.jpg\"\/>                <a href=\"https:\/\/anna.fi\/kategoria\/hyvinvointi\/terveys\" class=\"card__vignette\" rel=\"nofollow noopener\" target=\"_blank\"><br \/>\n            Terveys          <\/a><\/p>\n<p>      <a href=\"https:\/\/anna.fi\/hyvinvointi\/terveys\/uskaltaako-kasidesia-enaa-kayttaa\" class=\"card__link-overlay\" rel=\"nofollow noopener\" target=\"_blank\">Uskaltaako k\u00e4sidesi\u00e4 en\u00e4\u00e4 k\u00e4ytt\u00e4\u00e4? Asiantuntijalla selke\u00e4 kanta<\/a><\/p>\n<\/li>\n<li>\n<p>            <img loading=\"lazy\" decoding=\"async\" class=\"card__image awpo-lqip awpo-lazy\" width=\"2560\" height=\"1600\" src=\"https:\/\/www.europesays.com\/fi\/wp-content\/uploads\/2025\/10\/keuhkosyopa-nuorella-scaled.jpg\"\/>                <a href=\"https:\/\/anna.fi\/kategoria\/hyvinvointi\/terveys\" class=\"card__vignette\" rel=\"nofollow noopener\" target=\"_blank\"><br \/>\n            Terveys          <\/a><\/p>\n<p>      <a href=\"https:\/\/anna.fi\/hyvinvointi\/terveys\/ei-pienisoluinen-keuhkosyopa-adenokarsinooma\" class=\"card__link-overlay\" rel=\"nofollow noopener\" target=\"_blank\">Maiju, 34, mainitsi l\u00e4\u00e4k\u00e4rille pikkuvaivastaan \u2013 keuhkosy\u00f6p\u00e4 l\u00f6ytyi sattumalta ajoissa<\/a><\/p>\n<\/li>\n<li>\n<p>            <img loading=\"lazy\" decoding=\"async\" class=\"card__image awpo-lqip awpo-lazy\" width=\"2000\" height=\"1500\" src=\"https:\/\/www.europesays.com\/fi\/wp-content\/uploads\/2025\/10\/dscf3036.jpg\"\/>                <a href=\"https:\/\/anna.fi\/kategoria\/ihmiset\" class=\"card__vignette\" rel=\"nofollow noopener\" target=\"_blank\"><br \/>\n            Ihmiset          <\/a><\/p>\n<p>      <a href=\"https:\/\/anna.fi\/ihmiset\/hellapoliisi-kati-jaakonen-ja-tarja-aiti\" class=\"card__link-overlay\" rel=\"nofollow noopener\" target=\"_blank\">Kolme maksansiirtoa, munuaissy\u00f6p\u00e4, aivokasvain \u2013 Kati on huolehtinut vakavasti sairaasta \u00e4idist\u00e4\u00e4n koko el\u00e4m\u00e4ns\u00e4 ajan eik\u00e4 koskaan anna itsens\u00e4 romahtaa<\/a><\/p>\n<\/li>\n<\/ol>\n","protected":false},"excerpt":{"rendered":"Seija V\u00e4reen el\u00e4kep\u00e4iv\u00e4t alkoivat dramaattisesti, kun viaton patti poskessa osoittautui korvasylkirauhasen sy\u00f6v\u00e4ksi. Hoitojen j\u00e4lkeen Seija iloitsee siit\u00e4, ett\u00e4&hellip;\n","protected":false},"author":2,"featured_media":74299,"comment_status":"","ping_status":"","sticky":false,"template":"","format":"standard","meta":{"footnotes":""},"categories":[165],"tags":[33,31,30,166,3079,32,1469,167,13517],"class_list":{"0":"post-74298","1":"post","2":"type-post","3":"status-publish","4":"format-standard","5":"has-post-thumbnail","7":"category-terveys","8":"tag-fi","9":"tag-finland","10":"tag-finnish","11":"tag-health","12":"tag-hyvinvoiva-mina","13":"tag-suomi","14":"tag-syopa","15":"tag-terveys","16":"tag-viva"},"share_on_mastodon":{"url":"https:\/\/pubeurope.com\/@fi\/115450592994740313","error":""},"_links":{"self":[{"href":"https:\/\/www.europesays.com\/fi\/wp-json\/wp\/v2\/posts\/74298","targetHints":{"allow":["GET"]}}],"collection":[{"href":"https:\/\/www.europesays.com\/fi\/wp-json\/wp\/v2\/posts"}],"about":[{"href":"https:\/\/www.europesays.com\/fi\/wp-json\/wp\/v2\/types\/post"}],"author":[{"embeddable":true,"href":"https:\/\/www.europesays.com\/fi\/wp-json\/wp\/v2\/users\/2"}],"replies":[{"embeddable":true,"href":"https:\/\/www.europesays.com\/fi\/wp-json\/wp\/v2\/comments?post=74298"}],"version-history":[{"count":0,"href":"https:\/\/www.europesays.com\/fi\/wp-json\/wp\/v2\/posts\/74298\/revisions"}],"wp:featuredmedia":[{"embeddable":true,"href":"https:\/\/www.europesays.com\/fi\/wp-json\/wp\/v2\/media\/74299"}],"wp:attachment":[{"href":"https:\/\/www.europesays.com\/fi\/wp-json\/wp\/v2\/media?parent=74298"}],"wp:term":[{"taxonomy":"category","embeddable":true,"href":"https:\/\/www.europesays.com\/fi\/wp-json\/wp\/v2\/categories?post=74298"},{"taxonomy":"post_tag","embeddable":true,"href":"https:\/\/www.europesays.com\/fi\/wp-json\/wp\/v2\/tags?post=74298"}],"curies":[{"name":"wp","href":"https:\/\/api.w.org\/{rel}","templated":true}]}}