{"id":74311,"date":"2025-10-28T07:45:07","date_gmt":"2025-10-28T07:45:07","guid":{"rendered":"https:\/\/www.europesays.com\/fi\/74311\/"},"modified":"2025-10-28T07:45:07","modified_gmt":"2025-10-28T07:45:07","slug":"alone-suomi-ensimmaisena-kisasta-lahteneen-petterin-elama-mullistuu","status":"publish","type":"post","link":"https:\/\/www.europesays.com\/fi\/74311\/","title":{"rendered":"Alone Suomi: Ensimm\u00e4isen\u00e4 kisasta l\u00e4hteneen Petterin el\u00e4m\u00e4 mullistuu"},"content":{"rendered":"<p>Alone Suomi -ohjelman muut kilpailijat liikuttuivat, kun kisan kuopus paljasti ilouutisen.<\/p>\n<p class=\"article-body mb-nof-24 px-nof-16\">Ensimm\u00e4isen\u00e4 Alone Suomi -selviytymiskisan omasta p\u00e4\u00e4t\u00f6ksest\u00e4\u00e4n j\u00e4tt\u00e4nyt helsinkil\u00e4inen tatuoija <a class=\"article-personlink\" href=\"https:\/\/www.is.fi\/haku\/?query=Petteri\" rel=\"nofollow noopener\" target=\"_blank\">Petteri<\/a>, 28, kertasi kokemuksiaan ohjelman p\u00e4\u00e4t\u00f6sjaksossa, jossa seitsem\u00e4n muuta kilpailijaa oli koolla juontaja <a class=\"article-personlink\" href=\"https:\/\/www.is.fi\/haku\/?query=Jaakko%20Saariluoman\" rel=\"nofollow noopener\" target=\"_blank\">Jaakko Saariluoman<\/a> johdolla.<\/p>\n<p class=\"article-body mb-nof-24 px-nof-16\">Petterin yksinolo Lapissa Inarin er\u00e4maassa j\u00e4i lopulta vain kolmen p\u00e4iv\u00e4n mittaiseksi.<\/p>\n<p class=\"article-body mb-nof-24 px-nof-16\">T\u00e4m\u00e4 ei miest\u00e4 harmittanut, varsinkin kun Petteri kertoi jo tovi sitten kuvatussa p\u00e4\u00e4t\u00f6sjaksossa iloisen uutisen kaikille. H\u00e4n sai l\u00e4mpim\u00e4t onnittelut.<\/p>\n<p class=\"article-body mb-nof-24 px-nof-16\">\u2013\u2009Ensi juhannuksena saamme <a class=\"article-personlink\" href=\"https:\/\/www.is.fi\/haku\/?query=Nooran\" rel=\"nofollow noopener\" target=\"_blank\">Nooran<\/a> kanssa tytt\u00f6vauvan.<\/p>\n<p class=\"article-body mb-nof-24 px-nof-16\"><a class=\"article-genericlink\" href=\"https:\/\/www.mtvuutiset.fi\/artikkeli\/alone-suomi-sarjan-osallistujalta-ilouutisia-pitkaaikainen-haave-isaksi-tulemisesta-toteutui\/9239260\" rel=\"nofollow noopener\" target=\"_blank\">MTV3<\/a>:lle Petteri kertoi nyt tuoreeltaan, ett\u00e4 ensimm\u00e4iset kuukaudet is\u00e4n\u00e4 ovat tuntuneet \u201dmaagisilta\u201d. H\u00e4n kertoo, ett\u00e4 pari teki positiivisen raskaustestin \u201djonkin aikaa\u201d Petterin kotiin palaamisen j\u00e4lkeen.<\/p>\n<p class=\"article-body mb-nof-24 px-nof-16\">\u2013 Kun l\u00e4hdin kisasta niin aikaisin, niin suurin tunne oli h\u00e4pe\u00e4 ja pettymys, mutta tiesin, ett\u00e4 minun t\u00e4ytyi olla jossain muualla, Petteri kertoi MTV Uutisten haastattelussa.<\/p>\n<p class=\"article-body mb-nof-24 px-nof-16\">Petteri ja Noora yrittiv\u00e4t MTV3:n mukaan lasta pari vuotta ennen kuin onnistuivat.<\/p>\n<p class=\"article-body mb-nof-24 px-nof-16\">\u2013 Jos lopputulos on noin el\u00e4m\u00e4\u00e4 suurempaa, mit\u00e4 tytt\u00f6 on tuonut maailmaan, niin minua ei harmita yht\u00e4\u00e4n, ett\u00e4 olin siell\u00e4 vain kolme p\u00e4iv\u00e4\u00e4, Petteri kertoo haastattelussa.<\/p>\n<p class=\"article-body mb-nof-24 px-nof-16\">P\u00e4\u00e4t\u00f6sjakson takaumissa n\u00e4ytet\u00e4\u00e4n, miten Petteri oli jo ennen ohjelmaa piirt\u00e4nyt kaavakuvia, miten verkot veteen asettelisi.<\/p>\n<p class=\"article-body mb-nof-24 px-nof-16\">\u2013\u2009Verkolla kalastaminen on kuin shakkia. Toisena p\u00e4iv\u00e4n\u00e4 sain kaksi lihavaa ahventa, elin siell\u00e4 kuin kuningas.<\/p>\n<p class=\"article-body mb-nof-24 px-nof-16\">Kotiin palattuaan Petteri kertoo joutuneensa k\u00e4sittelem\u00e4\u00e4n h\u00e4pe\u00e4\u00e4.<\/p>\n<p class=\"article-body mb-nof-24 px-nof-16\">\u2013\u2009Se ei mennyt, kuten suunnitteli. P\u00e4\u00e4 ei kest\u00e4nyt. Olisi voinut olla v\u00e4h\u00e4n pitemp\u00e4\u00e4n ja nauttia. Se oli alusta l\u00e4htien liikaa, painekattila joka r\u00e4j\u00e4hti.<\/p>\n<p class=\"article-body mb-nof-24 px-nof-16\">Lyhyell\u00e4kin er\u00e4maassa k\u00e4ynnill\u00e4 oli isot vaikutuksensa.<\/p>\n<p class=\"article-body mb-nof-24 px-nof-16\">\u2013\u2009Makasin s\u00e4ngyss\u00e4 kaksi kuukautta ennen kuin pystyin palaamaan t\u00f6ihin. Kolme p\u00e4iv\u00e4\u00e4 mets\u00e4ss\u00e4 kulminoitui kaikkeen aiempaan.<\/p>\n<p class=\"article-body mb-nof-24 px-nof-16\">\u2013\u2009On ehk\u00e4 tehnyt v\u00e4h\u00e4n liikaa t\u00f6it\u00e4 ja ollut ottamatta vapaita. T\u00e4m\u00e4 piti ottaa takaisin siin\u00e4, Petteri miettii.<\/p>\n<p class=\"article-body nof-ui-body-medium mb-nof-24 px-nof-16\">Alone Suomi, jakso 10\/10 MTV Katsomo+ 28.10. MTV3:lla jakso n\u00e4hd\u00e4\u00e4n 11.11.<\/p>\n","protected":false},"excerpt":{"rendered":"Alone Suomi -ohjelman muut kilpailijat liikuttuivat, kun kisan kuopus paljasti ilouutisen. Ensimm\u00e4isen\u00e4 Alone Suomi -selviytymiskisan omasta p\u00e4\u00e4t\u00f6ksest\u00e4\u00e4n j\u00e4tt\u00e4nyt&hellip;\n","protected":false},"author":2,"featured_media":74312,"comment_status":"","ping_status":"","sticky":false,"template":"","format":"standard","meta":{"footnotes":""},"categories":[133],"tags":[137,33,31,30,34,32,206,156,109],"class_list":{"0":"post-74311","1":"post","2":"type-post","3":"status-publish","4":"format-standard","5":"has-post-thumbnail","7":"category-televisiot","8":"tag-entertainment","9":"tag-fi","10":"tag-finland","11":"tag-finnish","12":"tag-ilta-sanomat","13":"tag-suomi","14":"tag-televisiot","15":"tag-tv","16":"tag-viihde"},"share_on_mastodon":{"url":"https:\/\/pubeurope.com\/@fi\/115450683436332461","error":""},"_links":{"self":[{"href":"https:\/\/www.europesays.com\/fi\/wp-json\/wp\/v2\/posts\/74311","targetHints":{"allow":["GET"]}}],"collection":[{"href":"https:\/\/www.europesays.com\/fi\/wp-json\/wp\/v2\/posts"}],"about":[{"href":"https:\/\/www.europesays.com\/fi\/wp-json\/wp\/v2\/types\/post"}],"author":[{"embeddable":true,"href":"https:\/\/www.europesays.com\/fi\/wp-json\/wp\/v2\/users\/2"}],"replies":[{"embeddable":true,"href":"https:\/\/www.europesays.com\/fi\/wp-json\/wp\/v2\/comments?post=74311"}],"version-history":[{"count":0,"href":"https:\/\/www.europesays.com\/fi\/wp-json\/wp\/v2\/posts\/74311\/revisions"}],"wp:featuredmedia":[{"embeddable":true,"href":"https:\/\/www.europesays.com\/fi\/wp-json\/wp\/v2\/media\/74312"}],"wp:attachment":[{"href":"https:\/\/www.europesays.com\/fi\/wp-json\/wp\/v2\/media?parent=74311"}],"wp:term":[{"taxonomy":"category","embeddable":true,"href":"https:\/\/www.europesays.com\/fi\/wp-json\/wp\/v2\/categories?post=74311"},{"taxonomy":"post_tag","embeddable":true,"href":"https:\/\/www.europesays.com\/fi\/wp-json\/wp\/v2\/tags?post=74311"}],"curies":[{"name":"wp","href":"https:\/\/api.w.org\/{rel}","templated":true}]}}