{"id":74317,"date":"2025-10-28T07:49:09","date_gmt":"2025-10-28T07:49:09","guid":{"rendered":"https:\/\/www.europesays.com\/fi\/74317\/"},"modified":"2025-10-28T07:49:09","modified_gmt":"2025-10-28T07:49:09","slug":"lauri-markkanen-torille","status":"publish","type":"post","link":"https:\/\/www.europesays.com\/fi\/74317\/","title":{"rendered":"Lauri Markkanen: Torille"},"content":{"rendered":"<p>Utah Jazz hehkuttaa suomalaisen tykki-iltaa.<\/p>\n<p><img decoding=\"async\" class=\"image image-show image-preview\" src=\"https:\/\/www.europesays.com\/fi\/wp-content\/uploads\/2025\/10\/ef449947b5ec3bb56ae7124a921f8859ad261611f36edad8394a693d7e7c2442.jpg\" alt=\"\"\/><img decoding=\"async\" class=\"image image-show\" src=\"https:\/\/www.europesays.com\/fi\/wp-content\/uploads\/2025\/10\/1761637749_5_ef449947b5ec3bb56ae7124a921f8859ad261611f36edad8394a693d7e7c2442.jpg\" alt=\"\"\/><\/p>\n<p>Media piiritti Lauri Markkasta hirmuillan j\u00e4lkeen. AOP<\/p>\n<p class=\"paragraph\"><strong>Lauri Markkanen<\/strong> takoi viime y\u00f6n\u00e4 per\u00e4ti 51 pistett\u00e4 Phoenixia vastaan.<\/p>\n<p class=\"paragraph\">Suomalaisesta tuli n\u00e4in <strong>Karl Malonen<\/strong> ja huhtikuun 1998 j\u00e4lkeen ensimm\u00e4inen Jazz-pelaaja, joka teki yhdess\u00e4 runkosarjaottelussa v\u00e4hint\u00e4\u00e4n 50 pistett\u00e4.<\/p>\n<p class=\"paragraph\">\u2013 Dare we say&#8230; TORILLE, <a href=\"https:\/\/www.instagram.com\/p\/DQVx7MbDXaI\/?igsh=MWdlaTd4bjRmYXRveQ%3D%3D&amp;img_index=5\" rel=\"noopener nofollow\" target=\"_blank\">Jazz kyseli suomalaisilta Instagramissa<\/a>.<\/p>\n<p class=\"paragraph\">Muutama suomalainen n\u00e4ytti kommenttikent\u00e4ss\u00e4 vihre\u00e4\u00e4 valoa idealle.<\/p>\n<p class=\"paragraph\">45 minuuttia ottelussa uurastaneelta Markkaselta kysyttiin ottelun j\u00e4lkeen areenan uumenissa, onko h\u00e4n v\u00e4synyt.<\/p>\n<p class=\"paragraph\">\u2013 En, en ole koskaan v\u00e4synyt, Markkanen vastasi.<\/p>\n<p class=\"paragraph\">Utahin suomalaist\u00e4hti on ollut kauden ensimm\u00e4isiss\u00e4 peleiss\u00e4 hirmuvireess\u00e4, sill\u00e4 Markkasen ottelukohtainen pistekeskiarvo on nyt 34,7.<\/p>\n<p class=\"paragraph\">Jazz-t\u00e4hte\u00e4 korkeampi pistekeskiarvo on vain <strong>Giannis Antetokounmpolla<\/strong> (36,0), <strong>Shai Gilgeous-Alexanderilla<\/strong> (35,8) ja <strong>Austin Reavesilla<\/strong> (35,8).<\/p>\n<p class=\"paragraph\">Utahin p\u00e4\u00e4valmentaja <strong>Will Hardy<\/strong><a href=\"https:\/\/x.com\/nba\/status\/1983037720302637076?s=46&amp;t=c57ibYTZv0YqfSjKTqtnYQ\" target=\"_blank\" rel=\"noopener nofollow\"> muistutti ottelun j\u00e4lkeen<\/a>, ett\u00e4 Markkanen on paljon muutakin kuin pelkk\u00e4 pistelinko. H\u00e4n on upea esimerkki muille pelaajille.<\/p>\n<p class=\"paragraph\">\u2013 H\u00e4n ei pyyd\u00e4 mit\u00e4\u00e4n. H\u00e4n ei valita mist\u00e4\u00e4n, vaikka h\u00e4nelle ei sy\u00f6tett\u00e4isi. H\u00e4n kannustaa muita, Hardy kehui Markkasen johtajan ominaisuuksia.<\/p>\n<p class=\"paragraph\">Valmentaja kertoi my\u00f6s, ett\u00e4 suomalainen pystyy keskittym\u00e4\u00e4n peliin, vaikka h\u00e4nt\u00e4 revit\u00e4\u00e4n ja rikotaan jatkuvasti niin, ett\u00e4 huulikin on v\u00e4lill\u00e4 auki.<\/p>\n<p class=\"paragraph\">\u2013 Haluamme, ett\u00e4 nuoret pelaajamme n\u00e4kev\u00e4t sen, ett\u00e4 on vain ment\u00e4v\u00e4 l\u00e4pi. Ei se ole aina kaunista ja helppoa.<\/p>\n<p class=\"paragraph\">Jazz on voittanut Markkasen johdolla kauden kolmesta ensimm\u00e4isest\u00e4 pelist\u00e4 kaksi. Phoenix-pelin j\u00e4lkeen joukkuekaveri <strong>Jusuf Nurki\u0107<\/strong> jakoi Markkasesta kuvan haastattelussa saatesanoilla Mister Finisher.<\/p>\n<p class=\"paragraph\">Markkanen \u201dkommentoi\u201d viestipalvelu X:ss\u00e4 Nurki\u0107in n\u00e4kemyst\u00e4 itkunauruhymi\u00f6ll\u00e4. Lis\u00e4ksi suomalainen hehkutti voiton j\u00e4lkeen joukkuettaan.<\/p>\n<p class=\"paragraph\">\u2013 Rakastan t\u00e4t\u00e4 joukkuetta, jatketaan samaan malliin, Markkanen hehkutti.<\/p>\n<p class=\"paragraph\">Jos kuvat ja videot eiv\u00e4t n\u00e4y laitteellasi, voit katsoa ne <a href=\"https:\/\/www.instagram.com\/p\/DQVx7MbDXaI\/?igsh=MWdlaTd4bjRmYXRveQ%3D%3D&amp;img_index=3\" rel=\"noopener nofollow\" target=\"_blank\">t\u00e4\u00e4lt\u00e4<\/a>.<\/p>\n<p class=\"paragraph\">Jos Nurki\u0107in kommentti ei n\u00e4y laitteellasi, voit katsoa sen <a href=\"https:\/\/x.com\/MarkkanenLauri\/status\/1983053425542869370\" target=\"_blank\" rel=\"noopener nofollow\">t\u00e4\u00e4lt\u00e4<\/a>.<\/p>\n<p class=\"paragraph\">Jos Hardyn kommentit eiv\u00e4t n\u00e4y laitteellasi, voit katsoa ne <a href=\"https:\/\/x.com\/nba\/status\/1983037720302637076?s=46&amp;t=c57ibYTZv0YqfSjKTqtnYQ\" rel=\"noopener nofollow\">t\u00e4\u00e4lt\u00e4<\/a>.<\/p>\n<p><script async src=\"\/\/www.instagram.com\/embed.js\"><\/script><\/p>\n","protected":false},"excerpt":{"rendered":"Utah Jazz hehkuttaa suomalaisen tykki-iltaa. Media piiritti Lauri Markkasta hirmuillan j\u00e4lkeen. AOP Lauri Markkanen takoi viime y\u00f6n\u00e4 per\u00e4ti&hellip;\n","protected":false},"author":2,"featured_media":74318,"comment_status":"","ping_status":"","sticky":false,"template":"","format":"standard","meta":{"footnotes":""},"categories":[158],"tags":[35,3289,33,31,30,41,1703,5037,159,32,160,161],"class_list":{"0":"post-74317","1":"post","2":"type-post","3":"status-publish","4":"format-standard","5":"has-post-thumbnail","7":"category-urheilu","8":"tag-24h","9":"tag-ammattilaiskoripallo","10":"tag-fi","11":"tag-finland","12":"tag-finnish","13":"tag-liikunta-ja-urheilu","14":"tag-miesten-koripallo","15":"tag-national-basketball-association-nba","16":"tag-sports","17":"tag-suomi","18":"tag-urheilu","19":"tag-urheilutapahtumat"},"share_on_mastodon":{"url":"https:\/\/pubeurope.com\/@fi\/115450699070130643","error":""},"_links":{"self":[{"href":"https:\/\/www.europesays.com\/fi\/wp-json\/wp\/v2\/posts\/74317","targetHints":{"allow":["GET"]}}],"collection":[{"href":"https:\/\/www.europesays.com\/fi\/wp-json\/wp\/v2\/posts"}],"about":[{"href":"https:\/\/www.europesays.com\/fi\/wp-json\/wp\/v2\/types\/post"}],"author":[{"embeddable":true,"href":"https:\/\/www.europesays.com\/fi\/wp-json\/wp\/v2\/users\/2"}],"replies":[{"embeddable":true,"href":"https:\/\/www.europesays.com\/fi\/wp-json\/wp\/v2\/comments?post=74317"}],"version-history":[{"count":0,"href":"https:\/\/www.europesays.com\/fi\/wp-json\/wp\/v2\/posts\/74317\/revisions"}],"wp:featuredmedia":[{"embeddable":true,"href":"https:\/\/www.europesays.com\/fi\/wp-json\/wp\/v2\/media\/74318"}],"wp:attachment":[{"href":"https:\/\/www.europesays.com\/fi\/wp-json\/wp\/v2\/media?parent=74317"}],"wp:term":[{"taxonomy":"category","embeddable":true,"href":"https:\/\/www.europesays.com\/fi\/wp-json\/wp\/v2\/categories?post=74317"},{"taxonomy":"post_tag","embeddable":true,"href":"https:\/\/www.europesays.com\/fi\/wp-json\/wp\/v2\/tags?post=74317"}],"curies":[{"name":"wp","href":"https:\/\/api.w.org\/{rel}","templated":true}]}}