{"id":74323,"date":"2025-10-28T07:54:10","date_gmt":"2025-10-28T07:54:10","guid":{"rendered":"https:\/\/www.europesays.com\/fi\/74323\/"},"modified":"2025-10-28T07:54:10","modified_gmt":"2025-10-28T07:54:10","slug":"pohjoismaiden-paaministerit-ja-von-der-leyen-tapaavat-tukholmassa-uutissuomalainen","status":"publish","type":"post","link":"https:\/\/www.europesays.com\/fi\/74323\/","title":{"rendered":"Pohjoismaiden p\u00e4\u00e4ministerit ja von der Leyen tapaavat Tukholmassa | Uutissuomalainen"},"content":{"rendered":"<p>Pohjoismaiden p\u00e4\u00e4ministerit kokoontuvat tiistaina Tukholmaan, kun Pohjoismaiden neuvoston vuosittainen istunto alkaa. T\u00e4n\u00e4 vuonna mukana on my\u00f6s EU-komission puheenjohtaja Ursula von der Leyen.<\/p>\n<p>P\u00e4iv\u00e4n alkajaisiksi von der Leyen kokoustaa pohjoismaisten hallitusten johtajien kanssa. Suomesta mukana on p\u00e4\u00e4ministeri Petteri Orpo (kok.).<\/p>\n<p>Kokouksen aiheita ovat ennakkotietojen mukaan esimerkiksi kilpailukyky, kokonaisturvallisuus sek\u00e4 varautumis- ja resilienssity\u00f6 eli kriisinkest\u00e4vyyden edist\u00e4minen. Suomi ja Ahvenanmaa ovat toimineet Pohjoismaiden ministerineuvoston puheenjohtajina t\u00e4n\u00e4 vuonna ja pit\u00e4neet n\u00e4it\u00e4 teemoja esill\u00e4.<\/p>\n<p>Aamun kokouksen j\u00e4lkeen von der Leyenin ja hallitusten johtajien on m\u00e4\u00e4r\u00e4 pit\u00e4\u00e4 tiedotustilaisuus.<\/p>\n<p>\t\t\t\tPohjoismaisten kansanedustajien kokous<\/p>\n<p>Tiistaina avataan my\u00f6s virallisesti Pohjoismaiden neuvoston 77. istunto, joka j\u00e4rjestet\u00e4\u00e4n Ruotsin valtiop\u00e4ivill\u00e4 Tukholmassa. T\u00e4n\u00e4 vuonna istunnon teemoja ovat pohjoismainen yhteenkuuluvuus ja pohjoismainen arjen hy\u00f6ty.<\/p>\n<p>P\u00e4\u00e4puhuja von der Leyen aikoo puhua pohjoismaisista arvoista ja yhten\u00e4isyydest\u00e4 vaikeina aikoina. My\u00f6s Suomen Petteri Orpo pit\u00e4\u00e4 istunnossa puheen.<\/p>\n<p>Istunto alkaa virallisesti tiistaina ja kest\u00e4\u00e4 torstaihin asti. Istuntoon kokoontuu 87 pohjoismaista kansanedustajaa. Viikon aikana kansanedustajien on m\u00e4\u00e4r\u00e4 keskustella valiokunnissa muun muassa pohjoismaisen elokuva-alan tilanteesta, vammaisalan hankkeista, rajaesteist\u00e4 ja kiertotaloudesta.<\/p>\n<p>\t\t\t\tSuomelle neuvoston puheenjohtajuus<\/p>\n<p>Istuntoviikon yhteydess\u00e4 j\u00e4rjestet\u00e4\u00e4n kokouksia my\u00f6s esimerkiksi eri alojen ministereiden ja parlamenttien puhemiesten kesken. Suomalaisministereist\u00e4 viikolle osallistuvat pohjoismaisesta yhteisty\u00f6st\u00e4 vastaava opetusministeri Anders Adlercreutz (r.), tiede- ja kulttuuriministeri Mari-Leena Talvitie (kok.), sosiaaliturvaministeri Sanni Grahn-Laasonen (kok.) sek\u00e4 ymp\u00e4rist\u00f6- ja ilmastoministeri Sari Multala (kok.).<\/p>\n<p>Pohjoismaiden neuvostoon kuuluvat Suomi, Ruotsi, Norja, Tanska, Islanti, F\u00e4rsaaret, Gr\u00f6nlanti ja Ahvenanmaa. T\u00e4n\u00e4 vuonna Suomi ja Ahvenanmaa ovat johtaneet ministerineuvostoa, ja ensi vuonna Pohjoismaiden neuvoston puheenjohtajuus siirtyy Suomelle ja Ahvenanmaalle.<\/p>\n","protected":false},"excerpt":{"rendered":"Pohjoismaiden p\u00e4\u00e4ministerit kokoontuvat tiistaina Tukholmaan, kun Pohjoismaiden neuvoston vuosittainen istunto alkaa. T\u00e4n\u00e4 vuonna mukana on my\u00f6s EU-komission puheenjohtaja&hellip;\n","protected":false},"author":2,"featured_media":74324,"comment_status":"","ping_status":"","sticky":false,"template":"","format":"standard","meta":{"footnotes":""},"categories":[14],"tags":[22,23,1617,26,27,33,31,30,17,24,25,28,29,15,385,18,21,142,637,886,110,32,19,20,2693,56,16,59,60,61],"class_list":{"0":"post-74323","1":"post","2":"type-post","3":"status-publish","4":"format-standard","5":"has-post-thumbnail","7":"category-ulkomaat","8":"tag-breaking-news","9":"tag-breakingnews","10":"tag-euroopan-unioni","11":"tag-featured-news","12":"tag-featurednews","13":"tag-fi","14":"tag-finland","15":"tag-finnish","16":"tag-headlines","17":"tag-latest-news","18":"tag-latestnews","19":"tag-main-news","20":"tag-mainnews","21":"tag-news","22":"tag-norja","23":"tag-otsikot","24":"tag-paauutiset","25":"tag-poliitikot","26":"tag-politiikka","27":"tag-puolueet","28":"tag-ruotsi","29":"tag-suomi","30":"tag-top-stories","31":"tag-topstories","32":"tag-tukholma","33":"tag-ulkomaat","34":"tag-uutiset","35":"tag-world","36":"tag-world-news","37":"tag-worldnews"},"share_on_mastodon":{"url":"https:\/\/pubeurope.com\/@fi\/115450718743090702","error":""},"_links":{"self":[{"href":"https:\/\/www.europesays.com\/fi\/wp-json\/wp\/v2\/posts\/74323","targetHints":{"allow":["GET"]}}],"collection":[{"href":"https:\/\/www.europesays.com\/fi\/wp-json\/wp\/v2\/posts"}],"about":[{"href":"https:\/\/www.europesays.com\/fi\/wp-json\/wp\/v2\/types\/post"}],"author":[{"embeddable":true,"href":"https:\/\/www.europesays.com\/fi\/wp-json\/wp\/v2\/users\/2"}],"replies":[{"embeddable":true,"href":"https:\/\/www.europesays.com\/fi\/wp-json\/wp\/v2\/comments?post=74323"}],"version-history":[{"count":0,"href":"https:\/\/www.europesays.com\/fi\/wp-json\/wp\/v2\/posts\/74323\/revisions"}],"wp:featuredmedia":[{"embeddable":true,"href":"https:\/\/www.europesays.com\/fi\/wp-json\/wp\/v2\/media\/74324"}],"wp:attachment":[{"href":"https:\/\/www.europesays.com\/fi\/wp-json\/wp\/v2\/media?parent=74323"}],"wp:term":[{"taxonomy":"category","embeddable":true,"href":"https:\/\/www.europesays.com\/fi\/wp-json\/wp\/v2\/categories?post=74323"},{"taxonomy":"post_tag","embeddable":true,"href":"https:\/\/www.europesays.com\/fi\/wp-json\/wp\/v2\/tags?post=74323"}],"curies":[{"name":"wp","href":"https:\/\/api.w.org\/{rel}","templated":true}]}}