{"id":74325,"date":"2025-10-28T07:55:07","date_gmt":"2025-10-28T07:55:07","guid":{"rendered":"https:\/\/www.europesays.com\/fi\/74325\/"},"modified":"2025-10-28T07:55:07","modified_gmt":"2025-10-28T07:55:07","slug":"lohduton-luku-huumekuolemista-nyt-tuli-kova-vaatimus-iltalehti","status":"publish","type":"post","link":"https:\/\/www.europesays.com\/fi\/74325\/","title":{"rendered":"Lohduton luku huumekuolemista \u2013 Nyt tuli kova vaatimus &#8211; Iltalehti"},"content":{"rendered":"<ol>\n<li><a href=\"https:\/\/news.google.com\/rss\/articles\/CBMie0FVX3lxTE9JMm9jTTdhd0Z0ZGZON2RacEpXSF9zazV2anVkdUpHZWZhU0JfSFVSSzZ5LUxQRWFuQnV0UFNYeVBTU3hJUHR0T0FHZXZ3STlhMm42SXlqTHNJaXJ2ZWt0NWZMTy1FYmFWTzN1WGExem45U1diakF4VXdWQQ?oc=5\" target=\"_blank\" rel=\"nofollow noopener\">Lohduton luku huumekuolemista \u2013 Nyt tuli kova vaatimus<\/a>&nbsp;&nbsp;Iltalehti<\/li>\n<li><a href=\"https:\/\/news.google.com\/rss\/articles\/CBMiQkFVX3lxTE4xQ09vaEwxQU9uRDlrNDJaa0s3SDhGLXhBb2VaT2Zwem10WVVSUU5JRWhDdTQ3bXNOZ2FvQXVQNTcwdw?oc=5\" target=\"_blank\" rel=\"nofollow noopener\">THL: Yli 200 ihmist\u00e4 kuoli yliannostuksiin viime vuonna \u2013 viidesosa alle 25-vuotiaita nuoria<\/a>&nbsp;&nbsp;Yle<\/li>\n<li><a href=\"https:\/\/news.google.com\/rss\/articles\/CBMijAFBVV95cUxQUDdlU1NtdlFqZG9IQ01oV0stX2VuLXZ4cXhWXzIxbHQwVWlyNmZNcDNjUUV0ZGJ3U3hPZWtaTXlaMGpfdEpHWjFyWXpxbVMyZE95VHVwakhpcUUyc2EyY0RiU0Z1ZFg4WW85ekNUSlJFSHQ3c3pEY2M1UWdDcGlnRy1PRV84WDl0NWdRcw?oc=5\" target=\"_blank\" rel=\"nofollow noopener\">Huumemyrkytyksiin kuoli viime vuonna yli 200 ihmist\u00e4<\/a>&nbsp;&nbsp;Verkkouutiset<\/li>\n<li><a href=\"https:\/\/news.google.com\/rss\/articles\/CBMi8wFBVV95cUxQY3FPbG9rUlNWWDBlNjhqTk5IMktxYTRrbURPd1RSaTBnUVp2Sy1WcnB6VTdvYVkxY2dwUHF2OF9qbjJHdWNrczE5VlRkTFhfN3FwMVVjMlcwRnBNNWJkVnRlUEhDSkhwcTVkLUI4RTJWQ1lGVTFUY0lYTzdCeUFxbW1kN01Qdk5OVzIyOXRGSGozLXFUczI3d2FQRkhTMGxITUw1eEdOcmlYVDZTeUNkTUhyVDByeWU1STVUYnpDN2thWWR5cWc4Tmd6U3lzRDlicDNYdi1vN1dZbWhzRy11U0VVQmctQnJ0OFhsNE1BUV9aVXc?oc=5\" target=\"_blank\" rel=\"nofollow noopener\">Yliannostuksiin kuoli viime vuonna yli 200 ihmist\u00e4 \u2013 \u201csuurin osa kuolemista olisi ehk\u00e4ist\u00e4viss\u00e4\u201c<\/a>&nbsp;&nbsp;STT Info<\/li>\n<\/ol>\n","protected":false},"excerpt":{"rendered":"Lohduton luku huumekuolemista \u2013 Nyt tuli kova vaatimus&nbsp;&nbsp;Iltalehti THL: Yli 200 ihmist\u00e4 kuoli yliannostuksiin viime vuonna \u2013 viidesosa&hellip;\n","protected":false},"author":2,"featured_media":74326,"comment_status":"","ping_status":"","sticky":false,"template":"","format":"standard","meta":{"footnotes":""},"categories":[12],"tags":[35,3039,22,23,26,27,33,31,30,17,700,24,25,28,29,15,18,21,694,32,502,167,19,20,16],"class_list":{"0":"post-74325","1":"post","2":"type-post","3":"status-publish","4":"format-standard","5":"has-post-thumbnail","7":"category-suomi","8":"tag-24h","9":"tag-alkoholijuomat","10":"tag-breaking-news","11":"tag-breakingnews","12":"tag-featured-news","13":"tag-featurednews","14":"tag-fi","15":"tag-finland","16":"tag-finnish","17":"tag-headlines","18":"tag-laakkeet-ja-paihteet","19":"tag-latest-news","20":"tag-latestnews","21":"tag-main-news","22":"tag-mainnews","23":"tag-news","24":"tag-otsikot","25":"tag-paauutiset","26":"tag-paihteet","27":"tag-suomi","28":"tag-terveydenhoito","29":"tag-terveys","30":"tag-top-stories","31":"tag-topstories","32":"tag-uutiset"},"share_on_mastodon":{"url":"https:\/\/pubeurope.com\/@fi\/115450722694704599","error":""},"_links":{"self":[{"href":"https:\/\/www.europesays.com\/fi\/wp-json\/wp\/v2\/posts\/74325","targetHints":{"allow":["GET"]}}],"collection":[{"href":"https:\/\/www.europesays.com\/fi\/wp-json\/wp\/v2\/posts"}],"about":[{"href":"https:\/\/www.europesays.com\/fi\/wp-json\/wp\/v2\/types\/post"}],"author":[{"embeddable":true,"href":"https:\/\/www.europesays.com\/fi\/wp-json\/wp\/v2\/users\/2"}],"replies":[{"embeddable":true,"href":"https:\/\/www.europesays.com\/fi\/wp-json\/wp\/v2\/comments?post=74325"}],"version-history":[{"count":0,"href":"https:\/\/www.europesays.com\/fi\/wp-json\/wp\/v2\/posts\/74325\/revisions"}],"wp:featuredmedia":[{"embeddable":true,"href":"https:\/\/www.europesays.com\/fi\/wp-json\/wp\/v2\/media\/74326"}],"wp:attachment":[{"href":"https:\/\/www.europesays.com\/fi\/wp-json\/wp\/v2\/media?parent=74325"}],"wp:term":[{"taxonomy":"category","embeddable":true,"href":"https:\/\/www.europesays.com\/fi\/wp-json\/wp\/v2\/categories?post=74325"},{"taxonomy":"post_tag","embeddable":true,"href":"https:\/\/www.europesays.com\/fi\/wp-json\/wp\/v2\/tags?post=74325"}],"curies":[{"name":"wp","href":"https:\/\/api.w.org\/{rel}","templated":true}]}}