{"id":74345,"date":"2025-10-28T08:20:09","date_gmt":"2025-10-28T08:20:09","guid":{"rendered":"https:\/\/www.europesays.com\/fi\/74345\/"},"modified":"2025-10-28T08:20:09","modified_gmt":"2025-10-28T08:20:09","slug":"pohjois-korea-venajan-putin-ja-pohjois-korean-ulkoministeri-keskustelivat-kremlissa-suhteiden-vahvistamisesta-uutisia-lyhyesti","status":"publish","type":"post","link":"https:\/\/www.europesays.com\/fi\/74345\/","title":{"rendered":"Pohjois-Korea: Ven\u00e4j\u00e4n Putin ja Pohjois-Korean ulkoministeri keskustelivat Kremliss\u00e4 suhteiden vahvistamisesta | Uutisia lyhyesti"},"content":{"rendered":"<p class=\"aw-1gybjub aw-5vja16 ghpEtB kjanFo yle__article__paragraph\">Pohjois-Korean ja Ven\u00e4j\u00e4n suhteet ovat l\u00e4hentyneet Ukrainan sodan aikana. <\/p>\n<p><img decoding=\"async\" alt=\"Presidentti Putin ja Pohjois-Korean ulkoministeri k\u00e4ttelev\u00e4t Kremliss\u00e4.\" src=\"https:\/\/www.europesays.com\/fi\/wp-content\/uploads\/2025\/10\/39-154436968fff5e51c23a.jpeg\" class=\"aw-1l9m598 hKVVvP\"\/><\/p>\n<p>Avaa kuvien katselu<\/p>\n<p>Ven\u00e4j\u00e4n presidentti Vladimir Putin ja Pohjois-Korean ulkoministeri Choe Son-hui tapasivat maanantaina Kremliss\u00e4. Kuva: Vyacheslav Prokofyev \/ AFP \/Lehtikuva<\/p>\n<p class=\"aw-1gybjub aw-1p7kakr ghpEtB jtovHP yle__article__paragraph\">Pohjois-Korean ulkoministeri <strong class=\"aw-ak79eh KyCXm yle__article__strong\">Choe Son-hui<\/strong> on tavannut Ven\u00e4j\u00e4n presidentin <strong class=\"aw-ak79eh KyCXm yle__article__strong\">Vladimir Putinin<\/strong> maanantaina Kremliss\u00e4, kertoi Pohjois-Korean valtiollinen uutistoimisto KCNA sik\u00e4l\u00e4ist\u00e4 aikaa tiistaina.<\/p>\n<p class=\"aw-1gybjub aw-1p7kakr ghpEtB jtovHP yle__article__paragraph\">Pohjois-Korean ulkoministeri v\u00e4litti Putinille Pohjois-Korean itsevaltaisen johtajan <strong class=\"aw-ak79eh KyCXm yle__article__strong\">Kim Jong-unin<\/strong> vahvat \u201dveljelliset terveiset\u201d. Kaksikko keskusteli Moskovassa maiden suhteiden vahvistamisesta.<\/p>\n<p class=\"aw-1gybjub aw-1p7kakr ghpEtB jtovHP yle__article__paragraph\">Ven\u00e4j\u00e4ll\u00e4 vieraillut Choe Son-hui keskusteli maanantaina my\u00f6s Ven\u00e4j\u00e4n ulkoministerin <strong class=\"aw-ak79eh KyCXm yle__article__strong\">Sergei Lavrovin<\/strong> kanssa. KCNA:n mukaan globaaleja kysymyksi\u00e4 koskeneissa strategisissa neuvotteluissa p\u00e4\u00e4stiin sopimukseen useissa eri kohdissa.<\/p>\n<p class=\"aw-1gybjub aw-1p7kakr ghpEtB jtovHP yle__article__paragraph\">Pohjois-Korean ja Ven\u00e4j\u00e4n suhteet ovat l\u00e4hentyneet Ukrainan sodan aikana. Pohjois-Korea on tiett\u00e4v\u00e4sti ainoa ulkovalta, joka on l\u00e4hett\u00e4nyt sotilaitaan Ven\u00e4j\u00e4n tueksi.<\/p>\n<p class=\"aw-1gybjub aw-1p7kakr ghpEtB jtovHP yle__article__paragraph\">L\u00e4hde: Reuters<\/p>\n","protected":false},"excerpt":{"rendered":"Pohjois-Korean ja Ven\u00e4j\u00e4n suhteet ovat l\u00e4hentyneet Ukrainan sodan aikana. Avaa kuvien katselu Ven\u00e4j\u00e4n presidentti Vladimir Putin ja Pohjois-Korean&hellip;\n","protected":false},"author":2,"featured_media":74346,"comment_status":"","ping_status":"","sticky":false,"template":"","format":"standard","meta":{"footnotes":""},"categories":[14],"tags":[22,23,16044,26,27,33,31,30,17,70,16043,7646,24,25,28,29,12029,15,18,21,7741,7276,32,19,20,56,16,547,2257,59,60,61],"class_list":{"0":"post-74345","1":"post","2":"type-post","3":"status-publish","4":"format-standard","5":"has-post-thumbnail","7":"category-ulkomaat","8":"tag-breaking-news","9":"tag-breakingnews","10":"tag-choe-son-hui","11":"tag-featured-news","12":"tag-featurednews","13":"tag-fi","14":"tag-finland","15":"tag-finnish","16":"tag-headlines","17":"tag-kansainvalinen-politiikka","18":"tag-kcna","19":"tag-kim-jong-un","20":"tag-latest-news","21":"tag-latestnews","22":"tag-main-news","23":"tag-mainnews","24":"tag-moskova","25":"tag-news","26":"tag-otsikot","27":"tag-paauutiset","28":"tag-pohjois-korea","29":"tag-sergei-lavrov","30":"tag-suomi","31":"tag-top-stories","32":"tag-topstories","33":"tag-ulkomaat","34":"tag-uutiset","35":"tag-venaja","36":"tag-vladimir-putin","37":"tag-world","38":"tag-world-news","39":"tag-worldnews"},"share_on_mastodon":{"url":"","error":"Validation failed: Text character limit of 500 exceeded"},"_links":{"self":[{"href":"https:\/\/www.europesays.com\/fi\/wp-json\/wp\/v2\/posts\/74345","targetHints":{"allow":["GET"]}}],"collection":[{"href":"https:\/\/www.europesays.com\/fi\/wp-json\/wp\/v2\/posts"}],"about":[{"href":"https:\/\/www.europesays.com\/fi\/wp-json\/wp\/v2\/types\/post"}],"author":[{"embeddable":true,"href":"https:\/\/www.europesays.com\/fi\/wp-json\/wp\/v2\/users\/2"}],"replies":[{"embeddable":true,"href":"https:\/\/www.europesays.com\/fi\/wp-json\/wp\/v2\/comments?post=74345"}],"version-history":[{"count":0,"href":"https:\/\/www.europesays.com\/fi\/wp-json\/wp\/v2\/posts\/74345\/revisions"}],"wp:featuredmedia":[{"embeddable":true,"href":"https:\/\/www.europesays.com\/fi\/wp-json\/wp\/v2\/media\/74346"}],"wp:attachment":[{"href":"https:\/\/www.europesays.com\/fi\/wp-json\/wp\/v2\/media?parent=74345"}],"wp:term":[{"taxonomy":"category","embeddable":true,"href":"https:\/\/www.europesays.com\/fi\/wp-json\/wp\/v2\/categories?post=74345"},{"taxonomy":"post_tag","embeddable":true,"href":"https:\/\/www.europesays.com\/fi\/wp-json\/wp\/v2\/tags?post=74345"}],"curies":[{"name":"wp","href":"https:\/\/api.w.org\/{rel}","templated":true}]}}