{"id":74364,"date":"2025-10-28T08:45:09","date_gmt":"2025-10-28T08:45:09","guid":{"rendered":"https:\/\/www.europesays.com\/fi\/74364\/"},"modified":"2025-10-28T08:45:09","modified_gmt":"2025-10-28T08:45:09","slug":"nelipyora-jatkaa-laajentumistaan-jatkossa-toimintaa-kahdeksalla-paikkakunnalla-paikalliset","status":"publish","type":"post","link":"https:\/\/www.europesays.com\/fi\/74364\/","title":{"rendered":"Nelipy\u00f6r\u00e4 jatkaa laajentumistaan \u2013 Jatkossa toimintaa kahdeksalla paikkakunnalla | Paikalliset"},"content":{"rendered":"<p>Nelipy\u00f6r\u00e4 oy<\/p>\n<p>Nelipy\u00f6r\u00e4 on Osuuskauppa H\u00e4meenmaan ja Kymen Seudun Osuuskaupan omistama autokauppa. <\/p>\n<p>Nelipy\u00f6r\u00e4n ennuste vuoden 2025 myynnist\u00e4 on noin 200 miljoonaa euroa, ja Nelipy\u00f6r\u00e4ss\u00e4 ty\u00f6skentelee 350 alan ammattilaista.<\/p>\n<p>Nelipy\u00f6r\u00e4 toimii seitsem\u00e4ll\u00e4 paikkakunnalla: Lahdessa, Lappeenrannassa, H\u00e4meenlinnassa, Hyvink\u00e4\u00e4ll\u00e4, Kotkassa, Kouvolassa ja Sein\u00e4joella.<\/p>\n","protected":false},"excerpt":{"rendered":"Nelipy\u00f6r\u00e4 oy Nelipy\u00f6r\u00e4 on Osuuskauppa H\u00e4meenmaan ja Kymen Seudun Osuuskaupan omistama autokauppa. Nelipy\u00f6r\u00e4n ennuste vuoden 2025 myynnist\u00e4 on&hellip;\n","protected":false},"author":2,"featured_media":74365,"comment_status":"","ping_status":"","sticky":false,"template":"","format":"standard","meta":{"footnotes":""},"categories":[76],"tags":[648,79,77,33,31,30,2109,5201,16045,402,32,78,128],"class_list":{"0":"post-74364","1":"post","2":"type-post","3":"status-publish","4":"format-standard","5":"has-post-thumbnail","7":"category-talous","8":"tag-autot","9":"tag-business","10":"tag-economy","11":"tag-fi","12":"tag-finland","13":"tag-finnish","14":"tag-hameenlinna","15":"tag-hyvinkaa","16":"tag-nelipyora-oy","17":"tag-rakentaminen-kiinteistot","18":"tag-suomi","19":"tag-talous","20":"tag-tieliikenne"},"share_on_mastodon":{"url":"https:\/\/pubeurope.com\/@fi\/115450919224422839","error":""},"_links":{"self":[{"href":"https:\/\/www.europesays.com\/fi\/wp-json\/wp\/v2\/posts\/74364","targetHints":{"allow":["GET"]}}],"collection":[{"href":"https:\/\/www.europesays.com\/fi\/wp-json\/wp\/v2\/posts"}],"about":[{"href":"https:\/\/www.europesays.com\/fi\/wp-json\/wp\/v2\/types\/post"}],"author":[{"embeddable":true,"href":"https:\/\/www.europesays.com\/fi\/wp-json\/wp\/v2\/users\/2"}],"replies":[{"embeddable":true,"href":"https:\/\/www.europesays.com\/fi\/wp-json\/wp\/v2\/comments?post=74364"}],"version-history":[{"count":0,"href":"https:\/\/www.europesays.com\/fi\/wp-json\/wp\/v2\/posts\/74364\/revisions"}],"wp:featuredmedia":[{"embeddable":true,"href":"https:\/\/www.europesays.com\/fi\/wp-json\/wp\/v2\/media\/74365"}],"wp:attachment":[{"href":"https:\/\/www.europesays.com\/fi\/wp-json\/wp\/v2\/media?parent=74364"}],"wp:term":[{"taxonomy":"category","embeddable":true,"href":"https:\/\/www.europesays.com\/fi\/wp-json\/wp\/v2\/categories?post=74364"},{"taxonomy":"post_tag","embeddable":true,"href":"https:\/\/www.europesays.com\/fi\/wp-json\/wp\/v2\/tags?post=74364"}],"curies":[{"name":"wp","href":"https:\/\/api.w.org\/{rel}","templated":true}]}}