{"id":74500,"date":"2025-10-28T11:46:17","date_gmt":"2025-10-28T11:46:17","guid":{"rendered":"https:\/\/www.europesays.com\/fi\/74500\/"},"modified":"2025-10-28T11:46:17","modified_gmt":"2025-10-28T11:46:17","slug":"tassa-vilahtaa-pian-esiteltava-kaikkien-aikojen-halvin-nothing-puhelin","status":"publish","type":"post","link":"https:\/\/www.europesays.com\/fi\/74500\/","title":{"rendered":"T\u00e4ss\u00e4 vilahtaa pian esitelt\u00e4v\u00e4 kaikkien aikojen halvin Nothing-puhelin"},"content":{"rendered":"<p class=\"is-style-dropcap\"><a href=\"https:\/\/muropaketti.com\/avainsana\/nothing\/\" rel=\"nofollow noopener\" target=\"_blank\">Nothing<\/a> on vahvistanut julkaisevansa ensimm\u00e4isen edullisen \u00e4lypuhelimensa, Phone (3a) Liten, keskiviikkona 29. lokakuuta klo 15 Suomen aikaa. Malli on kevyempi ja halvempi versio Nothing Phone (3a):sta ja jatkaa br\u00e4ndin tuttua l\u00e4pin\u00e4kyv\u00e4\u00e4 designia.<\/p>\n<p>Lyhyess\u00e4 teaser-videossa vilahtaa yksi vilkkuva led-valo, joka on osa Glyph Matrix -ilmoitusj\u00e4rjestelm\u00e4\u00e4. Vuotojen mukaan laite sis\u00e4lt\u00e4\u00e4 Dimensity 7300 -piirisarjan, 8 Gt RAM-muistia ja tulee saataville mustana ja valkoisena. Julkaisu tapahtuu globaalisti ja hinnan odotetaan sijoittuvan 230\u2013250 euron v\u00e4lille (8\/128 Gt -malli).<\/p>\n<p><strong>LUE MY\u00d6S:<\/strong> <\/p>\n<blockquote class=\"twitter-tweet\">\n<p lang=\"en\" dir=\"ltr\">Phone (3a) Lite. 29.10. 13.00 GMT.<\/p>\n<p>Light up the everyday. <a href=\"https:\/\/t.co\/VVNclQ6mEl\" rel=\"nofollow\">pic.twitter.com\/VVNclQ6mEl<\/a><\/p>\n<p>\u2014 Nothing (@nothing) <a href=\"https:\/\/twitter.com\/nothing\/status\/1982718918536954334?ref_src=twsrc%5Etfw\" rel=\"nofollow noopener\" target=\"_blank\">October 27, 2025<\/a><\/p><\/blockquote>\n<p><script async src=\"https:\/\/platform.twitter.com\/widgets.js\" charset=\"utf-8\"><\/script><\/p>\n","protected":false},"excerpt":{"rendered":"Nothing on vahvistanut julkaisevansa ensimm\u00e4isen edullisen \u00e4lypuhelimensa, Phone (3a) Liten, keskiviikkona 29. lokakuuta klo 15 Suomen aikaa. Malli&hellip;\n","protected":false},"author":2,"featured_media":74501,"comment_status":"","ping_status":"","sticky":false,"template":"","format":"standard","meta":{"footnotes":""},"categories":[84],"tags":[562,33,31,30,7155,32,91,92],"class_list":{"0":"post-74500","1":"post","2":"type-post","3":"status-publish","4":"format-standard","5":"has-post-thumbnail","7":"category-teknologia","8":"tag-alypuhelimet","9":"tag-fi","10":"tag-finland","11":"tag-finnish","12":"tag-nothing","13":"tag-suomi","14":"tag-technology","15":"tag-teknologia"},"share_on_mastodon":{"url":"https:\/\/pubeurope.com\/@fi\/115451630981544278","error":""},"_links":{"self":[{"href":"https:\/\/www.europesays.com\/fi\/wp-json\/wp\/v2\/posts\/74500","targetHints":{"allow":["GET"]}}],"collection":[{"href":"https:\/\/www.europesays.com\/fi\/wp-json\/wp\/v2\/posts"}],"about":[{"href":"https:\/\/www.europesays.com\/fi\/wp-json\/wp\/v2\/types\/post"}],"author":[{"embeddable":true,"href":"https:\/\/www.europesays.com\/fi\/wp-json\/wp\/v2\/users\/2"}],"replies":[{"embeddable":true,"href":"https:\/\/www.europesays.com\/fi\/wp-json\/wp\/v2\/comments?post=74500"}],"version-history":[{"count":0,"href":"https:\/\/www.europesays.com\/fi\/wp-json\/wp\/v2\/posts\/74500\/revisions"}],"wp:featuredmedia":[{"embeddable":true,"href":"https:\/\/www.europesays.com\/fi\/wp-json\/wp\/v2\/media\/74501"}],"wp:attachment":[{"href":"https:\/\/www.europesays.com\/fi\/wp-json\/wp\/v2\/media?parent=74500"}],"wp:term":[{"taxonomy":"category","embeddable":true,"href":"https:\/\/www.europesays.com\/fi\/wp-json\/wp\/v2\/categories?post=74500"},{"taxonomy":"post_tag","embeddable":true,"href":"https:\/\/www.europesays.com\/fi\/wp-json\/wp\/v2\/tags?post=74500"}],"curies":[{"name":"wp","href":"https:\/\/api.w.org\/{rel}","templated":true}]}}