{"id":74529,"date":"2025-10-28T12:17:08","date_gmt":"2025-10-28T12:17:08","guid":{"rendered":"https:\/\/www.europesays.com\/fi\/74529\/"},"modified":"2025-10-28T12:17:08","modified_gmt":"2025-10-28T12:17:08","slug":"tutkijat-sukelsivat-10-kilometrin-syvyyteen","status":"publish","type":"post","link":"https:\/\/www.europesays.com\/fi\/74529\/","title":{"rendered":"Tutkijat sukelsivat 10 kilometrin syvyyteen"},"content":{"rendered":"<p>Tutkijat havaitsivat, ett\u00e4 se, mit\u00e4 el\u00e4m\u00e4\u00e4 syvyyksiss\u00e4 on, ei riipu pelk\u00e4st\u00e4\u00e4n siit\u00e4, kuinka syv\u00e4ll\u00e4 ollaan.<\/p>\n<p>Pinnalta tuleva ravinto, merenpohjan muoto ja jopa vanhat <a href=\"https:\/\/tieku.fi\/luonto\/luonnonkatastrofit\/maanjaristys\/mista-maanjaristys-johtuu\" class=\"hover:font-bold\" rel=\"nofollow noopener\" target=\"_blank\">maanj\u00e4ristykset<\/a> vaikuttavat siihen, mitk\u00e4 lajit menestyv\u00e4t miss\u00e4kin.<\/p>\n<p>Jopa samassa syvyydess\u00e4 voi olla suuria eroja: seismisesti rauhallisilla alueilla on runsaasti el\u00e4m\u00e4\u00e4, kun taas aktiivisilla alueilla on l\u00e4hes tyhj\u00e4\u00e4.<\/p>\n<p>\u201dTutkimuksemme Japanin syv\u00e4nmeren hautojen syvimmiss\u00e4 osissa osoittavat, ett\u00e4 merenpohjan biodiversiteetti\u00e4 muokkaavat syvyys, ravintotarjonta, seisminen aktiivisuus ja merenpohjan rakenne\u201d, sanoo tutkimuksen p\u00e4\u00e4kirjoittaja Denise Swanborn L\u00e4nsi-Australian yliopistosta <a href=\"https:\/\/www.uwa.edu.au\/news\/article\/2025\/october\/rare-deep-sea-dives-reveal-what-shapes-biodiversity-in-japans-trenches\" target=\"_blank\" class=\"hover:font-bold\" rel=\"nofollow noopener\">lehdist\u00f6tiedotteessa<\/a>.<\/p>\n<p><strong>Tunnemme todenn\u00e4k\u00f6isesti vasta noin kolmasosan syv\u00e4nmeren lajeista. Ja l\u00f6yt\u00e4m\u00e4tt\u00e4 on varmasti viel\u00e4 muutakin kuin pieni\u00e4 sinttej\u00e4. Tutustu joihinkin jo vastaan tulleihin outoihin olentoihin:<\/strong><\/p>\n","protected":false},"excerpt":{"rendered":"Tutkijat havaitsivat, ett\u00e4 se, mit\u00e4 el\u00e4m\u00e4\u00e4 syvyyksiss\u00e4 on, ei riipu pelk\u00e4st\u00e4\u00e4n siit\u00e4, kuinka syv\u00e4ll\u00e4 ollaan. Pinnalta tuleva ravinto,&hellip;\n","protected":false},"author":2,"featured_media":74530,"comment_status":"","ping_status":"","sticky":false,"template":"","format":"standard","meta":{"footnotes":""},"categories":[117],"tags":[33,31,30,72,476,118,32,119,477],"class_list":{"0":"post-74529","1":"post","2":"type-post","3":"status-publish","4":"format-standard","5":"has-post-thumbnail","7":"category-luonto","8":"tag-fi","9":"tag-finland","10":"tag-finnish","11":"tag-luonto","12":"tag-nature","13":"tag-science","14":"tag-suomi","15":"tag-tiede","16":"tag-wildlife"},"share_on_mastodon":{"url":"https:\/\/pubeurope.com\/@fi\/115451752824780503","error":""},"_links":{"self":[{"href":"https:\/\/www.europesays.com\/fi\/wp-json\/wp\/v2\/posts\/74529","targetHints":{"allow":["GET"]}}],"collection":[{"href":"https:\/\/www.europesays.com\/fi\/wp-json\/wp\/v2\/posts"}],"about":[{"href":"https:\/\/www.europesays.com\/fi\/wp-json\/wp\/v2\/types\/post"}],"author":[{"embeddable":true,"href":"https:\/\/www.europesays.com\/fi\/wp-json\/wp\/v2\/users\/2"}],"replies":[{"embeddable":true,"href":"https:\/\/www.europesays.com\/fi\/wp-json\/wp\/v2\/comments?post=74529"}],"version-history":[{"count":0,"href":"https:\/\/www.europesays.com\/fi\/wp-json\/wp\/v2\/posts\/74529\/revisions"}],"wp:featuredmedia":[{"embeddable":true,"href":"https:\/\/www.europesays.com\/fi\/wp-json\/wp\/v2\/media\/74530"}],"wp:attachment":[{"href":"https:\/\/www.europesays.com\/fi\/wp-json\/wp\/v2\/media?parent=74529"}],"wp:term":[{"taxonomy":"category","embeddable":true,"href":"https:\/\/www.europesays.com\/fi\/wp-json\/wp\/v2\/categories?post=74529"},{"taxonomy":"post_tag","embeddable":true,"href":"https:\/\/www.europesays.com\/fi\/wp-json\/wp\/v2\/tags?post=74529"}],"curies":[{"name":"wp","href":"https:\/\/api.w.org\/{rel}","templated":true}]}}