{"id":74533,"date":"2025-10-28T12:28:09","date_gmt":"2025-10-28T12:28:09","guid":{"rendered":"https:\/\/www.europesays.com\/fi\/74533\/"},"modified":"2025-10-28T12:28:09","modified_gmt":"2025-10-28T12:28:09","slug":"kommentti-monkaan-meni-eppu-normaali","status":"publish","type":"post","link":"https:\/\/www.europesays.com\/fi\/74533\/","title":{"rendered":"Kommentti: M\u00f6nk\u00e4\u00e4n meni, Eppu Normaali"},"content":{"rendered":"<p><a href=\"https:\/\/www.iltalehti.fi\/kirjoittajat\/Sonja Saarinen\" class=\"article-description-pov-author\" rel=\"nofollow noopener\" target=\"_blank\"><\/p>\n<p>Sonja Saarinen<\/p>\n<p><img decoding=\"async\" class=\"author-image\" src=\"https:\/\/www.europesays.com\/fi\/wp-content\/uploads\/2025\/09\/7946ae942d5cc2686aac2e7fc9bf944ef76dc964d3ac3947e906e7ace850538e.png\" alt=\"\"\/><\/a><\/p>\n<p>Eppu Normaali kuuluu Helsingin Olympiastadionille, kirjoittaa Iltalehden toimittaja Sonja Saarinen.<\/p>\n<p>T\u00e4n\u00e4\u00e4n klo 13:49<\/p>\n<p><img decoding=\"async\" class=\"image image-show image-preview\" src=\"https:\/\/www.europesays.com\/fi\/wp-content\/uploads\/2025\/10\/19d4fa747ec6dc2825e5d15900b5d269a8ef2fcd95aca005677e34543b7fceb7.jpg\" alt=\"\"\/><img decoding=\"async\" class=\"image image-show\" src=\"https:\/\/www.europesays.com\/fi\/wp-content\/uploads\/2025\/10\/1761654489_204_19d4fa747ec6dc2825e5d15900b5d269a8ef2fcd95aca005677e34543b7fceb7.jpg\" alt=\"\"\/><\/p>\n<p>Eppu Normaali -yhtye lopettaa ensi vuonna uransa. Jussi Saarinen<\/p>\n<p class=\"paragraph\">Eppu Normaali ilmoitti viime viikolla pit\u00e4v\u00e4ns\u00e4 tiedotustilaisuuden. Yhtye sanoi omalla Facebook-tilill\u00e4\u00e4n kertovansa, \u201dmiten asiat ovat\u201d.<\/p>\n<p class=\"paragraph\">Jo tuolloin mietin p\u00e4\u00e4ss\u00e4ni, ett\u00e4 mik\u00e4li yhtye on p\u00e4\u00e4tt\u00e4nyt lopettaa, ei heill\u00e4 ole kuin yksi ainoa vaihtoehto j\u00e4\u00e4hyv\u00e4iskonsertille: Helsingin Olympiastadion.<\/p>\n<p class=\"paragraph\">23. lokakuuta kuitenkin selvisi, ettei Olympiastadionkonserttia ole tulossa. Eput ilmoittivat esiintyv\u00e4ns\u00e4 akustisella konserttisalikiertueella, kes\u00e4n festareilla, Bolt-areenalla ja Ratinan stadionilla ennen kuin laittavat pillit pussiin.<\/p>\n<p class=\"paragraph\">T\u00e4m\u00e4 oli heti huono idea. Eppu Normaalin tasoinen, koko kansan rakastama yhtye, tulee ker\u00e4\u00e4m\u00e4\u00e4n niin valtavat m\u00e4\u00e4r\u00e4t yleis\u00f6\u00e4, ett\u00e4 joku pahoittaa aivan varmasti mielens\u00e4 Olympiastadionia pienemmist\u00e4 konserteista.<\/p>\n<p class=\"paragraph\">Ja t\u00e4n\u00e4\u00e4n 28. lokakuuta se sitten tapahtui.<\/p>\n<p class=\"paragraph\">Yhtyeen kaksi j\u00e4\u00e4hyv\u00e4iskonserttia <a href=\"https:\/\/www.iltalehti.fi\/musiikki\/fe99858e-2f5a-4d85-9cf3-1e4ad42c8848\" rel=\"nofollow noopener\" target=\"_blank\">myytiin loppuun silm\u00e4nr\u00e4p\u00e4yksess\u00e4<\/a>, eik\u00e4 konserttisalikiertueellekaan ole paljoa lippuja j\u00e4ljell\u00e4. Iltalehden lukijat, faneiksi itse\u00e4\u00e4n nimitt\u00e4v\u00e4t Eppu Normaalin kuuntelijat, <a href=\"https:\/\/www.iltalehti.fi\/musiikki\/1ae3ad45-2612-4be4-8905-f70a96719ef0\" rel=\"nofollow noopener\" target=\"_blank\">ilmaisivat vihaansa lipunmyyntiin<\/a>.<\/p>\n<p class=\"paragraph\">Eput taustatiimeineen painoivat pikaisesti paniikkinappia ja <a href=\"https:\/\/www.iltalehti.fi\/musiikki\/d7dd8202-2f7c-49a9-b850-78f5572b90be\" rel=\"nofollow noopener\" target=\"_blank\">ilmoittivat \u201dyritt\u00e4v\u00e4ns\u00e4 tehd\u00e4 asialle jotain\u201d<\/a>. <a href=\"https:\/\/www.iltalehti.fi\/musiikki\/7688addb-c6c8-402d-9d0c-d436f16c25d7\" rel=\"nofollow noopener\" target=\"_blank\">Saatiin yksi lis\u00e4konsertti<\/a> Helsinkiin ja yksi Tampereelle.<\/p>\n<p class=\"paragraph\">Bolt-areenalle mahtuu musiikkikonserttiin arviolta 13 000 ihmist\u00e4 kerrallaan, kun taas Ratinan stadionille mahtuu yli 28 000.<\/p>\n<p class=\"paragraph\">J\u00e4\u00e4hyv\u00e4iskonserttien lipunmyynti sek\u00e4 lis\u00e4konsertit osoittavat, ett\u00e4 Eppu Normaali kuuluu Helsingin Olympiastadionille, jonne mahtuu parhaimmillaan reilusti yli 40 000 katsojaa.<\/p>\n<p class=\"paragraph\">Ymm\u00e4rr\u00e4n kyll\u00e4 hyvin, ett\u00e4 Eput haluavat p\u00e4\u00e4tt\u00e4\u00e4 uransa yksinomaan Pirkanmaalla, onhan se yhtyeen koti. Silti pahin mielipaha olisi voitu v\u00e4ltt\u00e4\u00e4 toista tapahtumapaikkaa vaihtamalla, ja se olisi ollut t\u00e4ss\u00e4 tilanteessa oikea veto.<\/p>\n<p class=\"paragraph\">Onneksi Eppujen melankoliset laulut sopivat siihen mielentilaan, joka monella fanilla t\u00e4n\u00e4 aamuna oli.<\/p>\n","protected":false},"excerpt":{"rendered":"Sonja Saarinen Eppu Normaali kuuluu Helsingin Olympiastadionille, kirjoittaa Iltalehden toimittaja Sonja Saarinen. T\u00e4n\u00e4\u00e4n klo 13:49 Eppu Normaali -yhtye&hellip;\n","protected":false},"author":2,"featured_media":74534,"comment_status":"","ping_status":"","sticky":false,"template":"","format":"standard","meta":{"footnotes":""},"categories":[136],"tags":[35,138,407,137,33,31,30,408,524,47,32,484,2599,109],"class_list":{"0":"post-74533","1":"post","2":"type-post","3":"status-publish","4":"format-standard","5":"has-post-thumbnail","7":"category-julkkikset","8":"tag-24h","9":"tag-audio","10":"tag-celebrities","11":"tag-entertainment","12":"tag-fi","13":"tag-finland","14":"tag-finnish","15":"tag-julkkikset","16":"tag-kulttuuri-ja-taidetapahtumat-ja-nayttelyt","17":"tag-musiikki","18":"tag-suomi","19":"tag-taiteellinen-ilmaisu-ja-mediat","20":"tag-tapahtumat-ja-tapahtumatiedot","21":"tag-viihde"},"share_on_mastodon":{"url":"https:\/\/pubeurope.com\/@fi\/115451796237502241","error":""},"_links":{"self":[{"href":"https:\/\/www.europesays.com\/fi\/wp-json\/wp\/v2\/posts\/74533","targetHints":{"allow":["GET"]}}],"collection":[{"href":"https:\/\/www.europesays.com\/fi\/wp-json\/wp\/v2\/posts"}],"about":[{"href":"https:\/\/www.europesays.com\/fi\/wp-json\/wp\/v2\/types\/post"}],"author":[{"embeddable":true,"href":"https:\/\/www.europesays.com\/fi\/wp-json\/wp\/v2\/users\/2"}],"replies":[{"embeddable":true,"href":"https:\/\/www.europesays.com\/fi\/wp-json\/wp\/v2\/comments?post=74533"}],"version-history":[{"count":0,"href":"https:\/\/www.europesays.com\/fi\/wp-json\/wp\/v2\/posts\/74533\/revisions"}],"wp:featuredmedia":[{"embeddable":true,"href":"https:\/\/www.europesays.com\/fi\/wp-json\/wp\/v2\/media\/74534"}],"wp:attachment":[{"href":"https:\/\/www.europesays.com\/fi\/wp-json\/wp\/v2\/media?parent=74533"}],"wp:term":[{"taxonomy":"category","embeddable":true,"href":"https:\/\/www.europesays.com\/fi\/wp-json\/wp\/v2\/categories?post=74533"},{"taxonomy":"post_tag","embeddable":true,"href":"https:\/\/www.europesays.com\/fi\/wp-json\/wp\/v2\/tags?post=74533"}],"curies":[{"name":"wp","href":"https:\/\/api.w.org\/{rel}","templated":true}]}}