{"id":74557,"date":"2025-10-28T12:59:07","date_gmt":"2025-10-28T12:59:07","guid":{"rendered":"https:\/\/www.europesays.com\/fi\/74557\/"},"modified":"2025-10-28T12:59:07","modified_gmt":"2025-10-28T12:59:07","slug":"miksi-netflixin-uusin-elokuva-loppuu-kesken-nain-tekijat-perustelivat-ratkaisua-joka-on-arsyttanyt-osaa-katsojista","status":"publish","type":"post","link":"https:\/\/www.europesays.com\/fi\/74557\/","title":{"rendered":"Miksi Netflixin uusin elokuva loppuu \u201ckesken\u201d? N\u00e4in tekij\u00e4t perustelivat ratkaisua, joka on \u00e4rsytt\u00e4nyt osaa katsojista"},"content":{"rendered":"<p>Kathryn Bigelow\u2019n ohjaama A House of Dynamite julkaistiin Netflixiss\u00e4 viime viikolla.<\/p>\n<p>Sis\u00e4lt\u00e4\u00e4 spoilereita!<\/p>\n<p>Viime perjantaina Netflixiss\u00e4 julkaistiin <a href=\"https:\/\/muropaketti.com\/avainsana\/kathryn-bigelow\/\" rel=\"nofollow noopener\" target=\"_blank\">Kathryn Bigelow\u2019n<\/a> ohjaama ja Noah Oppenheimin k\u00e4sikirjoittama poliittinen trilleri A House of Dynamite. Se kertoo tilanteesta, jossa Yhdysvaltoja kohti on ammuttu ohjus, ja aikaa tilanteen selvitt\u00e4miseen on alle 20 minuuttia.<\/p>\n<p>Elokuva tuntuu loppuvan kesken, sill\u00e4 se j\u00e4tt\u00e4\u00e4 loppuratkaisun avoimeksi. Se ei siis paljasta, iskeytyik\u00f6 ohjus todella Chicagoon, eik\u00e4 sit\u00e4, mik\u00e4 Idris Elban esitt\u00e4m\u00e4n presidentin p\u00e4\u00e4t\u00f6s lopulta on. Tai sit\u00e4, mik\u00e4 vaikutus tapauksella on globaalisti.<\/p>\n<p><a href=\"https:\/\/www.radiotimes.com\/movies\/a-house-of-dynamite-ending-explained-exclusive\/\" rel=\"nofollow noopener\" target=\"_blank\">Radio Timesin<\/a> haastattelussa k\u00e4sikirjoittaja paljastaa ratkaisulle syyn:<\/p>\n<p>\u201dValitsimme t\u00e4m\u00e4n lopun, koska Kathryn ja min\u00e4 molemmat uskoimme, ett\u00e4 mik\u00e4 tahansa muu loppu vapauttaisi yleis\u00f6n vastuusta. Emme halua antaa yleis\u00f6lle puhdasta ja siisti\u00e4 ratkaisua\u201d, Oppenheim kertoo.<\/p>\n<p>\u201dMik\u00e4 tahansa loppu, jossa maailma joko pelastuu tai tuhoutuu, antaa ihmisille mahdollisuuden k\u00e4vell\u00e4 ulos kokemuksesta ja sanoa: Okei, siin\u00e4 kaikki\u2026 Se p\u00e4\u00e4ttyi niin, ja se on ohi, ja voin palata takaisin arkeeni.\u201d<\/p>\n<p>\u201dYrit\u00e4mme kutsua yleis\u00f6n mukaan keskusteluun, ei pelk\u00e4st\u00e4\u00e4n elokuvan tapahtumista, vaan maailmasta, jossa el\u00e4mme. Ett\u00e4 riippumatta siit\u00e4, mit\u00e4 elokuvan hahmot p\u00e4\u00e4tt\u00e4v\u00e4t, kun k\u00e4velemme ulos teatterista tai sammutamme television, el\u00e4mme edelleen maailmassa, jossa on useita tuhansia ydinaseita.\u201d<\/p>\n<p>Syy kuulostaa oikein ymm\u00e4rrett\u00e4v\u00e4lt\u00e4. Juuri t\u00e4m\u00e4 ratkaisu j\u00e4tt\u00e4\u00e4 katsojalle mietitt\u00e4v\u00e4\u00e4 elokuvan j\u00e4lkeen teki vaikutuksen my\u00f6s Muropaketin kriitikkoon, jolta irtosi elokuvalle nelj\u00e4 t\u00e4hte\u00e4.<\/p>\n","protected":false},"excerpt":{"rendered":"Kathryn Bigelow\u2019n ohjaama A House of Dynamite julkaistiin Netflixiss\u00e4 viime viikolla. Sis\u00e4lt\u00e4\u00e4 spoilereita! Viime perjantaina Netflixiss\u00e4 julkaistiin Kathryn&hellip;\n","protected":false},"author":2,"featured_media":73491,"comment_status":"","ping_status":"","sticky":false,"template":"","format":"standard","meta":{"footnotes":""},"categories":[131],"tags":[11724,155,137,33,173,31,30,8191,172,217,7817,32,109],"class_list":{"0":"post-74557","1":"post","2":"type-post","3":"status-publish","4":"format-standard","5":"has-post-thumbnail","7":"category-elokuvat","8":"tag-a-house-of-dynamite","9":"tag-elokuvat","10":"tag-entertainment","11":"tag-fi","12":"tag-film","13":"tag-finland","14":"tag-finnish","15":"tag-kathryn-bigelow","16":"tag-movies","17":"tag-netflix","18":"tag-netflix-elokuvat","19":"tag-suomi","20":"tag-viihde"},"share_on_mastodon":{"url":"https:\/\/pubeurope.com\/@fi\/115451917914654056","error":""},"_links":{"self":[{"href":"https:\/\/www.europesays.com\/fi\/wp-json\/wp\/v2\/posts\/74557","targetHints":{"allow":["GET"]}}],"collection":[{"href":"https:\/\/www.europesays.com\/fi\/wp-json\/wp\/v2\/posts"}],"about":[{"href":"https:\/\/www.europesays.com\/fi\/wp-json\/wp\/v2\/types\/post"}],"author":[{"embeddable":true,"href":"https:\/\/www.europesays.com\/fi\/wp-json\/wp\/v2\/users\/2"}],"replies":[{"embeddable":true,"href":"https:\/\/www.europesays.com\/fi\/wp-json\/wp\/v2\/comments?post=74557"}],"version-history":[{"count":0,"href":"https:\/\/www.europesays.com\/fi\/wp-json\/wp\/v2\/posts\/74557\/revisions"}],"wp:featuredmedia":[{"embeddable":true,"href":"https:\/\/www.europesays.com\/fi\/wp-json\/wp\/v2\/media\/73491"}],"wp:attachment":[{"href":"https:\/\/www.europesays.com\/fi\/wp-json\/wp\/v2\/media?parent=74557"}],"wp:term":[{"taxonomy":"category","embeddable":true,"href":"https:\/\/www.europesays.com\/fi\/wp-json\/wp\/v2\/categories?post=74557"},{"taxonomy":"post_tag","embeddable":true,"href":"https:\/\/www.europesays.com\/fi\/wp-json\/wp\/v2\/tags?post=74557"}],"curies":[{"name":"wp","href":"https:\/\/api.w.org\/{rel}","templated":true}]}}