{"id":74581,"date":"2025-10-28T13:29:11","date_gmt":"2025-10-28T13:29:11","guid":{"rendered":"https:\/\/www.europesays.com\/fi\/74581\/"},"modified":"2025-10-28T13:29:11","modified_gmt":"2025-10-28T13:29:11","slug":"saimaannorppien-maara-lisaantynyt-suojelutoimien-ansiosta-ilmastonmuutos-uhkaa-lajin-tulevaisuutta","status":"publish","type":"post","link":"https:\/\/www.europesays.com\/fi\/74581\/","title":{"rendered":"Saimaannorppien m\u00e4\u00e4r\u00e4 lis\u00e4\u00e4ntynyt suojelutoimien ansiosta \u2013 Ilmastonmuutos uhkaa lajin tulevaisuutta"},"content":{"rendered":"<p>V\u00e4h\u00e4lumisina talvina norppien apukinoksilla on ratkaiseva merkitys. Tulevaisuudessa nykyiset suojelutoimet eiv\u00e4t v\u00e4ltt\u00e4m\u00e4tt\u00e4 en\u00e4\u00e4 riit\u00e4, varoittaa WWF.<\/p>\n<p>27.10. 9:32<\/p>\n<p>Lue tiivistelm\u00e4<\/p>\n<p>Tiivistelm\u00e4 on teko\u00e4lyn tekem\u00e4 ja ihmisen tarkistama.<\/p>\n<p class=\"article-body mb-nof-24 px-nof-16 sndp-summary-bullet-point-font\">Saimaannorppien kanta on kasvanut 530 yksil\u00f6\u00f6n, kertoo Mets\u00e4hallitus.<\/p>\n<p class=\"article-body mb-nof-24 px-nof-16 sndp-summary-bullet-point-font\">Syntyneiden kuuttien m\u00e4\u00e4r\u00e4 on kasvanut, mutta pes\u00e4poikaskuolleisuus on suurta muun muassa ilmastonmuutoksen vuoksi.<\/p>\n<p class=\"article-body mb-nof-24 px-nof-16 sndp-summary-bullet-point-font\">Pohjois-Saimaan tilanne huolestuttaa, sill\u00e4 Joensuun l\u00e4hist\u00f6ll\u00e4 kuutteja ei ole syntynyt kolmeen vuoteen.<\/p>\n<p class=\"article-body mb-nof-24 px-nof-16\">Saimaannorpan kanta jatkaa kasvuaan.<\/p>\n<p class=\"article-body mb-nof-24 px-nof-16\">T\u00e4m\u00e4n vuoden kanta-arvion mukaan saimaannorppia on 530 yksil\u00f6\u00e4, kertoo Mets\u00e4hallitus. Viime vuonna vastaava arvio oli 495 yksil\u00f6\u00e4.<\/p>\n<p class=\"article-body mb-nof-24 px-nof-16\">Norppakanta kasvaa etenkin Puruvedell\u00e4 ja etel\u00e4ss\u00e4 Suur-Saimaalla.<\/p>\n<p class=\"article-body mb-nof-24 px-nof-16\">Sen sijaan Pohjois-Saimaan tilannetta Mets\u00e4hallitus kuvaa huolestuttavaksi. Joensuun l\u00e4heisell\u00e4 Pyh\u00e4selk\u00e4\u2013J\u00e4nisselk\u00e4-alueella kuutteja ei ole syntynyt kolmeen vuoteen.<\/p>\n<p class=\"article-body mb-nof-24 px-nof-16\">Kanta-arvio perustuu pes\u00e4laskentojen tuloksiin, joita t\u00e4ydennet\u00e4\u00e4n seuranta-aineistoilla. Arvion pohjana on tammikuussa laskettu yksil\u00f6m\u00e4\u00e4r\u00e4.<\/p>\n<p class=\"article-body mb-nof-24 px-nof-16\">My\u00f6s t\u00e4n\u00e4 vuonna syntyneiden kuuttien m\u00e4\u00e4r\u00e4 kertoo kannan kasvusta. Kuutteja syntyi 114, kun viel\u00e4 kymmenen vuotta sitten niit\u00e4 syntyi vuosittain noin 80.<\/p>\n<p class=\"article-body mb-nof-24 px-nof-16\">Pes\u00e4poikaskuolleisuus on kuitenkin ollut suurta. Ilmastonmuutoksen edetess\u00e4 ovat pesim\u00e4olosuhteet yh\u00e4 useammin heikot.<\/p>\n<p class=\"article-body mb-nof-24 px-nof-16\">\u201dIlman apukinoksia ja keinopesi\u00e4 poikaskuolleisuus olisi ollut viel\u00e4 korkeampi. Heikentyneiden pesim\u00e4olosuhteiden lis\u00e4ksi kalanpyydykset aiheuttavat ylim\u00e4\u00e4r\u00e4ist\u00e4 nuorten yksil\u00f6iden kuolleisuutta\u201d, kertoo tiedotteessa luonnonsuojelun erityisasiantuntija <a class=\"article-personlink\" href=\"https:\/\/www.aamulehti.fi\/haku\/?query=Riikka%20Alakoski\" rel=\"nofollow noopener\" target=\"_blank\">Riikka Alakoski<\/a> Mets\u00e4hallituksesta.<\/p>\n<p class=\"article-body mb-nof-24 px-nof-16\">T\u00e4n\u00e4 vuonna on l\u00f6ydetty 45 kuollutta saimaannorppaa, joista kahdeksan on kuollut kalanpyydyksiin, Mets\u00e4hallitus kertoo.<\/p>\n<p class=\"article-body mb-nof-24 px-nof-16\">V\u00e4h\u00e4lumisina talvina hyvin suuri osa kuuteista on syntynyt apukinoksiin, kertoo WWF:n ohjelmajohtaja <a class=\"article-personlink\" href=\"https:\/\/www.aamulehti.fi\/haku\/?query=Petteri%20Tolvanen\" rel=\"nofollow noopener\" target=\"_blank\">Petteri Tolvanen<\/a>.<\/p>\n<p class=\"article-body mb-nof-24 px-nof-16\">Tulevaisuudessa nykyiset suojelutoimet eiv\u00e4t v\u00e4ltt\u00e4m\u00e4tt\u00e4 ole en\u00e4\u00e4 riitt\u00e4vi\u00e4. Apukinokset voivat sulaa liian aikaisin, tai niihin ei riit\u00e4 tarpeeksi lunta.<\/p>\n<p class=\"article-body mb-nof-24 px-nof-16\">My\u00f6s keinopesien k\u00e4ytt\u00f6 on yh\u00e4 tutkimusvaiheessa, Tolvanen sanoo. Apukinosten korvaaminen keinopesill\u00e4 olisi valtava operaatio.<\/p>\n<p class=\"article-body mb-nof-24 px-nof-16\">\u201dT\u00e4rkeint\u00e4 on pyrki\u00e4 hillitsem\u00e4\u00e4n ilmastonmuutosta.\u201d<\/p>\n","protected":false},"excerpt":{"rendered":"V\u00e4h\u00e4lumisina talvina norppien apukinoksilla on ratkaiseva merkitys. Tulevaisuudessa nykyiset suojelutoimet eiv\u00e4t v\u00e4ltt\u00e4m\u00e4tt\u00e4 en\u00e4\u00e4 riit\u00e4, varoittaa WWF. 27.10. 9:32&hellip;\n","protected":false},"author":2,"featured_media":74582,"comment_status":"","ping_status":"","sticky":false,"template":"","format":"standard","meta":{"footnotes":""},"categories":[112],"tags":[157,33,31,30,118,32,119],"class_list":{"0":"post-74581","1":"post","2":"type-post","3":"status-publish","4":"format-standard","5":"has-post-thumbnail","7":"category-tiede","8":"tag-aamulehti","9":"tag-fi","10":"tag-finland","11":"tag-finnish","12":"tag-science","13":"tag-suomi","14":"tag-tiede"},"share_on_mastodon":{"url":"https:\/\/pubeurope.com\/@fi\/115452035893655841","error":""},"_links":{"self":[{"href":"https:\/\/www.europesays.com\/fi\/wp-json\/wp\/v2\/posts\/74581","targetHints":{"allow":["GET"]}}],"collection":[{"href":"https:\/\/www.europesays.com\/fi\/wp-json\/wp\/v2\/posts"}],"about":[{"href":"https:\/\/www.europesays.com\/fi\/wp-json\/wp\/v2\/types\/post"}],"author":[{"embeddable":true,"href":"https:\/\/www.europesays.com\/fi\/wp-json\/wp\/v2\/users\/2"}],"replies":[{"embeddable":true,"href":"https:\/\/www.europesays.com\/fi\/wp-json\/wp\/v2\/comments?post=74581"}],"version-history":[{"count":0,"href":"https:\/\/www.europesays.com\/fi\/wp-json\/wp\/v2\/posts\/74581\/revisions"}],"wp:featuredmedia":[{"embeddable":true,"href":"https:\/\/www.europesays.com\/fi\/wp-json\/wp\/v2\/media\/74582"}],"wp:attachment":[{"href":"https:\/\/www.europesays.com\/fi\/wp-json\/wp\/v2\/media?parent=74581"}],"wp:term":[{"taxonomy":"category","embeddable":true,"href":"https:\/\/www.europesays.com\/fi\/wp-json\/wp\/v2\/categories?post=74581"},{"taxonomy":"post_tag","embeddable":true,"href":"https:\/\/www.europesays.com\/fi\/wp-json\/wp\/v2\/tags?post=74581"}],"curies":[{"name":"wp","href":"https:\/\/api.w.org\/{rel}","templated":true}]}}