{"id":74593,"date":"2025-10-28T13:51:07","date_gmt":"2025-10-28T13:51:07","guid":{"rendered":"https:\/\/www.europesays.com\/fi\/74593\/"},"modified":"2025-10-28T13:51:07","modified_gmt":"2025-10-28T13:51:07","slug":"onko-uusi-bond-tytto-loytynyt-sydney-sweeney-meni-vaikeaksi-kun-007-elokuva-tuli-puheeksi","status":"publish","type":"post","link":"https:\/\/www.europesays.com\/fi\/74593\/","title":{"rendered":"Onko uusi \u201cBond-tytt\u00f6\u201d l\u00f6ytynyt? Sydney Sweeney meni vaikeaksi, kun 007-elokuva tuli puheeksi"},"content":{"rendered":"<p>Sydney Sweeneylta ilmestyy viel\u00e4 kaksi elokuvaa t\u00e4m\u00e4n vuoden puolella.<\/p>\n<p><a href=\"https:\/\/variety.com\/2025\/film\/news\/sydney-sweeney-christy-sex-symbol-bond-girl-rumors-1236560769\" target=\"_blank\" rel=\"noreferrer noopener nofollow\">Variety<\/a> julkaisi pitk\u00e4n kansikuvajutun <a href=\"https:\/\/muropaketti.com\/avainsana\/sydney-sweeney\/\" target=\"_blank\" rel=\"noreferrer noopener nofollow\">Sydney Sweeneysta<\/a>. Haastattelun aikana n\u00e4yttelij\u00e4 meni hetkeksi hiljaiseksi vain kun puheeksi tuli huhut, joiden mukaan h\u00e4n on mukana uudessa Denis Villeneuve\u2019n ohjaamassa James Bond -elokuvassa.<\/p>\n<p>Sweeney n\u00e4hd\u00e4\u00e4n t\u00e4m\u00e4n vuoden puolella viel\u00e4 kahdessa elokuvassa. Christy-nyrkkeilydraama saa Yhdysvalloissa ensi-iltansa 7. marraskuuta. 19. joulukuuta valkokankaille saapuu puolestaan The Housemaid -trilleri.<\/p>\n<p>Bondin oikeudet omistaa nyky\u00e4\u00e4n Amazon MGM -studio, ja Varietyn mukaan Amazon-pomo Jeff Bezos haluisi Sweeneyn esitt\u00e4v\u00e4n seuraavaa \u201dBond-tytt\u00f6\u00e4\u201d. N\u00e4yttelij\u00e4 osallistui kes\u00e4kuussa Bezosin ja Lauren S\u00e1nchezin h\u00e4ihin. Huhuista kysytt\u00e4ess\u00e4 Sweeney takelteli.<\/p>\n<p>\u201dEn voi\u2026, tai siis en tied\u00e4. En rehellisesti tied\u00e4 Bond-huhuista mit\u00e4\u00e4n, mutta olen aina ollut suuri fani. Odotan innoissani mit\u00e4 he saavat aikaan. Voisin kyll\u00e4 esiinty\u00e4 007-elokuvassa jos k\u00e4ss\u00e4ri on tarpeeksi hyv\u00e4. Mutta olisin mielest\u00e4ni parempi itse James Bondin roolissa\u201d, Sweeney vet\u00e4\u00e4 kysymyksen l\u00e4skiksi.<\/p>\n<p>Peaky Blinders -luojana tunnetun Steven Knightin k\u00e4sikirjoittaman uuden Bondin n\u00e4yttelij\u00e4t tai ensi-ilta eiv\u00e4t ole viel\u00e4k\u00e4\u00e4n selvill\u00e4. <\/p>\n<p>Sweeney uutuuselokuvista The Housemaid saa Suomen ensi-iltansa nimell\u00e4 Kotiapulainen 2. tammikuuta. Christy-leffan saapumisesta Suomeen ei ole tietoa.<\/p>\n","protected":false},"excerpt":{"rendered":"Sydney Sweeneylta ilmestyy viel\u00e4 kaksi elokuvaa t\u00e4m\u00e4n vuoden puolella. Variety julkaisi pitk\u00e4n kansikuvajutun Sydney Sweeneysta. Haastattelun aikana n\u00e4yttelij\u00e4&hellip;\n","protected":false},"author":2,"featured_media":37408,"comment_status":"","ping_status":"","sticky":false,"template":"","format":"standard","meta":{"footnotes":""},"categories":[131],"tags":[8936,155,137,33,173,31,30,1971,172,32,4184,10403,109],"class_list":{"0":"post-74593","1":"post","2":"type-post","3":"status-publish","4":"format-standard","5":"has-post-thumbnail","7":"category-elokuvat","8":"tag-christy","9":"tag-elokuvat","10":"tag-entertainment","11":"tag-fi","12":"tag-film","13":"tag-finland","14":"tag-finnish","15":"tag-james-bond","16":"tag-movies","17":"tag-suomi","18":"tag-sydney-sweeney","19":"tag-the-housemaid","20":"tag-viihde"},"share_on_mastodon":{"url":"https:\/\/pubeurope.com\/@fi\/115452122408332443","error":""},"_links":{"self":[{"href":"https:\/\/www.europesays.com\/fi\/wp-json\/wp\/v2\/posts\/74593","targetHints":{"allow":["GET"]}}],"collection":[{"href":"https:\/\/www.europesays.com\/fi\/wp-json\/wp\/v2\/posts"}],"about":[{"href":"https:\/\/www.europesays.com\/fi\/wp-json\/wp\/v2\/types\/post"}],"author":[{"embeddable":true,"href":"https:\/\/www.europesays.com\/fi\/wp-json\/wp\/v2\/users\/2"}],"replies":[{"embeddable":true,"href":"https:\/\/www.europesays.com\/fi\/wp-json\/wp\/v2\/comments?post=74593"}],"version-history":[{"count":0,"href":"https:\/\/www.europesays.com\/fi\/wp-json\/wp\/v2\/posts\/74593\/revisions"}],"wp:featuredmedia":[{"embeddable":true,"href":"https:\/\/www.europesays.com\/fi\/wp-json\/wp\/v2\/media\/37408"}],"wp:attachment":[{"href":"https:\/\/www.europesays.com\/fi\/wp-json\/wp\/v2\/media?parent=74593"}],"wp:term":[{"taxonomy":"category","embeddable":true,"href":"https:\/\/www.europesays.com\/fi\/wp-json\/wp\/v2\/categories?post=74593"},{"taxonomy":"post_tag","embeddable":true,"href":"https:\/\/www.europesays.com\/fi\/wp-json\/wp\/v2\/tags?post=74593"}],"curies":[{"name":"wp","href":"https:\/\/api.w.org\/{rel}","templated":true}]}}