{"id":74713,"date":"2025-10-28T16:57:08","date_gmt":"2025-10-28T16:57:08","guid":{"rendered":"https:\/\/www.europesays.com\/fi\/74713\/"},"modified":"2025-10-28T16:57:08","modified_gmt":"2025-10-28T16:57:08","slug":"prunella-scales-on-kuollut","status":"publish","type":"post","link":"https:\/\/www.europesays.com\/fi\/74713\/","title":{"rendered":"Prunella Scales on kuollut"},"content":{"rendered":"<p>Prunella Scales on kuollut 94-vuotiaana.<\/p>\n<p><img decoding=\"async\" class=\"image image-show image-preview\" src=\"https:\/\/www.europesays.com\/fi\/wp-content\/uploads\/2025\/10\/2517311f4db618df16ae3cc6b9fd336b04b31ad21a011267cd62225e9d61cdeb.jpg\" alt=\"\"\/><img decoding=\"async\" class=\"image image-show\" src=\"https:\/\/www.europesays.com\/fi\/wp-content\/uploads\/2025\/10\/1761670628_890_2517311f4db618df16ae3cc6b9fd336b04b31ad21a011267cd62225e9d61cdeb.jpg\" alt=\"\"\/><\/p>\n<p>Prunella Scales tunnettiin muun muassa Pitk\u00e4n Jussin majatalo -sarjasta. Alan Davidson \/ AOP<\/p>\n<p class=\"paragraph\">Brittin\u00e4yttelij\u00e4 <a href=\"https:\/\/www.iltalehti.fi\/henkilot\/Prunella Scales\" class=\"article-link-person-page\" rel=\"nofollow noopener\" target=\"_blank\">Prunella Scales<\/a> on kuollut 94-vuotiaana.<\/p>\n<p class=\"paragraph\">Scalesin perhe vahvistaa uutisen esimerkiksi <a href=\"https:\/\/www.bbc.com\/news\/articles\/cjd0yn5gyndo\" rel=\"noopener nofollow\" target=\"_blank\">BBC:lle<\/a>. Perheen mukaan Scales kuoli rauhallisesti kotonaan Lontoossa maanantaina.<\/p>\n<p class=\"paragraph\">Scales on tullut tunnetuksi Pitk\u00e4n Jussin majatalo -sarjasta. Scales n\u00e4ytteli sarjassa p\u00e4\u00e4henkil\u00f6n, hotellinjohtaja Basil Fawltyn vaimoa Sybil Fawltya.<\/p>\n<p class=\"paragraph\">Sarjaa tehtiin 1970-luvulla yhteens\u00e4 vain 12 jaksoa, mutta se on s\u00e4ilynyt t\u00e4h\u00e4n p\u00e4iv\u00e4\u00e4n asti yhten\u00e4 rakastetuimmista brittisarjoista.<\/p>\n<p class=\"paragraph\">Scales on n\u00e4ytellyt sarjan lis\u00e4ksi my\u00f6s lukuisia muita rooleja elokuvissa ja tv-sarjoissa.<\/p>\n<p class=\"paragraph\">Scales sai vuonna 1992 parhaan naisn\u00e4yttelij\u00e4n Bafta-ehdokkuuden television\u00e4ytelm\u00e4st\u00e4 A Question of Attribution, joka esitettiin osana BBC:n Screen One-sarjaa.<\/p>\n<p class=\"paragraph\">N\u00e4yttelij\u00e4lle diagnosoitiin verisuoniper\u00e4inen dementia vuonna 2013.<\/p>\n<p class=\"paragraph\">Scalesin aviomies, n\u00e4yttelij\u00e4 <a href=\"https:\/\/www.iltalehti.fi\/henkilot\/Timothy West\" class=\"article-link-person-page\" rel=\"nofollow noopener\" target=\"_blank\">Timothy West<\/a> kuoli marraskuussa 2024.<\/p>\n","protected":false},"excerpt":{"rendered":"Prunella Scales on kuollut 94-vuotiaana. Prunella Scales tunnettiin muun muassa Pitk\u00e4n Jussin majatalo -sarjasta. Alan Davidson \/ AOP&hellip;\n","protected":false},"author":2,"featured_media":74714,"comment_status":"","ping_status":"","sticky":false,"template":"","format":"standard","meta":{"footnotes":""},"categories":[130],"tags":[35,153,623,155,137,33,31,30,1928,718,154,32,140,156,109],"class_list":{"0":"post-74713","1":"post","2":"type-post","3":"status-publish","4":"format-standard","5":"has-post-thumbnail","7":"category-viihde","8":"tag-24h","9":"tag-audiovisuaalinen-media","10":"tag-elokuva","11":"tag-elokuvat","12":"tag-entertainment","13":"tag-fi","14":"tag-finland","15":"tag-finnish","16":"tag-kirjallisuus-ja-audiovisuaalinen-media","17":"tag-nayttamotaide","18":"tag-nayttelijat-teatteri","19":"tag-suomi","20":"tag-tv-ja-elokuvat","21":"tag-tv","22":"tag-viihde"},"share_on_mastodon":{"url":"https:\/\/pubeurope.com\/@fi\/115452853902569321","error":""},"_links":{"self":[{"href":"https:\/\/www.europesays.com\/fi\/wp-json\/wp\/v2\/posts\/74713","targetHints":{"allow":["GET"]}}],"collection":[{"href":"https:\/\/www.europesays.com\/fi\/wp-json\/wp\/v2\/posts"}],"about":[{"href":"https:\/\/www.europesays.com\/fi\/wp-json\/wp\/v2\/types\/post"}],"author":[{"embeddable":true,"href":"https:\/\/www.europesays.com\/fi\/wp-json\/wp\/v2\/users\/2"}],"replies":[{"embeddable":true,"href":"https:\/\/www.europesays.com\/fi\/wp-json\/wp\/v2\/comments?post=74713"}],"version-history":[{"count":0,"href":"https:\/\/www.europesays.com\/fi\/wp-json\/wp\/v2\/posts\/74713\/revisions"}],"wp:featuredmedia":[{"embeddable":true,"href":"https:\/\/www.europesays.com\/fi\/wp-json\/wp\/v2\/media\/74714"}],"wp:attachment":[{"href":"https:\/\/www.europesays.com\/fi\/wp-json\/wp\/v2\/media?parent=74713"}],"wp:term":[{"taxonomy":"category","embeddable":true,"href":"https:\/\/www.europesays.com\/fi\/wp-json\/wp\/v2\/categories?post=74713"},{"taxonomy":"post_tag","embeddable":true,"href":"https:\/\/www.europesays.com\/fi\/wp-json\/wp\/v2\/tags?post=74713"}],"curies":[{"name":"wp","href":"https:\/\/api.w.org\/{rel}","templated":true}]}}