{"id":74721,"date":"2025-10-28T17:04:08","date_gmt":"2025-10-28T17:04:08","guid":{"rendered":"https:\/\/www.europesays.com\/fi\/74721\/"},"modified":"2025-10-28T17:04:08","modified_gmt":"2025-10-28T17:04:08","slug":"netanjahu-maarasi-iskemaan-gazaan-valittomasti-voimalla","status":"publish","type":"post","link":"https:\/\/www.europesays.com\/fi\/74721\/","title":{"rendered":"Netanjahu m\u00e4\u00e4r\u00e4si iskem\u00e4\u00e4n Gazaan v\u00e4litt\u00f6m\u00e4sti voimalla"},"content":{"rendered":"<p>L\u00e4hi-it\u00e4|The Times of Israelin mukaan Israelin asejoukkoja kohti oli hy\u00f6k\u00e4tty Gazan etel\u00e4osassa.<\/p>\n<p class=\"article-body mb-nof-24 px-nof-16\">Israelin p\u00e4\u00e4ministeri <a class=\"article-personlink\" href=\"https:\/\/www.hs.fi\/haku\/?query=Benjamin%20Netanjahu\" rel=\"nofollow noopener\" target=\"_blank\">Benjamin Netanjahu<\/a> m\u00e4\u00e4r\u00e4si tiistaina asevoimia iskem\u00e4\u00e4n v\u00e4litt\u00f6m\u00e4sti voimalla Gazan kaistalle, uutistoimisto AFP kertoo.<\/p>\n<p class=\"article-body mb-nof-24 px-nof-16\">Netanjahu syytti Hamasia tulitauon rikkomisesta.<\/p>\n<p class=\"article-body mb-nof-24 px-nof-16\">Israelilaislehti The Times of Israelin mukaan Israelin asejoukkoja kohti oli hy\u00f6k\u00e4tty Gazan etel\u00e4osassa.<\/p>\n<p class=\"article-body mb-nof-24 px-nof-16\">Israel my\u00f6s v\u00e4itti aiemmin tiistaina, ett\u00e4 \u00e4\u00e4rij\u00e4rjest\u00f6 Hamas ei ole noudattanut sopimusta liittyen panttivankien ruumiiden palauttamiseen. Hamasin kerrottiin palauttaneen maanantai-iltana osia panttivangista, jonka ruumiin Israelin asevoimat l\u00f6ysi jo joulukuun 2023 alussa, The Times of Israel <a class=\"article-genericlink\" href=\"https:\/\/www.timesofisrael.com\/casket-returned-by-hamas-had-remains-of-hostage-whose-body-idf-recovered-in-2023-israel-says\/\" rel=\"nofollow noopener\" target=\"_blank\">kertoo.<\/a><\/p>\n<p class=\"article-body mb-nof-24 px-nof-16\">Israel my\u00f6s syytti Hamasia, ett\u00e4 se olisi lavastanut panttivangin ruumiin l\u00f6ytymisen.<\/p>\n<p class=\"article-body mb-nof-24 px-nof-16\">Israel ja Hamas p\u00e4\u00e4siv\u00e4t sopuun tulitauosta lokakuun alussa. Tulitaukoa on rikottu aiemminkin.<\/p>\n<p class=\"article-body mb-nof-24 px-nof-16\">Uutinen p\u00e4ivittyy.<\/p>\n","protected":false},"excerpt":{"rendered":"L\u00e4hi-it\u00e4|The Times of Israelin mukaan Israelin asejoukkoja kohti oli hy\u00f6k\u00e4tty Gazan etel\u00e4osassa. Israelin p\u00e4\u00e4ministeri Benjamin Netanjahu m\u00e4\u00e4r\u00e4si tiistaina&hellip;\n","protected":false},"author":2,"featured_media":83,"comment_status":"","ping_status":"","sticky":false,"template":"","format":"standard","meta":{"footnotes":""},"categories":[5],"tags":[22,23,26,27,33,31,30,17,46,24,25,28,29,15,18,21,32,19,20,16],"class_list":{"0":"post-74721","1":"post","2":"type-post","3":"status-publish","4":"format-standard","5":"has-post-thumbnail","7":"category-otsikot","8":"tag-breaking-news","9":"tag-breakingnews","10":"tag-featured-news","11":"tag-featurednews","12":"tag-fi","13":"tag-finland","14":"tag-finnish","15":"tag-headlines","16":"tag-helsingin-sanomat","17":"tag-latest-news","18":"tag-latestnews","19":"tag-main-news","20":"tag-mainnews","21":"tag-news","22":"tag-otsikot","23":"tag-paauutiset","24":"tag-suomi","25":"tag-top-stories","26":"tag-topstories","27":"tag-uutiset"},"share_on_mastodon":{"url":"https:\/\/pubeurope.com\/@fi\/115452881383367610","error":""},"_links":{"self":[{"href":"https:\/\/www.europesays.com\/fi\/wp-json\/wp\/v2\/posts\/74721","targetHints":{"allow":["GET"]}}],"collection":[{"href":"https:\/\/www.europesays.com\/fi\/wp-json\/wp\/v2\/posts"}],"about":[{"href":"https:\/\/www.europesays.com\/fi\/wp-json\/wp\/v2\/types\/post"}],"author":[{"embeddable":true,"href":"https:\/\/www.europesays.com\/fi\/wp-json\/wp\/v2\/users\/2"}],"replies":[{"embeddable":true,"href":"https:\/\/www.europesays.com\/fi\/wp-json\/wp\/v2\/comments?post=74721"}],"version-history":[{"count":0,"href":"https:\/\/www.europesays.com\/fi\/wp-json\/wp\/v2\/posts\/74721\/revisions"}],"wp:featuredmedia":[{"embeddable":true,"href":"https:\/\/www.europesays.com\/fi\/wp-json\/wp\/v2\/media\/83"}],"wp:attachment":[{"href":"https:\/\/www.europesays.com\/fi\/wp-json\/wp\/v2\/media?parent=74721"}],"wp:term":[{"taxonomy":"category","embeddable":true,"href":"https:\/\/www.europesays.com\/fi\/wp-json\/wp\/v2\/categories?post=74721"},{"taxonomy":"post_tag","embeddable":true,"href":"https:\/\/www.europesays.com\/fi\/wp-json\/wp\/v2\/tags?post=74721"}],"curies":[{"name":"wp","href":"https:\/\/api.w.org\/{rel}","templated":true}]}}