{"id":74806,"date":"2025-10-28T19:05:07","date_gmt":"2025-10-28T19:05:07","guid":{"rendered":"https:\/\/www.europesays.com\/fi\/74806\/"},"modified":"2025-10-28T19:05:07","modified_gmt":"2025-10-28T19:05:07","slug":"predator-badlands-on-nahty-scifi-eepos-brutaali-toiminnantayteisin-predatoreista","status":"publish","type":"post","link":"https:\/\/www.europesays.com\/fi\/74806\/","title":{"rendered":"Predator: Badlands on n\u00e4hty: &#8221;Scifi-eepos&#8221;, &#8221;Brutaali&#8221;, &#8221;Toiminnant\u00e4yteisin Predatoreista&#8221;"},"content":{"rendered":"<p>Ensimm\u00e4iset Predatorit n\u00e4htiin vuosina 1987 ja 1990, mutta niiden j\u00e4lkeiset elokuvat ovat olleet enemm\u00e4n tai v\u00e4hemm\u00e4n surkeita.<\/p>\n<p>Kunnes <strong>Dan Trachtenberg<\/strong> teki vuonna 2022 Preyn, joka on Predator 2:n tasoinen toimintapl\u00e4j\u00e4ys.<\/p>\n<p>Lue my\u00f6s: <a href=\"https:\/\/www.episodi.fi\/uutiset\/die-hardissa-predatorissa-ja-the-breakfast-clubissa-tyoskennellyt-jackie-burch-on-kuollut-74-vuotiaana\/\" title=\"Die Hardissa, Predatorissa ja The Breakfast Clubissa ty\u00f6skennellyt Jackie Burch on kuollut 74-vuotiaana\" class=\"underline-custom !font-montserrat !font-bold !underline-offset-4 !decoration-4 !decoration-episodi-blue !text-md\" rel=\"nofollow noopener\" target=\"_blank\">Die Hardissa, Predatorissa ja The Breakfast Clubissa ty\u00f6skennellyt Jackie Burch on kuollut 74-vuotiaana<\/a><\/p>\n<p>Lue my\u00f6s: <a href=\"https:\/\/www.episodi.fi\/uutiset\/predator-badlands-ei-ole-r-leimattu-sille-on-jarkeva-vereen-liittyva-syy\/\" title=\"Predator: Badlands ei ole R-leimattu \u2013 sille on j\u00e4rkev\u00e4 vereen liittyv\u00e4 syy\" class=\"underline-custom !font-montserrat !font-bold !underline-offset-4 !decoration-4 !decoration-episodi-blue !text-md\" rel=\"nofollow noopener\" target=\"_blank\">Predator: Badlands ei ole R-leimattu \u2013 sille on j\u00e4rkev\u00e4 vereen liittyv\u00e4 syy<\/a><\/p>\n<p>T\u00e4n\u00e4 vuonna Trachtenberg julkaisi viel\u00e4 hienon Predator: Killer of Killers -animaation, joka saattaa olla jopa parempi kuin Prey.<\/p>\n<p>Seuraavaksi on tulossa Predator: Badlands, joka yhdist\u00e4\u00e4 Predatorin j\u00e4lleen kerran Alienin maailmaan.<\/p>\n<p>Elokuva on n\u00e4hty maailmalla ja t\u00e4t\u00e4 mielt\u00e4 ihmiset siit\u00e4 ovat: \u201dKekseli\u00e4st\u00e4 toimintaa, orgaanista komediaa. Vaikuttava\u201d, \u201dJ\u00e4nnitt\u00e4v\u00e4\u00e4 toimintaa, vaikka t\u00e4m\u00e4 saattaakin olla Trachtenbergin heikoin Predator-elokuva. Toiminnant\u00e4yteisin Predatoreista\u201d, \u201dScifi-eepos\u201d, \u201dBrutaali, tunteellinen matka\u201d.<\/p>\n<p>Predator: Badlandsin ensi-ilta on 7. marraskuuta.<\/p>\n<p>Alla viestej\u00e4 X:st\u00e4.<\/p>\n<blockquote class=\"twitter-tweet\" data-width=\"500\" data-dnt=\"true\">\n<p lang=\"en\" dir=\"ltr\">Predator: Badlands is friggin\u2019 awesome. Inventive action, organic comedy, and a story I was fully invested in. Dan Trachtenberg continues to push all the right buttons with this franchise. Impressive. <a href=\"https:\/\/t.co\/eoYNluPQoL\" rel=\"nofollow\">pic.twitter.com\/eoYNluPQoL<\/a><\/p>\n<p>\u2014 Amon Warmann (@AmonWarmann) <a href=\"https:\/\/twitter.com\/AmonWarmann\/status\/1982937653881250127?ref_src=twsrc%5Etfw\" rel=\"nofollow noopener\" target=\"_blank\">October 27, 2025<\/a><\/p><\/blockquote>\n<blockquote class=\"twitter-tweet\" data-width=\"500\" data-dnt=\"true\">\n<p lang=\"en\" dir=\"ltr\"><a href=\"https:\/\/twitter.com\/hashtag\/PredatorBadlands?src=hash&amp;ref_src=twsrc%5Etfw\" rel=\"nofollow noopener\" target=\"_blank\">#PredatorBadlands<\/a> is a pretty badass expansion of the Predator franchise. Dan Trachtenberg delivers yet more thrilling action in this world, even if this might be his weakest work in the franchise yet. It&#8217;s the most action-packed Predator film yet, some of it as brutal as you&#8217;d\u2026 <a href=\"https:\/\/t.co\/cIIx5Rx1wq\" rel=\"nofollow\">pic.twitter.com\/cIIx5Rx1wq<\/a><\/p>\n<p>\u2014 Josh Barton (@bartonreviews) <a href=\"https:\/\/twitter.com\/bartonreviews\/status\/1982937501288292401?ref_src=twsrc%5Etfw\" rel=\"nofollow noopener\" target=\"_blank\">October 27, 2025<\/a><\/p><\/blockquote>\n<blockquote class=\"twitter-tweet\" data-width=\"500\" data-dnt=\"true\">\n<p lang=\"en\" dir=\"ltr\">Predator Badlands is a cosmic buddy road movie and it\u2019s all killer no filler. Dan Trachtenberg smartly maneuvers the franchise to a grander scale than just another survival horror. It might not be as traditionally gory, but I had a blast with it. <a href=\"https:\/\/twitter.com\/hashtag\/PredatorBadlands?src=hash&amp;ref_src=twsrc%5Etfw\" rel=\"nofollow noopener\" target=\"_blank\">#PredatorBadlands<\/a> <a href=\"https:\/\/twitter.com\/Predator?ref_src=twsrc%5Etfw\" rel=\"nofollow noopener\" target=\"_blank\">@Predator<\/a> <a href=\"https:\/\/t.co\/GhZTNuijLc\" rel=\"nofollow\">pic.twitter.com\/GhZTNuijLc<\/a><\/p>\n<p>\u2014 Eammon Parks Jacobs (@EammonJacobs) <a href=\"https:\/\/twitter.com\/EammonJacobs\/status\/1982955182997811276?ref_src=twsrc%5Etfw\" rel=\"nofollow noopener\" target=\"_blank\">October 27, 2025<\/a><\/p><\/blockquote>\n<blockquote class=\"twitter-tweet\" data-width=\"500\" data-dnt=\"true\">\n<p lang=\"en\" dir=\"ltr\">Dan Trachtenberg\u2019s <a href=\"https:\/\/twitter.com\/hashtag\/PredatorBadlands?src=hash&amp;ref_src=twsrc%5Etfw\" rel=\"nofollow noopener\" target=\"_blank\">#PredatorBadlands<\/a> is an epic spectacle that takes us on a deep dive into Yautja mythology. <\/p>\n<p>More sci-fi epic than a traditional Predator film, it takes some big swings that don\u2019t always land. Despite its bold approach, legacy fans may be left disappointed. <a href=\"https:\/\/t.co\/udZTFnmh8N\" rel=\"nofollow\">pic.twitter.com\/udZTFnmh8N<\/a><\/p>\n<p>\u2014 Phil Roberts (@philthecool) <a href=\"https:\/\/twitter.com\/philthecool\/status\/1982950166023025016?ref_src=twsrc%5Etfw\" rel=\"nofollow noopener\" target=\"_blank\">October 27, 2025<\/a><\/p><\/blockquote>\n<blockquote class=\"twitter-tweet\" data-width=\"500\" data-dnt=\"true\">\n<p lang=\"en\" dir=\"ltr\">Dan Trachtenberg is taking a big swing with <a href=\"https:\/\/twitter.com\/hashtag\/PredatorBadlands?src=hash&amp;ref_src=twsrc%5Etfw\" rel=\"nofollow noopener\" target=\"_blank\">#PredatorBadlands<\/a>, bringing the franchise out of horror and presenting a straight up sci-fi adventure. It\u2019s a big budget, crowd pleasing spectacle. Die-hards may struggle but there is a lot to love for those willing to join the ride. <a href=\"https:\/\/t.co\/yO97Zit6dF\" rel=\"nofollow\">pic.twitter.com\/yO97Zit6dF<\/a><\/p>\n<p>\u2014 Neil Vagg (@neilvagg) <a href=\"https:\/\/twitter.com\/neilvagg\/status\/1982946740694085722?ref_src=twsrc%5Etfw\" rel=\"nofollow noopener\" target=\"_blank\">October 27, 2025<\/a><\/p><\/blockquote>\n<blockquote class=\"twitter-tweet\" data-width=\"500\" data-dnt=\"true\">\n<p lang=\"en\" dir=\"ltr\">PREDATOR: BADLANDS: an action-packed ride that keeps you on your toes. It&#8217;s a &#8221;found family&#8221; action-adventure wrapped in that classic franchise brutality. Trachtenberg confidently continues to make the Predator world captivating as Fanning  charms (and scares!) <a href=\"https:\/\/twitter.com\/hashtag\/PredatorBadlands?src=hash&amp;ref_src=twsrc%5Etfw\" rel=\"nofollow noopener\" target=\"_blank\">#PredatorBadlands<\/a> <a href=\"https:\/\/t.co\/FS38i798Wf\" rel=\"nofollow\">pic.twitter.com\/FS38i798Wf<\/a><\/p>\n<p>\u2014 Christopher Gallardo (@chrisagwrites) <a href=\"https:\/\/twitter.com\/chrisagwrites\/status\/1982983395463573889?ref_src=twsrc%5Etfw\" rel=\"nofollow noopener\" target=\"_blank\">October 28, 2025<\/a><\/p><\/blockquote>\n<blockquote class=\"twitter-tweet\" data-width=\"500\" data-dnt=\"true\">\n<p lang=\"en\" dir=\"ltr\">PREDATOR: BADLANDS is the visual proof we need to crown Dan Trachtenberg the pioneer of the PREDATOR franchise. With each movie he continues to break the boundaries of what this franchise is capable of as he switches from an action\/horror to a sci-fi\/fantasy adventure.\u2026 <a href=\"https:\/\/t.co\/ZIWyqPDviE\" rel=\"nofollow\">pic.twitter.com\/ZIWyqPDviE<\/a><\/p>\n<p>\u2014 Christopher Rates It \ud83e\udda6 (@LuminousDagger) <a href=\"https:\/\/twitter.com\/LuminousDagger\/status\/1982959538236969259?ref_src=twsrc%5Etfw\" rel=\"nofollow noopener\" target=\"_blank\">October 27, 2025<\/a><\/p><\/blockquote>\n<p>Lue my\u00f6s: <a href=\"https:\/\/www.episodi.fi\/uutiskirje\/?uutiskirjemainos=tekstilinkkimainos\" title=\"Tilaa Episodin uutiskirje ja voit voittaa leffalippuja! Nappaa tv-vinkit suoraan s\u00e4hk\u00f6postiin t\u00e4st\u00e4.\" class=\"underline-custom !font-montserrat !font-bold !underline-offset-4 !decoration-4 !decoration-episodi-blue !text-md\" rel=\"nofollow noopener\" target=\"_blank\">Tilaa Episodin uutiskirje ja voit voittaa leffalippuja! Nappaa katseluvinkit suoraan s\u00e4hk\u00f6postiin t\u00e4st\u00e4.<\/a><\/p>\n<p>\t\t\t<script async src=\"https:\/\/platform.twitter.com\/widgets.js\" charset=\"utf-8\"><\/script><\/p>\n","protected":false},"excerpt":{"rendered":"Ensimm\u00e4iset Predatorit n\u00e4htiin vuosina 1987 ja 1990, mutta niiden j\u00e4lkeiset elokuvat ovat olleet enemm\u00e4n tai v\u00e4hemm\u00e4n surkeita. Kunnes&hellip;\n","protected":false},"author":2,"featured_media":74807,"comment_status":"","ping_status":"","sticky":false,"template":"","format":"standard","meta":{"footnotes":""},"categories":[131],"tags":[12614,155,137,33,173,31,30,172,13266,3058,32,109],"class_list":{"0":"post-74806","1":"post","2":"type-post","3":"status-publish","4":"format-standard","5":"has-post-thumbnail","7":"category-elokuvat","8":"tag-dan-trachtenberg","9":"tag-elokuvat","10":"tag-entertainment","11":"tag-fi","12":"tag-film","13":"tag-finland","14":"tag-finnish","15":"tag-movies","16":"tag-predator-badlands","17":"tag-scifi","18":"tag-suomi","19":"tag-viihde"},"share_on_mastodon":{"url":"https:\/\/pubeurope.com\/@fi\/115453357171359794","error":""},"_links":{"self":[{"href":"https:\/\/www.europesays.com\/fi\/wp-json\/wp\/v2\/posts\/74806","targetHints":{"allow":["GET"]}}],"collection":[{"href":"https:\/\/www.europesays.com\/fi\/wp-json\/wp\/v2\/posts"}],"about":[{"href":"https:\/\/www.europesays.com\/fi\/wp-json\/wp\/v2\/types\/post"}],"author":[{"embeddable":true,"href":"https:\/\/www.europesays.com\/fi\/wp-json\/wp\/v2\/users\/2"}],"replies":[{"embeddable":true,"href":"https:\/\/www.europesays.com\/fi\/wp-json\/wp\/v2\/comments?post=74806"}],"version-history":[{"count":0,"href":"https:\/\/www.europesays.com\/fi\/wp-json\/wp\/v2\/posts\/74806\/revisions"}],"wp:featuredmedia":[{"embeddable":true,"href":"https:\/\/www.europesays.com\/fi\/wp-json\/wp\/v2\/media\/74807"}],"wp:attachment":[{"href":"https:\/\/www.europesays.com\/fi\/wp-json\/wp\/v2\/media?parent=74806"}],"wp:term":[{"taxonomy":"category","embeddable":true,"href":"https:\/\/www.europesays.com\/fi\/wp-json\/wp\/v2\/categories?post=74806"},{"taxonomy":"post_tag","embeddable":true,"href":"https:\/\/www.europesays.com\/fi\/wp-json\/wp\/v2\/tags?post=74806"}],"curies":[{"name":"wp","href":"https:\/\/api.w.org\/{rel}","templated":true}]}}