{"id":74814,"date":"2025-10-28T19:12:16","date_gmt":"2025-10-28T19:12:16","guid":{"rendered":"https:\/\/www.europesays.com\/fi\/74814\/"},"modified":"2025-10-28T19:12:16","modified_gmt":"2025-10-28T19:12:16","slug":"maailman-vanhin-valtionpaamies-sai-jalleen-jatkokauden","status":"publish","type":"post","link":"https:\/\/www.europesays.com\/fi\/74814\/","title":{"rendered":"Maailman vanhin valtionp\u00e4\u00e4mies sai j\u00e4lleen jatkokauden"},"content":{"rendered":"<p>Kamerun|92-vuotias Paul Biya sai yli 53 prosenttia \u00e4\u00e4nist\u00e4. Opposition edustaja Issa Tchiroma Bakary puolestaan on kertonut voittaneensa vaalit.<\/p>\n<p>27.10. 19:57<\/p>\n<p>Lue tiivistelm\u00e4<\/p>\n<p>Tiivistelm\u00e4 on teko\u00e4lyn tekem\u00e4 ja ihmisen tarkistama.<\/p>\n<p class=\"article-body mb-nof-24 px-nof-16 sndp-summary-bullet-point-font\">Kamerunin presidentti Paul Biya, 92, on voittanut vaalit perustuslakineuvoston mukaan yli 53 prosentin \u00e4\u00e4niosuudella.<\/p>\n<p class=\"article-body mb-nof-24 px-nof-16 sndp-summary-bullet-point-font\">Opposition ehdokas Issa Tchiroma Bakary v\u00e4itt\u00e4\u00e4 voittaneensa vaalit ja on luvannut olla hyv\u00e4ksym\u00e4tt\u00e4 tulosta.<\/p>\n<p class=\"article-body mb-nof-24 px-nof-16 sndp-summary-bullet-point-font\">Hallinto on asettanut kokoontumisrajoituksia maanantaille ja rajoittanut internet-yhteyksi\u00e4 hillit\u00e4kseen protesteja.<\/p>\n<p class=\"article-body mb-nof-24 px-nof-16\">Kamerunissa perustuslakineuvosto on vahvistanut, ett\u00e4 istuva presidentti <a class=\"article-personlink\" href=\"https:\/\/www.hs.fi\/haku\/?query=Paul%20Biya\" rel=\"nofollow noopener\" target=\"_blank\">Paul Biya<\/a> on voittanut lokakuun puoliv\u00e4liss\u00e4 j\u00e4rjestetyt presidentinvaalit. Asiasta kertovat AFP ja Reuters.<\/p>\n<p class=\"article-body mb-nof-24 px-nof-16\">92-vuotias Biya on maailman vanhin virassa edelleen toimiva valtionp\u00e4\u00e4mies. H\u00e4n on hallinnut Kamerunia yli 40 vuotta. Valtakautensa aikana h\u00e4n on muun muassa poistanut s\u00e4\u00e4nn\u00f6n, jonka mukaan presidentti voi palvella vain rajatun m\u00e4\u00e4r\u00e4n kausia. H\u00e4n on my\u00f6s voittanut vaaleja selvin lukemin.<\/p>\n<p class=\"article-body mb-nof-24 px-nof-16\">Muun muassa kansalaisj\u00e4rjest\u00f6t ovat katsoneet, etteiv\u00e4t lokakuun vaalit olleet vapaat tai reilut. Vain 12 ehdokasta 83:n ehdokkaan listasta sai <a class=\"article-genericlink\" href=\"https:\/\/www.bloomberg.com\/news\/articles\/2025-10-27\/world-s-oldest-president-biya-wins-reelection-in-cameroon-at-92?srnd=homepage-europe\" rel=\"nofollow noopener\" target=\"_blank\">Bloombergin<\/a> mukaan luvan asettua ehdolle. Listojen ulkopuolelle j\u00e4tettiin esimerkiksi p\u00e4\u00e4oppositiopuolueen ehdokas <a class=\"article-personlink\" href=\"https:\/\/www.hs.fi\/haku\/?query=Maurice%20Kamto\" rel=\"nofollow noopener\" target=\"_blank\">Maurice Kamto<\/a>, koska h\u00e4nen puolueensa katsottiin nimenneen kaksi ehdokasta.<\/p>\n<p class=\"article-body mb-nof-24 px-nof-16\">Biyan ik\u00e4 ja harvat julkiset esiintymiset ovat her\u00e4tt\u00e4neet huolta siit\u00e4, kuka h\u00e4net mahdollisesti korvaisi h\u00e4nen kenties estyess\u00e4 toimimasta virassaan. Perustuslain mukaan virkaan nousisi v\u00e4liaikaisesti senaatin puheenjohtaja.<\/p>\n<p class=\"article-body mb-nof-24 px-nof-16\">Senaatin puheenjohtajana toimii 91-vuotias <a class=\"article-personlink\" href=\"https:\/\/www.hs.fi\/haku\/?query=Marcel%20Niat%20Njifenji\" rel=\"nofollow noopener\" target=\"_blank\">Marcel Niat Njifenji<\/a>, jonka terveydentila on heikko.<\/p>\n<p class=\"article-body mb-nof-24 px-nof-16\">Kamerunin taloudellinen tilanne on heikko, sill\u00e4 sen v\u00e4est\u00f6st\u00e4 noin 40 prosenttia el\u00e4\u00e4 Bloombergin k\u00f6yhyydess\u00e4. Maata ravistelevat my\u00f6s terrorij\u00e4rjest\u00f6t ja kielialueiden v\u00e4liset v\u00e4kivaltaisuudet.<\/p>\n<p class=\"article-body mb-nof-24 px-nof-16\">Katseet k\u00e4\u00e4ntyv\u00e4t nyt opposition edustajiin ja sen kannattajiin, sill\u00e4 sen ehdokas <a class=\"article-personlink\" href=\"https:\/\/www.hs.fi\/haku\/?query=Issa%20Tchiroma%20Bakary\" rel=\"nofollow noopener\" target=\"_blank\">Issa Tchiroma Bakary<\/a> oli jo ilmoittanut voittaneensa vaalit. Maata johtava RDPC-puolue on kiist\u00e4nyt h\u00e4nen v\u00e4itteens\u00e4 vaalivoitosta.<\/p>\n<p><img decoding=\"async\" src=\"https:\/\/www.europesays.com\/fi\/wp-content\/uploads\/2025\/10\/1761678736_96_468.jpg\" alt=\"Kamerunin presidentti Paul Biya \u00e4\u00e4nesti presidentinvaaleissa Yaound\u00e9ssa lokakuun puoliv\u00e4liss\u00e4. Taustalla vaimo Chantal.\" class=\"_Img_1rerz_1\" style=\"aspect-ratio:1.4690130068859986\" loading=\"eager\"\/><\/p>\n<p class=\"article-picture-caption\">Kamerunin presidentti Paul Biya \u00e4\u00e4nesti presidentinvaaleissa Yaound\u00e9ssa lokakuun puoliv\u00e4liss\u00e4. Taustalla vaimo Chantal. Kuva:\u00a0Zohra Bensemra \/ Reuters<\/p>\n<p class=\"article-body mb-nof-24 px-nof-16\">Viikonloppuna n\u00e4htiin jo mielenosoituksia muun muassa maan suurimmassa kaupungissa Doualassa. Mielenosoituksissa kuoli <a class=\"article-genericlink\" href=\"https:\/\/www.bbc.com\/news\/articles\/cly4x9n0yvno\" rel=\"nofollow noopener\" target=\"_blank\">viranomaisten<\/a> mukaan nelj\u00e4 ihmist\u00e4. Lis\u00e4ksi useita loukkaantui turvallisuusviranomaisten ja mielenosoittajien v\u00e4lisiss\u00e4 yhteenotoissa.<\/p>\n<p class=\"article-body mb-nof-24 px-nof-16\">Mielenosoittajien mukaan valtapuolue RDPC olisi varastamassa vaalit. Viranomaiset ovat asettaneet kokoontumisrajoituksia maanantaille hillit\u00e4kseen mielenosoituksia.<\/p>\n<p class=\"article-body mb-nof-24 px-nof-16\">Hallinnon edustajien mukaan mielenosoittajat ovat viem\u00e4ss\u00e4 maata kohti turvallisuuskriisi\u00e4 ja jopa kapinaa.<\/p>\n<p class=\"article-body mb-nof-24 px-nof-16\">Perustuslakineuvoston mukaan Biya olisi saanut yli 53 prosenttia \u00e4\u00e4nist\u00e4 ja Bakary puolestaan noin 35 prosenttia.<\/p>\n<p class=\"article-body mb-nof-24 px-nof-16\">76-vuotias Bakary kertoi viime viikolla <a class=\"article-genericlink\" href=\"https:\/\/www.bbc.com\/news\/articles\/cx2n7dq24glo\" rel=\"nofollow noopener\" target=\"_blank\">BBC:lle<\/a>, ettei h\u00e4n tule hyv\u00e4ksym\u00e4\u00e4n vaalien \u201dvarastamista\u201d. Bakaryn tukijoukot ovat h\u00e4nen mukaansa ker\u00e4nneet vaatimustensa tueksi \u00e4\u00e4nestyspaikkojen tuloksia, jotka antavat v\u00e4itetysti oikean kokonaiskuvan tuloksista.<\/p>\n<p class=\"article-body mb-nof-24 px-nof-16\">\u201dEi ole lainkaan ep\u00e4ilyst\u00e4, ei edes sen h\u00e4iv\u00e4hdyst\u00e4. Voittoni oli kyseenalaistamaton\u201d, h\u00e4n kertoi haastattelussa.<\/p>\n<p class=\"article-body mb-nof-24 px-nof-16\">V\u00e4itetty vaalivilppi on raivostuttanut erityisesti Kamerunin nuorisoa, joka on suurin ik\u00e4ryhm\u00e4 maassa.<\/p>\n<p class=\"article-body mb-nof-24 px-nof-16\">\u201dKun puhuu nuorten ihmisten kanssa, huomaa kyll\u00e4 turhautumisen ja vihan\u201d, toimittaja <a class=\"article-personlink\" href=\"https:\/\/www.hs.fi\/haku\/?query=Blaise%20Eyong\" rel=\"nofollow noopener\" target=\"_blank\">Blaise Eyong<\/a> kertoi<a class=\"article-genericlink\" href=\"https:\/\/www.aljazeera.com\/news\/2025\/10\/26\/two-killed-in-cameroon-protests-ahead-of-election-results-opposition-says\" rel=\"nofollow noopener\" target=\"_blank\"> al-Jazeeralle<\/a> sunnuntaina.<\/p>\n<p class=\"article-body mb-nof-24 px-nof-16\">Internet-yhteyksi\u00e4 on Eyongin mukaan katkottu viime p\u00e4ivien aikana. Hallinto pyrkii n\u00e4in tukahduttamaan mielenosoittajien ja opposition kokoontumisia sek\u00e4 mielenilmauksia.<\/p>\n<p class=\"article-body mb-nof-24 px-nof-16\">\u201dSe ei kuitenkaan ole est\u00e4nyt nuoria ihmisi\u00e4 ker\u00e4\u00e4ntym\u00e4st\u00e4 yhteen.\u201d<\/p>\n<p><img decoding=\"async\" src=\"https:\/\/www.europesays.com\/fi\/wp-content\/uploads\/2025\/10\/1761678736_687_468.jpg\" alt=\"Kamerunin opposition edustaja Issa Tchiroma Bakary \u00e4\u00e4nesti presidentinvaaleissa lokakuun puoliv\u00e4liss\u00e4 Garouassa.\" class=\"_Img_1rerz_1\" style=\"aspect-ratio:1.5011727912431587\" loading=\"eager\"\/><\/p>\n<p class=\"article-picture-caption\">Kamerunin opposition edustaja Issa Tchiroma Bakary \u00e4\u00e4nesti presidentinvaaleissa lokakuun puoliv\u00e4liss\u00e4 Garouassa. Kuva:\u00a0&#8211; \/ AFP<\/p>\n<p class=\"article-body mb-nof-24 px-nof-16\">Bakaryn ja Biyan sukset meniv\u00e4t ristiin aiemmin kuluvana vuonna ja ensin mainittu aloitti oman ehdokaskampanjassa kes\u00e4kuussa. Kampanja sai sai tukea muun muassa oppositiopuolueiden yhteenliittym\u00e4lt\u00e4 sek\u00e4 kansalaisj\u00e4rjest\u00f6ilt\u00e4.<\/p>\n<p class=\"article-body mb-nof-24 px-nof-16\">Bakary on kertonut <a class=\"article-genericlink\" href=\"https:\/\/www.lemonde.fr\/afrique\/article\/2025\/10\/27\/cameroun-paul-biya-92-ans-reelu-pour-la-huitieme-fois-a-la-tete-du-pays-annonce-le-conseil-constitutionnel_6649817_3212.html\" rel=\"nofollow noopener\" target=\"_blank\">Le Monden<\/a> mukaan, ett\u00e4 h\u00e4nen tukijoukkojensa laskelmat olisivat antaneet h\u00e4nelle voiton prosenttiluvuin 55\u201331.<\/p>\n","protected":false},"excerpt":{"rendered":"Kamerun|92-vuotias Paul Biya sai yli 53 prosenttia \u00e4\u00e4nist\u00e4. Opposition edustaja Issa Tchiroma Bakary puolestaan on kertonut voittaneensa vaalit.&hellip;\n","protected":false},"author":2,"featured_media":74815,"comment_status":"","ping_status":"","sticky":false,"template":"","format":"standard","meta":{"footnotes":""},"categories":[14],"tags":[22,23,26,27,33,31,30,17,46,24,25,28,29,15,18,21,32,19,20,56,16,59,60,61],"class_list":{"0":"post-74814","1":"post","2":"type-post","3":"status-publish","4":"format-standard","5":"has-post-thumbnail","7":"category-ulkomaat","8":"tag-breaking-news","9":"tag-breakingnews","10":"tag-featured-news","11":"tag-featurednews","12":"tag-fi","13":"tag-finland","14":"tag-finnish","15":"tag-headlines","16":"tag-helsingin-sanomat","17":"tag-latest-news","18":"tag-latestnews","19":"tag-main-news","20":"tag-mainnews","21":"tag-news","22":"tag-otsikot","23":"tag-paauutiset","24":"tag-suomi","25":"tag-top-stories","26":"tag-topstories","27":"tag-ulkomaat","28":"tag-uutiset","29":"tag-world","30":"tag-world-news","31":"tag-worldnews"},"share_on_mastodon":{"url":"https:\/\/pubeurope.com\/@fi\/115453384875160851","error":""},"_links":{"self":[{"href":"https:\/\/www.europesays.com\/fi\/wp-json\/wp\/v2\/posts\/74814","targetHints":{"allow":["GET"]}}],"collection":[{"href":"https:\/\/www.europesays.com\/fi\/wp-json\/wp\/v2\/posts"}],"about":[{"href":"https:\/\/www.europesays.com\/fi\/wp-json\/wp\/v2\/types\/post"}],"author":[{"embeddable":true,"href":"https:\/\/www.europesays.com\/fi\/wp-json\/wp\/v2\/users\/2"}],"replies":[{"embeddable":true,"href":"https:\/\/www.europesays.com\/fi\/wp-json\/wp\/v2\/comments?post=74814"}],"version-history":[{"count":0,"href":"https:\/\/www.europesays.com\/fi\/wp-json\/wp\/v2\/posts\/74814\/revisions"}],"wp:featuredmedia":[{"embeddable":true,"href":"https:\/\/www.europesays.com\/fi\/wp-json\/wp\/v2\/media\/74815"}],"wp:attachment":[{"href":"https:\/\/www.europesays.com\/fi\/wp-json\/wp\/v2\/media?parent=74814"}],"wp:term":[{"taxonomy":"category","embeddable":true,"href":"https:\/\/www.europesays.com\/fi\/wp-json\/wp\/v2\/categories?post=74814"},{"taxonomy":"post_tag","embeddable":true,"href":"https:\/\/www.europesays.com\/fi\/wp-json\/wp\/v2\/tags?post=74814"}],"curies":[{"name":"wp","href":"https:\/\/api.w.org\/{rel}","templated":true}]}}