{"id":74828,"date":"2025-10-28T19:34:09","date_gmt":"2025-10-28T19:34:09","guid":{"rendered":"https:\/\/www.europesays.com\/fi\/74828\/"},"modified":"2025-10-28T19:34:09","modified_gmt":"2025-10-28T19:34:09","slug":"prinsessa-dianan-sisko-vakavassa-onnettomuudessa","status":"publish","type":"post","link":"https:\/\/www.europesays.com\/fi\/74828\/","title":{"rendered":"Prinsessa Dianan sisko vakavassa onnettomuudessa"},"content":{"rendered":"<p>70-vuotias Sarah McCorquodale joutui sairaalaan vakavan ratsastusonnettomuuden takia.<\/p>\n<p><img decoding=\"async\" class=\"image image-show image-preview\" src=\"https:\/\/www.europesays.com\/fi\/wp-content\/uploads\/2025\/10\/d917f8b5d8ca7341a5e89909b61808403f43f165cf8b9aae1c3fa03cff227ee2.jpg\" alt=\"\"\/><img decoding=\"async\" class=\"image image-show\" src=\"https:\/\/www.europesays.com\/fi\/wp-content\/uploads\/2025\/10\/1761680049_83_d917f8b5d8ca7341a5e89909b61808403f43f165cf8b9aae1c3fa03cff227ee2.jpg\" alt=\"\"\/><\/p>\n<p>Sarah McCorquodale on loukkaantunut vakavasti. Kuva vuodelta 2008. AOP<\/p>\n<p class=\"paragraph\">Prinsessa <a href=\"https:\/\/www.iltalehti.fi\/henkilot\/Walesin prinsessa Diana\" class=\"article-link-person-page\" rel=\"nofollow noopener\" target=\"_blank\">Dianan<\/a> sisko <strong>Sarah McCorquodale<\/strong>, 70, on loukkaantunut vakavasti ratsastusonnettomuudessa. Asiasta uutisoi ruotsalaislehti <a href=\"https:\/\/www.expressen.se\/nyheter\/kungligt\/prinsessan-dianas-syster-allvarligt-skadad\/\" target=\"_blank\" rel=\"noopener nofollow\">Expressen<\/a>.<\/p>\n<p class=\"paragraph\">McCorquodale putosi hevosen sel\u00e4st\u00e4 ja loukkaantui vakavasti. H\u00e4net on viety sairaalaan hoidettavaksi vakavien vammojen vuoksi.<\/p>\n<p class=\"paragraph\">McCorquodalen veli <strong>Charles Spencer<\/strong> kertoi onnettomuudesta <a href=\"https:\/\/www.iltalehti.fi\/henkilot\/Gyles Brandreth\" class=\"article-link-person-page\" rel=\"nofollow noopener\" target=\"_blank\">Gyles Brandrethin<\/a> Rosebud-podcastissa. Spencerin mukaan onnettomuus on tapahtunut viimeisen kuukauden sis\u00e4ll\u00e4. McCorquodale toipuu onnettomuudesta edelleen.<\/p>\n<p class=\"paragraph\">Sarah McCorquodale on edesmenneen prinsessa Dianan vanhin sisarus.<\/p>\n","protected":false},"excerpt":{"rendered":"70-vuotias Sarah McCorquodale joutui sairaalaan vakavan ratsastusonnettomuuden takia. Sarah McCorquodale on loukkaantunut vakavasti. Kuva vuodelta 2008. AOP Prinsessa&hellip;\n","protected":false},"author":2,"featured_media":74829,"comment_status":"","ping_status":"","sticky":false,"template":"","format":"standard","meta":{"footnotes":""},"categories":[130],"tags":[35,137,33,31,30,785,98,2461,103,32,504,109],"class_list":{"0":"post-74828","1":"post","2":"type-post","3":"status-publish","4":"format-standard","5":"has-post-thumbnail","7":"category-viihde","8":"tag-24h","9":"tag-entertainment","10":"tag-fi","11":"tag-finland","12":"tag-finnish","13":"tag-nisakkaat","14":"tag-perhe","15":"tag-sairaalat-ja-terveyskeskukset","16":"tag-sosiaalikysymykset","17":"tag-suomi","18":"tag-terveyspalvelut","19":"tag-viihde"},"share_on_mastodon":{"url":"https:\/\/pubeurope.com\/@fi\/115453471302105026","error":""},"_links":{"self":[{"href":"https:\/\/www.europesays.com\/fi\/wp-json\/wp\/v2\/posts\/74828","targetHints":{"allow":["GET"]}}],"collection":[{"href":"https:\/\/www.europesays.com\/fi\/wp-json\/wp\/v2\/posts"}],"about":[{"href":"https:\/\/www.europesays.com\/fi\/wp-json\/wp\/v2\/types\/post"}],"author":[{"embeddable":true,"href":"https:\/\/www.europesays.com\/fi\/wp-json\/wp\/v2\/users\/2"}],"replies":[{"embeddable":true,"href":"https:\/\/www.europesays.com\/fi\/wp-json\/wp\/v2\/comments?post=74828"}],"version-history":[{"count":0,"href":"https:\/\/www.europesays.com\/fi\/wp-json\/wp\/v2\/posts\/74828\/revisions"}],"wp:featuredmedia":[{"embeddable":true,"href":"https:\/\/www.europesays.com\/fi\/wp-json\/wp\/v2\/media\/74829"}],"wp:attachment":[{"href":"https:\/\/www.europesays.com\/fi\/wp-json\/wp\/v2\/media?parent=74828"}],"wp:term":[{"taxonomy":"category","embeddable":true,"href":"https:\/\/www.europesays.com\/fi\/wp-json\/wp\/v2\/categories?post=74828"},{"taxonomy":"post_tag","embeddable":true,"href":"https:\/\/www.europesays.com\/fi\/wp-json\/wp\/v2\/tags?post=74828"}],"curies":[{"name":"wp","href":"https:\/\/api.w.org\/{rel}","templated":true}]}}