{"id":74846,"date":"2025-10-28T19:55:09","date_gmt":"2025-10-28T19:55:09","guid":{"rendered":"https:\/\/www.europesays.com\/fi\/74846\/"},"modified":"2025-10-28T19:55:09","modified_gmt":"2025-10-28T19:55:09","slug":"raharemontti-johanna-41-haluaa-ylivelkaantumisestaan-eroon","status":"publish","type":"post","link":"https:\/\/www.europesays.com\/fi\/74846\/","title":{"rendered":"Raharemontti: Johanna, 41, haluaa ylivelkaantumisestaan eroon"},"content":{"rendered":"<p>Johanna, 41, haluaa taloutensa kuntoon. Johanna k\u00e4ytt\u00e4\u00e4 rahaa monin paikoin kohtuudella, mutta h\u00e4nell\u00e4 on tiettyj\u00e4 taloudellisia sudenkuoppia, joista h\u00e4n haluaisi p\u00e4\u00e4st\u00e4 eroon.<\/p>\n<p class=\"article-body mb-nof-24 px-nof-16\">Tamperelainen kahden lapsen \u00e4iti <a class=\"article-personlink\" href=\"https:\/\/www.is.fi\/haku\/?query=Johanna\" rel=\"nofollow noopener\" target=\"_blank\">Johanna<\/a>, 41, hakee apua taloustilanteeseensa Raharemontti-sarjan uudessa jaksossa. Mielenterveys- ja p\u00e4ihdeyksik\u00f6ss\u00e4 hoitajana ty\u00f6skentelev\u00e4 Johanna kertoo olevansa ylivelkaantunut.<\/p>\n<p class=\"article-body mb-nof-24 px-nof-16\">Johannalla on mennyt yksi pankkilaina ulosottoon.<\/p>\n<p class=\"article-body mb-nof-24 px-nof-16\">\u2013\u2009Minulla on siell\u00e4 t\u00e4ll\u00e4 hetkell\u00e4 3 000 euroa. Palkastani menee sinne aika iso siivu. Tuntuu, ettei kuukausituloni riit\u00e4 normaaleihin menoihin. Siksi joudun lainaamaan rahaa sukulaisilta, miesyst\u00e4v\u00e4lt\u00e4ni, is\u00e4lt\u00e4ni tai parhaalta yst\u00e4v\u00e4lt\u00e4ni, Johanna sanoo.<\/p>\n<p class=\"article-body mb-nof-24 px-nof-16\">Tilanteesta tekee entist\u00e4 mutkikkaamman sen, ett\u00e4 Johanna kertoo jakson alussa tekev\u00e4ns\u00e4 40-prosenttista ty\u00f6viikkoa. H\u00e4n on osa-aikaisella sairauslomalla. Johannan mukaan suurin syy on masennus, jota h\u00e4n on sairastanut yli 20 vuotta.<\/p>\n<p class=\"article-body mb-nof-24 px-nof-16\">\u2013\u2009Minulla on sellaista, ett\u00e4 v\u00e4lill\u00e4 on vaihe, kun menn\u00e4\u00e4n kovaa. V\u00e4lill\u00e4 sitten taas tiputaan alas. Kaksisuuntaista mielialah\u00e4iri\u00f6t\u00e4 ei ole minulla diagnosoitu, mutta se on ep\u00e4ilys t\u00e4ss\u00e4 rinnalla koko ajan. Oireethan viittaa minulla siihen, ett\u00e4 minulla voisi olla se.<\/p>\n<p><img decoding=\"async\" src=\"https:\/\/www.europesays.com\/fi\/wp-content\/uploads\/2025\/10\/1761681309_853_468.jpg\" alt=\"Johanna toteaa el\u00e4v\u00e4ns\u00e4 velkakierteest\u00e4, josta h\u00e4n haluaisi p\u00e4\u00e4st\u00e4 irti.\" class=\"_Img_1rerz_1\" style=\"aspect-ratio:1.5011727912431587\" loading=\"eager\"\/><\/p>\n<p class=\"article-picture-caption\">Johanna toteaa el\u00e4v\u00e4ns\u00e4 velkakierteest\u00e4, josta h\u00e4n haluaisi p\u00e4\u00e4st\u00e4 irti. Kuva:\u00a0Dan Peled \/ Banijay Finland Oy<\/p>\n<p class=\"article-body mb-nof-24 px-nof-16\">Johanna sanoo, ett\u00e4 \u201dkovassa\u201d vaiheessa h\u00e4nen rahank\u00e4ytt\u00f6ns\u00e4 on holtittomampaa. H\u00e4n tekee silloin her\u00e4teostoksia.<\/p>\n<p class=\"article-body mb-nof-24 px-nof-16\">\u2013\u2009Luulen, ett\u00e4 rahani menev\u00e4t enimm\u00e4kseen kirpputoreille. Sielt\u00e4 ostan huonekaluista l\u00e4htien kaikenlaista. Ostin juuri tekokukan.<\/p>\n<p class=\"article-body mb-nof-24 px-nof-16\">Ohjelman talousasiantuntija <a class=\"article-personlink\" href=\"https:\/\/www.is.fi\/haku\/?query=Joni%20Rintamaa\" rel=\"nofollow noopener\" target=\"_blank\">Joni Rintamaa <\/a>laskee Johannan kuukausittaisia tuloja ja menoja. Johannan keskim\u00e4\u00e4r\u00e4iset tulot ovat hieman alle 2 500 euroa. Rintamaa toteaa, ett\u00e4 summa olisi muutoin suurempi, mutta siit\u00e4 on poistettu ulosottoon kuukausittain menev\u00e4 500\u2013800 euroa.<\/p>\n<p class=\"article-body mb-nof-24 px-nof-16\">Asumiseen Johannalla menee 940 euroa kuukaudessa, joka ei ole Rintamaan mielest\u00e4 kohtuuton summa lastensa kanssa asuvalle naiselle. Moni muistakin kuluista on kohtuullisia.<\/p>\n<p class=\"article-body mb-nof-24 px-nof-16\">Muut menot -sarakkeeseen Johannalla menee kuitenkin 780 euroa kuukaudessa.<\/p>\n<p><img decoding=\"async\" src=\"https:\/\/www.europesays.com\/fi\/wp-content\/uploads\/2025\/10\/1761681309_422_468.jpg\" alt=\"Johannalla on vankka kirppistausta. H\u00e4n on itsekin pit\u00e4nyt myyntip\u00f6yti\u00e4 eri kirpputoreilla.\" class=\"_Img_1rerz_1\" style=\"aspect-ratio:1.5011727912431587\" loading=\"eager\"\/><\/p>\n<p class=\"article-picture-caption\">Johannalla on vankka kirppistausta. H\u00e4n on itsekin pit\u00e4nyt myyntip\u00f6yti\u00e4 eri kirpputoreilla. Kuva:\u00a0Dan Peled \/ Banijay Finland Oy<\/p>\n<p class=\"article-body mb-nof-24 px-nof-16\">My\u00f6hemmin juontaja <a class=\"article-personlink\" href=\"https:\/\/www.is.fi\/haku\/?query=Jaana%20Pelkonen\" rel=\"nofollow noopener\" target=\"_blank\">Jaana Pelkonen <\/a>keskustelee Johannan kanssa asiasta. Paljastuu, ett\u00e4 Johanna oli oikeassa kirpputoreista.<\/p>\n<p class=\"article-body mb-nof-24 px-nof-16\">\u2013\u2009Sinulla menee kirpputorihankintoihin 720 euroa euroa vuodessa, Pelkonen sanoo.<\/p>\n<p class=\"article-body mb-nof-24 px-nof-16\">Summa ei ole sin\u00e4ns\u00e4 suuren suuri, mutta Pelkonen kertoo Johannalle, ett\u00e4 lis\u00e4ksi Johannan pojan PlayStation-pelaamiseen ja konsolihankintoihin menee toiset 720 euroa vuodessa.<\/p>\n<p class=\"article-body mb-nof-24 px-nof-16\">\u2013\u2009Yhteens\u00e4 se tekee jo 1440 euroa, Pelkonen painottaa.<\/p>\n<p class=\"article-body mb-nof-24 px-nof-16\">Ylikulutusta Johannalla on 150 euroa kuukaudessa, joka liittyy h\u00e4nen velkoihinsa l\u00e4heisilleen ja niiden takaisin maksamiseen.<\/p>\n<p class=\"article-body mb-nof-24 px-nof-16\">Johanna haaveileekin siit\u00e4, ettei h\u00e4nen en\u00e4\u00e4 tarvitsisi lainata rahaa kenelt\u00e4k\u00e4\u00e4n.<\/p>\n<p class=\"article-body mb-nof-24 px-nof-16\">Rintamaa huomauttaa, ett\u00e4 Johannan taloudellisen tilanteen kohentaminen ei tule olemaan helppoa, sill\u00e4 heid\u00e4n tarkastelemansa luvut ovat ajalta, kun Johanna ty\u00f6skenteli kokop\u00e4iv\u00e4isesti.<\/p>\n<p class=\"article-body mb-nof-24 px-nof-16\">\u2013\u2009T\u00e4ss\u00e4 on monta askelta kuljettavana, talousasiantuntija toteaa.<\/p>\n<p class=\"article-body nof-ui-body-medium mb-nof-24 px-nof-16\">Ilta-Sanomat, Nelonen ja Ruutu kuuluvat samaan Sanoma-konserniin.<\/p>\n<p class=\"article-body nof-ui-body-medium mb-nof-24 px-nof-16\">Raharemontti klo 20 tiistaisin Nelosella &amp; Ruudussa.<\/p>\n","protected":false},"excerpt":{"rendered":"Johanna, 41, haluaa taloutensa kuntoon. Johanna k\u00e4ytt\u00e4\u00e4 rahaa monin paikoin kohtuudella, mutta h\u00e4nell\u00e4 on tiettyj\u00e4 taloudellisia sudenkuoppia, joista&hellip;\n","protected":false},"author":2,"featured_media":74847,"comment_status":"","ping_status":"","sticky":false,"template":"","format":"standard","meta":{"footnotes":""},"categories":[133],"tags":[137,33,31,30,34,32,206,156,109],"class_list":{"0":"post-74846","1":"post","2":"type-post","3":"status-publish","4":"format-standard","5":"has-post-thumbnail","7":"category-televisiot","8":"tag-entertainment","9":"tag-fi","10":"tag-finland","11":"tag-finnish","12":"tag-ilta-sanomat","13":"tag-suomi","14":"tag-televisiot","15":"tag-tv","16":"tag-viihde"},"share_on_mastodon":{"url":"https:\/\/pubeurope.com\/@fi\/115453553933205843","error":""},"_links":{"self":[{"href":"https:\/\/www.europesays.com\/fi\/wp-json\/wp\/v2\/posts\/74846","targetHints":{"allow":["GET"]}}],"collection":[{"href":"https:\/\/www.europesays.com\/fi\/wp-json\/wp\/v2\/posts"}],"about":[{"href":"https:\/\/www.europesays.com\/fi\/wp-json\/wp\/v2\/types\/post"}],"author":[{"embeddable":true,"href":"https:\/\/www.europesays.com\/fi\/wp-json\/wp\/v2\/users\/2"}],"replies":[{"embeddable":true,"href":"https:\/\/www.europesays.com\/fi\/wp-json\/wp\/v2\/comments?post=74846"}],"version-history":[{"count":0,"href":"https:\/\/www.europesays.com\/fi\/wp-json\/wp\/v2\/posts\/74846\/revisions"}],"wp:featuredmedia":[{"embeddable":true,"href":"https:\/\/www.europesays.com\/fi\/wp-json\/wp\/v2\/media\/74847"}],"wp:attachment":[{"href":"https:\/\/www.europesays.com\/fi\/wp-json\/wp\/v2\/media?parent=74846"}],"wp:term":[{"taxonomy":"category","embeddable":true,"href":"https:\/\/www.europesays.com\/fi\/wp-json\/wp\/v2\/categories?post=74846"},{"taxonomy":"post_tag","embeddable":true,"href":"https:\/\/www.europesays.com\/fi\/wp-json\/wp\/v2\/tags?post=74846"}],"curies":[{"name":"wp","href":"https:\/\/api.w.org\/{rel}","templated":true}]}}