{"id":74848,"date":"2025-10-28T19:56:10","date_gmt":"2025-10-28T19:56:10","guid":{"rendered":"https:\/\/www.europesays.com\/fi\/74848\/"},"modified":"2025-10-28T19:56:10","modified_gmt":"2025-10-28T19:56:10","slug":"do-you-want-heavy-kysyi-james-hetfield-ja-sitten-mentiin-nain-kajahti-sad-but-true-lokakuussa-san-franciscossa","status":"publish","type":"post","link":"https:\/\/www.europesays.com\/fi\/74848\/","title":{"rendered":"&#8221;Do you want heavy&#8221;, kysyi James Hetfield ja sitten mentiin: n\u00e4in kajahti Sad But True lokakuussa San Franciscossa"},"content":{"rendered":"<p>Metallica julkaisi taas vaihteeksi sis\u00e4lt\u00f6\u00e4 Youtube-kanavallaan. Keikkavideoita t\u00e4m\u00e4n t\u00e4st\u00e4 yleis\u00f6n n\u00e4ht\u00e4ville tuova metallimammutti latasi katsojien iloksi Sad But True -rymistelyn, joka on taltioitu San Franciscon Dreamfest-hyv\u00e4ntekev\u00e4isyystapahtumassa 15. lokakuuta. Alempaa voi katsoa, miten t\u00e4m\u00e4 raskastahtinen tykitys orkesterilta nykyp\u00e4iv\u00e4n\u00e4 taittuu.<\/p>\n<p>Metallican M72-kiertue siirtyy marraskuun alussa Australiaan, miss\u00e4 b\u00e4ndi rundaa kolmen viikon ajan. Sen j\u00e4lkeen ohjelmassa on keikkoja Qatarissa, Bahrainissa ja Arabiemiraateissa, ja sen j\u00e4lkeen b\u00e4ndi pit\u00e4\u00e4kin keikkataukoa aina kev\u00e4\u00e4seen asti. Vuoden 2026 kiertuerupeama alkaa 9. toukokuuta Kreikasta, jonka j\u00e4lkeen yhtye kiert\u00e4\u00e4 hein\u00e4kuuhun asti Etel\u00e4- ja Keski-Eurooppaa sek\u00e4 Isoa-Britanniaa. Skandinavian suuntaan ei orkesteri ole n\u00e4ill\u00e4 n\u00e4kymin tulossa.<\/p>\n<p><img loading=\"lazy\" decoding=\"async\" alt=\"YouTube video\" width=\"480\" height=\"360\" data-pin-nopin=\"true\" nopin=\"nopin\" class=\"perfmatters-lazy\" src=\"https:\/\/www.europesays.com\/fi\/wp-content\/uploads\/2025\/10\/1761681369_909_hqdefault.jpg\"\/><\/p>\n","protected":false},"excerpt":{"rendered":"Metallica julkaisi taas vaihteeksi sis\u00e4lt\u00f6\u00e4 Youtube-kanavallaan. Keikkavideoita t\u00e4m\u00e4n t\u00e4st\u00e4 yleis\u00f6n n\u00e4ht\u00e4ville tuova metallimammutti latasi katsojien iloksi Sad But&hellip;\n","protected":false},"author":2,"featured_media":74849,"comment_status":"","ping_status":"","sticky":false,"template":"","format":"standard","meta":{"footnotes":""},"categories":[132],"tags":[137,33,31,30,195,47,32,109],"class_list":{"0":"post-74848","1":"post","2":"type-post","3":"status-publish","4":"format-standard","5":"has-post-thumbnail","7":"category-musiikki","8":"tag-entertainment","9":"tag-fi","10":"tag-finland","11":"tag-finnish","12":"tag-music","13":"tag-musiikki","14":"tag-suomi","15":"tag-viihde"},"share_on_mastodon":{"url":"https:\/\/pubeurope.com\/@fi\/115453557657575439","error":""},"_links":{"self":[{"href":"https:\/\/www.europesays.com\/fi\/wp-json\/wp\/v2\/posts\/74848","targetHints":{"allow":["GET"]}}],"collection":[{"href":"https:\/\/www.europesays.com\/fi\/wp-json\/wp\/v2\/posts"}],"about":[{"href":"https:\/\/www.europesays.com\/fi\/wp-json\/wp\/v2\/types\/post"}],"author":[{"embeddable":true,"href":"https:\/\/www.europesays.com\/fi\/wp-json\/wp\/v2\/users\/2"}],"replies":[{"embeddable":true,"href":"https:\/\/www.europesays.com\/fi\/wp-json\/wp\/v2\/comments?post=74848"}],"version-history":[{"count":0,"href":"https:\/\/www.europesays.com\/fi\/wp-json\/wp\/v2\/posts\/74848\/revisions"}],"wp:featuredmedia":[{"embeddable":true,"href":"https:\/\/www.europesays.com\/fi\/wp-json\/wp\/v2\/media\/74849"}],"wp:attachment":[{"href":"https:\/\/www.europesays.com\/fi\/wp-json\/wp\/v2\/media?parent=74848"}],"wp:term":[{"taxonomy":"category","embeddable":true,"href":"https:\/\/www.europesays.com\/fi\/wp-json\/wp\/v2\/categories?post=74848"},{"taxonomy":"post_tag","embeddable":true,"href":"https:\/\/www.europesays.com\/fi\/wp-json\/wp\/v2\/tags?post=74848"}],"curies":[{"name":"wp","href":"https:\/\/api.w.org\/{rel}","templated":true}]}}