{"id":74862,"date":"2025-10-28T20:06:10","date_gmt":"2025-10-28T20:06:10","guid":{"rendered":"https:\/\/www.europesays.com\/fi\/74862\/"},"modified":"2025-10-28T20:06:10","modified_gmt":"2025-10-28T20:06:10","slug":"yli-50-vuotta-ilvesta-kannattanut-iso-mustajarvi-tyrmaa-uuden-jaakiekkosarjan-sm-liiga-ainoa-oikea-kotimaa","status":"publish","type":"post","link":"https:\/\/www.europesays.com\/fi\/74862\/","title":{"rendered":"Yli 50 vuotta Ilvest\u00e4 kannattanut Iso-Mustaj\u00e4rvi tyrm\u00e4\u00e4 uuden j\u00e4\u00e4kiekkosarjan: SM-liiga ainoa oikea | Kotimaa"},"content":{"rendered":"<p class=\"aw-1gybjub aw-5vja16 ghpEtB kjanFo yle__article__paragraph\">Pitk\u00e4n linjan llves-fani Marko Iso-Mustaj\u00e4rvi toivoo SM-liigalle rauhaa uudistusty\u00f6h\u00f6n. Tappara-kannattaja Jarkko Koskinen uskoo, ett\u00e4 fanien kannalta tuote paranee joka tapauksessa.<\/p>\n<p><img decoding=\"async\" alt=\"Tappara ja Ilves SM-liigan puoliv\u00e4lieriss\u00e4 kev\u00e4\u00e4ll\u00e4 2025. Tappara on j\u00e4\u00e4nyt altavastaajaksi.\" src=\"https:\/\/www.europesays.com\/fi\/wp-content\/uploads\/2025\/10\/39-144462967ecd367a73a0.jpeg\" class=\"aw-1l9m598 hKVVvP\"\/><\/p>\n<p>Avaa kuvien katselu<\/p>\n<p>Arkistokuva Tapparan ja Ilveksen pudotuspeleist\u00e4 viime kev\u00e4\u00e4lt\u00e4. Kuva: Mika Kylm\u00e4niemi \/ AOP<\/p>\n<p>Juttu tiivistettyn\u00e4<\/p>\n<ul class=\"aw-1jjocuh iJTSwP yle__article__list yle__article__list--ul\">\n<li class=\"aw-1j7gwms eEeLbO\">Tamperelaiset j\u00e4\u00e4kiekkofanit pohtivat sarjaj\u00e4rjestelm\u00e4n uudistusta.<\/li>\n<li class=\"aw-1j7gwms eEeLbO\">Ilves-fani Marko Iso-Mustaj\u00e4rvi kaipaa rauhaa SM-liigalle sarjamuodon uudistamiseksi. H\u00e4n pit\u00e4\u00e4 joukkuem\u00e4\u00e4r\u00e4n pienent\u00e4mist\u00e4 v\u00e4ltt\u00e4m\u00e4tt\u00f6m\u00e4n\u00e4.<\/li>\n<li class=\"aw-1j7gwms eEeLbO\">Tappara-fani Jarkko Koskinen ymm\u00e4rt\u00e4\u00e4, ett\u00e4 jotkut seurat kaipaavat muutoksia.<\/li>\n<li class=\"aw-1j7gwms eEeLbO\">Entinen Tapparan puheenjohtaja Heikki Penttil\u00e4 suunnittelee uutta j\u00e4\u00e4kiekon ammattilaissarjaa, joka voisi alkaa jo syksyll\u00e4 2026.<\/li>\n<li class=\"aw-1j7gwms eEeLbO\">Samalla SM-liiga valmistelee omaa uudistustaan.<\/li>\n<\/ul>\n<p class=\"aw-1gybjub aw-1p7kakr ghpEtB jtovHP yle__article__paragraph\">T\u00e4m\u00e4 on teko\u00e4lyn avulla tuotettu, toimittajan tarkistama tiivistelm\u00e4.<\/p>\n<p class=\"aw-1gybjub aw-1p7kakr ghpEtB jtovHP yle__article__paragraph\">Osa tamperelaisista j\u00e4\u00e4kiekkofaneista kummastelee sarjaj\u00e4rjestelm\u00e4n uudistuksesta k\u00e4yt\u00e4v\u00e4\u00e4 keskustelua.<\/p>\n<p class=\"aw-1gybjub aw-1p7kakr ghpEtB jtovHP yle__article__paragraph\">Yksi heist\u00e4 on llves Ikuisesti ry:n perustaja ja puheenjohtaja <strong class=\"aw-ak79eh KyCXm yle__article__strong\">Marko Iso-Mustaj\u00e4rvi<\/strong>.<\/p>\n<p><img decoding=\"async\" alt=\"Mies pukeutuneena Tampereen Ilveksen pelipaitaan j\u00e4\u00e4hallin katsomossa.\" src=\"https:\/\/www.europesays.com\/fi\/wp-content\/uploads\/2025\/10\/39-1455475680a3a8dc1d50.jpeg\" loading=\"lazy\" class=\"aw-1l9m598 hKVVvP\"\/><\/p>\n<p>Avaa kuvien katselu<\/p>\n<p>Marko Iso-Mustaj\u00e4rvi on ollut Ilveksen kannattaja vuodesta 1967. Arkistokuva. Kuva: Antti Eintola \/ Yle<\/p>\n<p class=\"aw-1gybjub aw-1p7kakr ghpEtB jtovHP yle__article__paragraph\">Iso-Mustaj\u00e4rve\u00e4 keskustelu sarjauudistuksesta ihmetytt\u00e4\u00e4. H\u00e4n kaipaisi SM-liigalle rauhaa sarjamuodon uudistamiseen.<\/p>\n<p class=\"aw-1gybjub aw-1p7kakr ghpEtB jtovHP yle__article__paragraph\">\u2013 Seh\u00e4n on selv\u00e4, ett\u00e4 joukkuem\u00e4\u00e4r\u00e4\u00e4 pit\u00e4\u00e4 tiputtaa 12\u201314:\u00e4\u00e4n. Sen pit\u00e4\u00e4 tapahtua urheilullisin perustein.<\/p>\n<p class=\"aw-1gybjub aw-1p7kakr ghpEtB jtovHP yle__article__paragraph\">Uutta, entisen Tappara-vaikuttajan <strong class=\"aw-ak79eh KyCXm yle__article__strong\">Heikki Penttil\u00e4n<\/strong> ajamaa ehdotusta Iso-Mustaj\u00e4rvi ei pid\u00e4 todenn\u00e4k\u00f6isen\u00e4. Penttil\u00e4 kertoi maanantaina suunnittelevansa Suomeen <a class=\"aw-iao6s4 iHOxEa yle__article__link\" href=\"https:\/\/yle.fi\/a\/74-20190698\" role=\"link\" rel=\"nofollow noopener\" target=\"_blank\">kokonaan uutta j\u00e4\u00e4kiekon ammattilaissarjaa<\/a>.<\/p>\n<p class=\"aw-1gybjub aw-1p7kakr ghpEtB jtovHP yle__article__paragraph\">\u2013 Kyll\u00e4 meid\u00e4n pit\u00e4\u00e4 SM-liiga saada sellaiseksi, ett\u00e4 se on se yksi ja ainoa oikea eteenp\u00e4in viet\u00e4v\u00e4ksi, Iso-Mustaj\u00e4rvi sanoo.<\/p>\n<p><img decoding=\"async\" alt=\"SM-liigataso.\" src=\"https:\/\/www.europesays.com\/fi\/wp-content\/uploads\/2025\/10\/1761681969_383_39-154432868ff9d83bb74a.jpeg\" class=\"aw-1l9m598 hKVVvP\"\/>Uusi sarja jo vuoden p\u00e4\u00e4st\u00e4?<\/p>\n<p class=\"aw-1gybjub aw-1p7kakr ghpEtB jtovHP yle__article__paragraph\">Penttil\u00e4 kertoi maanantaina, ett\u00e4 h\u00e4nen ajamansa uusi sarja voisi aloittaa toimintansa jo syksyll\u00e4 2026.<\/p>\n<p class=\"aw-1gybjub aw-1p7kakr ghpEtB jtovHP yle__article__paragraph\">T\u00e4m\u00e4n hetken suunnitelman mukaan sarjassa pelaisi alkuun 10\u201312 joukkuetta ja sen tavoitteena olisi vahvistaa suomalaisen j\u00e4\u00e4kiekon urheilullista kilpailukyky\u00e4, taloudellisia toimintaedellytyksi\u00e4 ja vetovoimaa.<\/p>\n<p class=\"aw-1gybjub aw-1p7kakr ghpEtB jtovHP yle__article__paragraph\">Penttil\u00e4 tavoittelee avointa sarjaa, jossa nousu ja putoaminen olisivat mahdollisia ilman osuutta sarjaa py\u00f6ritt\u00e4v\u00e4st\u00e4 yhti\u00f6st\u00e4.<\/p>\n<p><img decoding=\"async\" alt=\"Ilveksen j\u00e4\u00e4kiekkokannattajat heiluttavat isoja lippuja.\" src=\"https:\/\/www.europesays.com\/fi\/wp-content\/uploads\/2025\/10\/39-144520567ed764c56d70.jpeg\" loading=\"lazy\" class=\"aw-1l9m598 hKVVvP\"\/><\/p>\n<p>Avaa kuvien katselu<\/p>\n<p>Kannattajat heiluttivat lippuja Ilveksen ja Tapparan pudotuspeliottelussa viime kev\u00e4\u00e4n\u00e4. Kuva: Mika Kylm\u00e4niemi \/ All Over Press\u201dPelin katsominen tuskin muuttuu\u201d<\/p>\n<p class=\"aw-1gybjub aw-1p7kakr ghpEtB jtovHP yle__article__paragraph\">Mahdollinen sarjauudistus tuskin mullistaa fanitoimintaa. N\u00e4in arvioi Tappara Fan Clubin puheenjohtaja <strong class=\"aw-ak79eh KyCXm yle__article__strong\">Jarkko Koskinen<\/strong>.<\/p>\n<p class=\"aw-1gybjub aw-1p7kakr ghpEtB jtovHP yle__article__paragraph\">Koskinen on kannattanut Tapparaa 1990-luvun puolestav\u00e4list\u00e4 l\u00e4htien.<\/p>\n<p class=\"aw-1gybjub aw-1p7kakr ghpEtB jtovHP yle__article__paragraph\">\u2013 Meid\u00e4n tekemisemme ja pelin katsomisemme tuskin siit\u00e4 mihink\u00e4\u00e4n muuttuu.<\/p>\n<p class=\"aw-1gybjub aw-1p7kakr ghpEtB jtovHP yle__article__paragraph\">Koskinen ymm\u00e4rt\u00e4\u00e4, ett\u00e4 jotkut seurat haluavat uudistuksia, Tappara mahdollisesti yhten\u00e4 niist\u00e4.<\/p>\n<p class=\"aw-1gybjub aw-1p7kakr ghpEtB jtovHP yle__article__paragraph\">\u2013 Tappara on toiminut maksajana aika pitk\u00e4n aikaa.<\/p>\n<p class=\"aw-1gybjub aw-1p7kakr ghpEtB jtovHP yle__article__paragraph\">Sek\u00e4 Tapparan ett\u00e4 Ilveksen johto on vaatinut <a class=\"aw-iao6s4 iHOxEa yle__article__link\" href=\"https:\/\/yle.fi\/a\/74-20149973\" role=\"link\" rel=\"nofollow noopener\" target=\"_blank\">pudotuspelien tulonjaon uudistamista<\/a>.<\/p>\n<p class=\"aw-1gybjub aw-1p7kakr ghpEtB jtovHP yle__article__paragraph\">Koskinen uskoo, ett\u00e4 fanin n\u00e4k\u00f6kulmasta tuote paranee, oli lopputulos mik\u00e4 hyv\u00e4ns\u00e4.<\/p>\n<p>SM-liigalla oma uudistushankkeensa<\/p>\n<p class=\"aw-1gybjub aw-1p7kakr ghpEtB jtovHP yle__article__paragraph\">SM-liigan hallituksen puheenjohtaja <strong class=\"aw-ak79eh KyCXm yle__article__strong\">Jyrki Sepp\u00e4<\/strong> sanoi maanantaina, ett\u00e4 <a class=\"aw-iao6s4 iHOxEa yle__article__link\" href=\"https:\/\/yle.fi\/a\/74-20190689\" role=\"link\" rel=\"nofollow noopener\" target=\"_blank\">SM-liiga ei ole hajoamassa<\/a>.<\/p>\n<p class=\"aw-1gybjub aw-1p7kakr ghpEtB jtovHP yle__article__paragraph\">Sep\u00e4n mukaan SM-liigan oma ty\u00f6 sarjamuodon muuttamiseksi on yhti\u00f6kokousta vaille valmis.<\/p>\n<p class=\"aw-1gybjub aw-1p7kakr ghpEtB jtovHP yle__article__paragraph\">Sepp\u00e4 on my\u00f6s SM-liigajoukkue Ilveksen taustayhti\u00f6n hallituksen puheenjohtaja.<\/p>\n<p class=\"aw-1gybjub aw-1p7kakr ghpEtB jtovHP yle__article__paragraph\">SM-liiga tulee ehdottamaan osakkaille ylemm\u00e4n joukkuem\u00e4\u00e4r\u00e4n kaventamista nykyisest\u00e4 16 joukkueesta joko 14 tai 12 joukkueeseen.<\/p>\n<p class=\"aw-1gybjub aw-1p7kakr ghpEtB jtovHP yle__article__paragraph\">Suunnitelmissa on kummassakin vaihtoehdossa kymmenen joukkueen alempi sarja. N\u00e4iden v\u00e4lill\u00e4 olisi karsinnat.<\/p>\n","protected":false},"excerpt":{"rendered":"Pitk\u00e4n linjan llves-fani Marko Iso-Mustaj\u00e4rvi toivoo SM-liigalle rauhaa uudistusty\u00f6h\u00f6n. Tappara-kannattaja Jarkko Koskinen uskoo, ett\u00e4 fanien kannalta tuote paranee&hellip;\n","protected":false},"author":2,"featured_media":74863,"comment_status":"","ping_status":"","sticky":false,"template":"","format":"standard","meta":{"footnotes":""},"categories":[5],"tags":[22,23,26,27,33,31,30,17,12932,71,24,25,28,29,1146,15,18,21,553,2973,32,551,19,20,160,16],"class_list":{"0":"post-74862","1":"post","2":"type-post","3":"status-publish","4":"format-standard","5":"has-post-thumbnail","7":"category-otsikot","8":"tag-breaking-news","9":"tag-breakingnews","10":"tag-featured-news","11":"tag-featurednews","12":"tag-fi","13":"tag-finland","14":"tag-finnish","15":"tag-headlines","16":"tag-jaakiekkofanit","17":"tag-kotimaa","18":"tag-latest-news","19":"tag-latestnews","20":"tag-main-news","21":"tag-mainnews","22":"tag-miesten-jaakiekko","23":"tag-news","24":"tag-otsikot","25":"tag-paauutiset","26":"tag-pirkanmaa","27":"tag-sm-liiga","28":"tag-suomi","29":"tag-tampere","30":"tag-top-stories","31":"tag-topstories","32":"tag-urheilu","33":"tag-uutiset"},"share_on_mastodon":{"url":"https:\/\/pubeurope.com\/@fi\/115453597043099733","error":""},"_links":{"self":[{"href":"https:\/\/www.europesays.com\/fi\/wp-json\/wp\/v2\/posts\/74862","targetHints":{"allow":["GET"]}}],"collection":[{"href":"https:\/\/www.europesays.com\/fi\/wp-json\/wp\/v2\/posts"}],"about":[{"href":"https:\/\/www.europesays.com\/fi\/wp-json\/wp\/v2\/types\/post"}],"author":[{"embeddable":true,"href":"https:\/\/www.europesays.com\/fi\/wp-json\/wp\/v2\/users\/2"}],"replies":[{"embeddable":true,"href":"https:\/\/www.europesays.com\/fi\/wp-json\/wp\/v2\/comments?post=74862"}],"version-history":[{"count":0,"href":"https:\/\/www.europesays.com\/fi\/wp-json\/wp\/v2\/posts\/74862\/revisions"}],"wp:featuredmedia":[{"embeddable":true,"href":"https:\/\/www.europesays.com\/fi\/wp-json\/wp\/v2\/media\/74863"}],"wp:attachment":[{"href":"https:\/\/www.europesays.com\/fi\/wp-json\/wp\/v2\/media?parent=74862"}],"wp:term":[{"taxonomy":"category","embeddable":true,"href":"https:\/\/www.europesays.com\/fi\/wp-json\/wp\/v2\/categories?post=74862"},{"taxonomy":"post_tag","embeddable":true,"href":"https:\/\/www.europesays.com\/fi\/wp-json\/wp\/v2\/tags?post=74862"}],"curies":[{"name":"wp","href":"https:\/\/api.w.org\/{rel}","templated":true}]}}