{"id":74882,"date":"2025-10-28T20:32:09","date_gmt":"2025-10-28T20:32:09","guid":{"rendered":"https:\/\/www.europesays.com\/fi\/74882\/"},"modified":"2025-10-28T20:32:09","modified_gmt":"2025-10-28T20:32:09","slug":"suuri-ura-paattyi-suomen-urheilussa","status":"publish","type":"post","link":"https:\/\/www.europesays.com\/fi\/74882\/","title":{"rendered":"Suuri ura p\u00e4\u00e4ttyi Suomen urheilussa"},"content":{"rendered":"<p>Linda S\u00e4llstr\u00f6m pelasi viimeisen ottelunsa Helmareissa.<\/p>\n<p><img decoding=\"async\" class=\"image image-show image-preview\" src=\"https:\/\/www.europesays.com\/fi\/wp-content\/uploads\/2025\/10\/bd36b6db9c1681993efd324fb6a7e0ada6b81f8cc3de9cba167a9ac33c9eea19.jpg\" alt=\"\"\/><img decoding=\"async\" class=\"image image-show\" src=\"https:\/\/www.europesays.com\/fi\/wp-content\/uploads\/2025\/10\/1761683529_495_bd36b6db9c1681993efd324fb6a7e0ada6b81f8cc3de9cba167a9ac33c9eea19.jpg\" alt=\"\"\/><\/p>\n<p>Linda S\u00e4llstr\u00f6m puki Suomen paidan ylleen viimeist\u00e4 kertaa. Roosa Br\u00f6ijer<\/p>\n<p class=\"paragraph\">Suomen naisten jalkapallomaajoukkueen legenda <a href=\"https:\/\/www.iltalehti.fi\/henkilot\/Linda S\u00e4llstr\u00f6m\" class=\"article-link-person-page\" rel=\"nofollow noopener\" target=\"_blank\">Linda S\u00e4llstr\u00f6m<\/a>, 37, lopetti maajoukkueuransa tiistai-iltana K\u00f6\u00f6penhaminassa.<\/p>\n<p class=\"paragraph\">Helmarien kaikkien aikojen maalitykki tuli kent\u00e4lle 61. peliminuutilla, kun Suomi kohtasi Kansojen liigan nousukarsinnoissa Tanskan.<\/p>\n<p class=\"paragraph\">Tanska voitti Suomen 2\u20130 ja s\u00e4ilytti paikkansa Kansojen liigan A-sarjassa yhteismaalein 8\u20131.<\/p>\n<p class=\"paragraph\">S\u00e4llstr\u00f6m lopettaa my\u00f6s seurajoukkueuransa t\u00e4h\u00e4n kauteen. H\u00e4n edustaa ruotsalaista Vittsj\u00f6n joukkuetta.<\/p>\n<p class=\"paragraph\">S\u00e4llstr\u00f6m puhui viime viikolla tunteikkaasti pitk\u00e4st\u00e4 urastaan. H\u00e4n kertoi lehdist\u00f6tilaisuudessa, miten on saanut seurata naisten jalkapallon kasvua Suomessa.<\/p>\n<p class=\"paragraph\">\u2013 Kun aloitin, naisten futiksesta mainittiin vain pienell\u00e4 lehden nurkassa, h\u00e4n sanoi.<\/p>\n<p class=\"paragraph\">\u2013 T\u00e4m\u00e4 on aika tunteikas p\u00e4\u00e4t\u00f6s. Olen mieless\u00e4ni py\u00f6ritellyt t\u00e4t\u00e4 jonkin aikaa. Nyt yht\u00e4kki\u00e4 onkin syksy ja viimeinen maajoukkuetapahtuma.<\/p>\n","protected":false},"excerpt":{"rendered":"Linda S\u00e4llstr\u00f6m pelasi viimeisen ottelunsa Helmareissa. Linda S\u00e4llstr\u00f6m puki Suomen paidan ylleen viimeist\u00e4 kertaa. Roosa Br\u00f6ijer Suomen naisten&hellip;\n","protected":false},"author":2,"featured_media":74883,"comment_status":"","ping_status":"","sticky":false,"template":"","format":"standard","meta":{"footnotes":""},"categories":[5],"tags":[35,22,23,26,27,33,31,30,17,43,42,24,25,41,28,29,15,18,21,44,32,19,20,161,16],"class_list":{"0":"post-74882","1":"post","2":"type-post","3":"status-publish","4":"format-standard","5":"has-post-thumbnail","7":"category-otsikot","8":"tag-24h","9":"tag-breaking-news","10":"tag-breakingnews","11":"tag-featured-news","12":"tag-featurednews","13":"tag-fi","14":"tag-finland","15":"tag-finnish","16":"tag-headlines","17":"tag-jalkapallo","18":"tag-jalkapalloon-perustuvat-lajit","19":"tag-latest-news","20":"tag-latestnews","21":"tag-liikunta-ja-urheilu","22":"tag-main-news","23":"tag-mainnews","24":"tag-news","25":"tag-otsikot","26":"tag-paauutiset","27":"tag-suomen-jalkapallo","28":"tag-suomi","29":"tag-top-stories","30":"tag-topstories","31":"tag-urheilutapahtumat","32":"tag-uutiset"},"share_on_mastodon":{"url":"https:\/\/pubeurope.com\/@fi\/115453699281442741","error":""},"_links":{"self":[{"href":"https:\/\/www.europesays.com\/fi\/wp-json\/wp\/v2\/posts\/74882","targetHints":{"allow":["GET"]}}],"collection":[{"href":"https:\/\/www.europesays.com\/fi\/wp-json\/wp\/v2\/posts"}],"about":[{"href":"https:\/\/www.europesays.com\/fi\/wp-json\/wp\/v2\/types\/post"}],"author":[{"embeddable":true,"href":"https:\/\/www.europesays.com\/fi\/wp-json\/wp\/v2\/users\/2"}],"replies":[{"embeddable":true,"href":"https:\/\/www.europesays.com\/fi\/wp-json\/wp\/v2\/comments?post=74882"}],"version-history":[{"count":0,"href":"https:\/\/www.europesays.com\/fi\/wp-json\/wp\/v2\/posts\/74882\/revisions"}],"wp:featuredmedia":[{"embeddable":true,"href":"https:\/\/www.europesays.com\/fi\/wp-json\/wp\/v2\/media\/74883"}],"wp:attachment":[{"href":"https:\/\/www.europesays.com\/fi\/wp-json\/wp\/v2\/media?parent=74882"}],"wp:term":[{"taxonomy":"category","embeddable":true,"href":"https:\/\/www.europesays.com\/fi\/wp-json\/wp\/v2\/categories?post=74882"},{"taxonomy":"post_tag","embeddable":true,"href":"https:\/\/www.europesays.com\/fi\/wp-json\/wp\/v2\/tags?post=74882"}],"curies":[{"name":"wp","href":"https:\/\/api.w.org\/{rel}","templated":true}]}}