{"id":74884,"date":"2025-10-28T20:44:08","date_gmt":"2025-10-28T20:44:08","guid":{"rendered":"https:\/\/www.europesays.com\/fi\/74884\/"},"modified":"2025-10-28T20:44:08","modified_gmt":"2025-10-28T20:44:08","slug":"ankkahan-se-oli-margot-robbiesta-ei-tule-tama-kuuluisa-sarjamurhaaja","status":"publish","type":"post","link":"https:\/\/www.europesays.com\/fi\/74884\/","title":{"rendered":"Ankkahan se oli: Margot Robbiesta ei tule t\u00e4m\u00e4 kuuluisa sarjamurhaaja"},"content":{"rendered":"<p><strong>Luca Guadagnino<\/strong> on tekem\u00e4ss\u00e4 my\u00f6s toisesta klassikosta omaa versiotaan.<\/p>\n<p>Guadagninohan teki jo upean uuden version <strong>Dario Argenton<\/strong> Suspiriasta, ja nyt on<strong> Bret Easton Ellisin<\/strong> klassikkoromaanin vuoro.<\/p>\n<p>Lue my\u00f6s: <a href=\"https:\/\/www.episodi.fi\/uutiset\/margot-robbie-lahella-paaroolia-amerikan-psykon-uudelleenfilmatisoinnissa\/\" title=\"Margot Robbie l\u00e4hell\u00e4 p\u00e4\u00e4roolia Amerikan psykon uudelleenfilmatisoinnissa\" class=\"underline-custom !font-montserrat !font-bold !underline-offset-4 !decoration-4 !decoration-episodi-blue !text-md\" rel=\"nofollow noopener\" target=\"_blank\">Margot Robbie l\u00e4hell\u00e4 p\u00e4\u00e4roolia Amerikan psykon uudelleenfilmatisoinnissa<\/a><\/p>\n<p>Lue my\u00f6s: <a href=\"https:\/\/www.episodi.fi\/uutiset\/tiesitko-taman-christian-bale-sai-potkut-ikonisimmasta-roolistaan-menin-psykomoodiin\/\" title=\"Tiesitk\u00f6 t\u00e4m\u00e4n? Christian Bale sai potkut ikonisimmasta roolistaan \u2013 \u201dMenin psykomoodiin\u201d\" class=\"underline-custom !font-montserrat !font-bold !underline-offset-4 !decoration-4 !decoration-episodi-blue !text-md\" rel=\"nofollow noopener\" target=\"_blank\">Tiesitk\u00f6 t\u00e4m\u00e4n? Christian Bale sai potkut ikonisimmasta roolistaan \u2013 \u201dMenin psykomoodiin\u201d<\/a><\/p>\n<p><strong>Christian Bale<\/strong> esitti Patrick Batemania vuoden 2000 Amerikan psykossa. Hiljattain huhuiltiin, ett\u00e4 <strong>Margot Robbie <\/strong>olisi uusi Bateman.<\/p>\n<p>Huhut osoittautuivat ankaksi, eik\u00e4 Patrickista tule Pirkkoa. Huhu ehti aiheuttaa jo melkoisen myll\u00e4k\u00e4n internetiss\u00e4.<\/p>\n<p>Alkuper\u00e4iselokuvassa n\u00e4htiin Balen lis\u00e4ksi<strong> Chlo\u00eb Sevigny, Jared Leto, Willem Dafoe, Reese Witherspoon, Justin Theroux<\/strong> ja <strong>Matt Ross.<\/strong><\/p>\n<p>Sevigny on jo ilmaissut halukkuutensa palata takaisin rooliinsa Batemanin sihteeriksi, kunhan h\u00e4net vain nuorennettaisiin digitaalisesti.<\/p>\n<p>Elokuvan ohjasi <strong>Mary Harron.<\/strong><\/p>\n<p>L\u00e4hde: <a href=\"https:\/\/screenrant.com\/margot-robbie-american-psycho-rumor-debunked\/\" target=\"_blank\" rel=\"noreferrer noopener nofollow\">Screenrant<\/a><\/p>\n<p>Lue my\u00f6s: <a href=\"https:\/\/www.episodi.fi\/uutiskirje\/?uutiskirjemainos=tekstilinkkimainos\" title=\"Tilaa Episodin uutiskirje ja voit voittaa leffalippuja! Nappaa tv-vinkit suoraan s\u00e4hk\u00f6postiin t\u00e4st\u00e4.\" class=\"underline-custom !font-montserrat !font-bold !underline-offset-4 !decoration-4 !decoration-episodi-blue !text-md\" rel=\"nofollow noopener\" target=\"_blank\">Tilaa Episodin uutiskirje ja voit voittaa leffalippuja! Nappaa katseluvinkit suoraan s\u00e4hk\u00f6postiin t\u00e4st\u00e4.<\/a><\/p>\n","protected":false},"excerpt":{"rendered":"Luca Guadagnino on tekem\u00e4ss\u00e4 my\u00f6s toisesta klassikosta omaa versiotaan. Guadagninohan teki jo upean uuden version Dario Argenton Suspiriasta,&hellip;\n","protected":false},"author":2,"featured_media":74885,"comment_status":"","ping_status":"","sticky":false,"template":"","format":"standard","meta":{"footnotes":""},"categories":[136],"tags":[16135,407,137,33,31,30,408,7254,775,16136,32,109],"class_list":{"0":"post-74884","1":"post","2":"type-post","3":"status-publish","4":"format-standard","5":"has-post-thumbnail","7":"category-julkkikset","8":"tag-amerikan-psyko","9":"tag-celebrities","10":"tag-entertainment","11":"tag-fi","12":"tag-finland","13":"tag-finnish","14":"tag-julkkikset","15":"tag-luca-guadagnino","16":"tag-margot-robbie","17":"tag-mary-harron","18":"tag-suomi","19":"tag-viihde"},"share_on_mastodon":{"url":"https:\/\/pubeurope.com\/@fi\/115453746540418862","error":""},"_links":{"self":[{"href":"https:\/\/www.europesays.com\/fi\/wp-json\/wp\/v2\/posts\/74884","targetHints":{"allow":["GET"]}}],"collection":[{"href":"https:\/\/www.europesays.com\/fi\/wp-json\/wp\/v2\/posts"}],"about":[{"href":"https:\/\/www.europesays.com\/fi\/wp-json\/wp\/v2\/types\/post"}],"author":[{"embeddable":true,"href":"https:\/\/www.europesays.com\/fi\/wp-json\/wp\/v2\/users\/2"}],"replies":[{"embeddable":true,"href":"https:\/\/www.europesays.com\/fi\/wp-json\/wp\/v2\/comments?post=74884"}],"version-history":[{"count":0,"href":"https:\/\/www.europesays.com\/fi\/wp-json\/wp\/v2\/posts\/74884\/revisions"}],"wp:featuredmedia":[{"embeddable":true,"href":"https:\/\/www.europesays.com\/fi\/wp-json\/wp\/v2\/media\/74885"}],"wp:attachment":[{"href":"https:\/\/www.europesays.com\/fi\/wp-json\/wp\/v2\/media?parent=74884"}],"wp:term":[{"taxonomy":"category","embeddable":true,"href":"https:\/\/www.europesays.com\/fi\/wp-json\/wp\/v2\/categories?post=74884"},{"taxonomy":"post_tag","embeddable":true,"href":"https:\/\/www.europesays.com\/fi\/wp-json\/wp\/v2\/tags?post=74884"}],"curies":[{"name":"wp","href":"https:\/\/api.w.org\/{rel}","templated":true}]}}