{"id":74886,"date":"2025-10-28T20:45:08","date_gmt":"2025-10-28T20:45:08","guid":{"rendered":"https:\/\/www.europesays.com\/fi\/74886\/"},"modified":"2025-10-28T20:45:08","modified_gmt":"2025-10-28T20:45:08","slug":"jyvaskylan-kirkkopuiston-taideteoksen-tekija-puhdisti-teoksensa-itse-en-halua-antaa-periksi-sille-etta-kaiken-voi-vain-sotkea-keski-suomi","status":"publish","type":"post","link":"https:\/\/www.europesays.com\/fi\/74886\/","title":{"rendered":"Jyv\u00e4skyl\u00e4n Kirkkopuiston taideteoksen tekij\u00e4 puhdisti teoksensa itse \u2013\u2009&#8221;En halua antaa periksi sille, ett\u00e4 kaiken voi vain sotkea&#8221; | Keski-Suomi"},"content":{"rendered":"<p>Kirkkopuistossa sijaitseva taideteos on sotkettu jo kolmesti.<\/p>\n<p>Taiteilija <strong>Riikka Arte<\/strong> tarttui tiistaina r\u00e4ttiin ja puhdistusaineeseen, ja k\u00e4vi itse puhdistamassa Jyv\u00e4skyl\u00e4n Kirkkopuistossa sijaitsevan teoksensa.<\/p>\n<p>Arten ja <strong>Sir Michael Madnessin<\/strong> s\u00e4hk\u00f6muuntamon sein\u00e4\u00e4n kes\u00e4ll\u00e4 tekem\u00e4 taideteos on t\u00f6hritty jo kolme kertaa. Viimeisimm\u00e4n t\u00f6hrinn\u00e4n j\u00e4lkeen muuntamon omistava energia- ja vesihuoltoyhti\u00f6 Alva <a href=\"https:\/\/www.ksml.fi\/paikalliset\/8938599\" rel=\"nofollow noopener\" target=\"_blank\">kertoi<\/a> Keskisuomalaisessa, ettei muuntamoa aiota puhdistaa uudelleen ainakaan heti.<\/p>\n<p>\u2013\u2009P\u00e4\u00e4tin, ett\u00e4 k\u00e4yn vaikka itse sitten putsaamassa omalla ajallani, Arte toteaa.<\/p>\n<p>\t\t<a class=\"diks-gallery__link\" href=\"https:\/\/i.media.fi\/incoming\/rgmyfj\/11121225.jpg\/alternates\/FREE_1440\/11121225.jpg\" data-thumbnail=\"\" data-sub-html=\"Taiteilija Riikka Arte (vas.) ja yritt\u00e4j\u00e4 Ralf Karlsson puhdistivat Kirkkopuiston taideteosta. Arte aikoo puhdistaa teoksen tarvittaessa jatkossakin. Hanna Marjanen\" aria-label=\"Katso isompi kuva\" rel=\"nofollow noopener\" target=\"_blank\"><br \/>\n\t\t\t\t<img class=\"diks-figure__image\" src=\"https:\/\/www.europesays.com\/fi\/wp-content\/uploads\/2025\/10\/11121225.jpg\" loading=\"lazy\" decoding=\"sync\" alt=\"\"\/><\/p>\n<p>\t\t\t<\/a><br \/>\n\t\t\t\t\tTaiteilija Riikka Arte (vas.) ja yritt\u00e4j\u00e4 Ralf Karlsson puhdistivat Kirkkopuiston taideteosta. Arte aikoo puhdistaa teoksen tarvittaessa jatkossakin. Hanna Marjanen<\/p>\n","protected":false},"excerpt":{"rendered":"Kirkkopuistossa sijaitseva taideteos on sotkettu jo kolmesti. Taiteilija Riikka Arte tarttui tiistaina r\u00e4ttiin ja puhdistusaineeseen, ja k\u00e4vi itse&hellip;\n","protected":false},"author":2,"featured_media":74887,"comment_status":"","ping_status":"","sticky":false,"template":"","format":"standard","meta":{"footnotes":""},"categories":[135],"tags":[389,387,388,390,137,33,31,30,425,72,1003,32,394,393,391,392,398,10478,109,534,709],"class_list":{"0":"post-74886","1":"post","2":"type-post","3":"status-publish","4":"format-standard","5":"has-post-thumbnail","7":"category-taiteet-ja-suunnittelu","8":"tag-arts","9":"tag-arts-and-design","10":"tag-artsanddesign","11":"tag-design","12":"tag-entertainment","13":"tag-fi","14":"tag-finland","15":"tag-finnish","16":"tag-jyvaskyla","17":"tag-luonto","18":"tag-rakentaminen","19":"tag-suomi","20":"tag-suunnittelu","21":"tag-taiteet","22":"tag-taiteet-ja-suunnittelu","23":"tag-taiteetsuunnittelu","24":"tag-taiteilija","25":"tag-talon-rakenteet-ja-rakennusosat","26":"tag-viihde","27":"tag-ymparisto-ja-luonto","28":"tag-ymparistoasiat"},"share_on_mastodon":{"url":"https:\/\/pubeurope.com\/@fi\/115453750471254672","error":""},"_links":{"self":[{"href":"https:\/\/www.europesays.com\/fi\/wp-json\/wp\/v2\/posts\/74886","targetHints":{"allow":["GET"]}}],"collection":[{"href":"https:\/\/www.europesays.com\/fi\/wp-json\/wp\/v2\/posts"}],"about":[{"href":"https:\/\/www.europesays.com\/fi\/wp-json\/wp\/v2\/types\/post"}],"author":[{"embeddable":true,"href":"https:\/\/www.europesays.com\/fi\/wp-json\/wp\/v2\/users\/2"}],"replies":[{"embeddable":true,"href":"https:\/\/www.europesays.com\/fi\/wp-json\/wp\/v2\/comments?post=74886"}],"version-history":[{"count":0,"href":"https:\/\/www.europesays.com\/fi\/wp-json\/wp\/v2\/posts\/74886\/revisions"}],"wp:featuredmedia":[{"embeddable":true,"href":"https:\/\/www.europesays.com\/fi\/wp-json\/wp\/v2\/media\/74887"}],"wp:attachment":[{"href":"https:\/\/www.europesays.com\/fi\/wp-json\/wp\/v2\/media?parent=74886"}],"wp:term":[{"taxonomy":"category","embeddable":true,"href":"https:\/\/www.europesays.com\/fi\/wp-json\/wp\/v2\/categories?post=74886"},{"taxonomy":"post_tag","embeddable":true,"href":"https:\/\/www.europesays.com\/fi\/wp-json\/wp\/v2\/tags?post=74886"}],"curies":[{"name":"wp","href":"https:\/\/api.w.org\/{rel}","templated":true}]}}