{"id":74888,"date":"2025-10-28T20:47:15","date_gmt":"2025-10-28T20:47:15","guid":{"rendered":"https:\/\/www.europesays.com\/fi\/74888\/"},"modified":"2025-10-28T20:47:15","modified_gmt":"2025-10-28T20:47:15","slug":"asian-ytimessa-doc-kuoleman-rajoilla-telkku-ohjelman-aikataulut-iltalehti","status":"publish","type":"post","link":"https:\/\/www.europesays.com\/fi\/74888\/","title":{"rendered":"Asian ytimess\u00e4.doc: Kuoleman rajoilla | Telkku | Ohjelman aikataulut &#8211; Iltalehti"},"content":{"rendered":"<ol>\n<li><a href=\"https:\/\/news.google.com\/rss\/articles\/CBMipgFBVV95cUxOcXR1VzNmR1dMY1Y5a08yMS1hUjRVYzZlX0FEeGVnanFZWHR3WXo3LWhQdTcxVTJIcjFXeER4TGdHSURrQnN4Q09FNkRnV1BCUHQ3NVJaaERISTJja1RxcWpMYjRTdDF1eUIzUGh3LWwwaC1XRzZuRzdzeWF3NEpTdC1Qb2RKZlhYZURQb1h5U0xPQkNSQlJHSlBKempzd3F6cDd5Y1Fn?oc=5\" target=\"_blank\" rel=\"nofollow noopener\">Asian ytimess\u00e4.doc: Kuoleman rajoilla | Telkku | Ohjelman aikataulut<\/a>&nbsp;&nbsp;Iltalehti<\/li>\n<li><a href=\"https:\/\/news.google.com\/rss\/articles\/CBMiggFBVV95cUxNTkxqZjVSOG52Sld5ZmVaS0VxRE1nQmVobGpkbXdzLVkwUkI5VHJ2TW1VNUQzV3YzV0hDbGVqd0pkTmRPSjFXWmV2QjNTbERNWjRPTk9SREx4TFBiem4zcnoyMzNWcHBJUmxzSmhqa054U053M0lxTHh3QW01bHRxU0dn?oc=5\" target=\"_blank\" rel=\"nofollow noopener\">T\u00e4n\u00e4\u00e4n tv:ss\u00e4: Marika ei parane koskaan \u2013 Viimeisen\u00e4 toiveena viski\u00e4 ja housea<\/a>&nbsp;&nbsp;Iltalehti<\/li>\n<li><a href=\"https:\/\/news.google.com\/rss\/articles\/CBMijAFBVV95cUxOd2syNTVHZ0NvWnVwVHlpYmdBTEw3SkF0MmdBbG1neHo5YVg2X19zaWhkMElmcm9RYm5Mb2RhbVhDcUNJMXdpRWVlYjlPMlhPMlBNTUkxUkhMX1lZTVNjR2ZPeHp4alZGQ3A1NVBsSENyeGxkQWFqMDJnSkZjWnV4Q05SWk94dUQ0eXR2eg?oc=5\" target=\"_blank\" rel=\"nofollow noopener\">Asian ytimess\u00e4.doc: Kuoleman rajoilla<\/a>&nbsp;&nbsp;MTV Katsomo<\/li>\n<li><a href=\"https:\/\/news.google.com\/rss\/articles\/CBMivgFBVV95cUxPTnZ3TXVLdkE1WndQb3BEQjZNUEkxaWxLbGswY0RJbldvWlpEc2VZYWNSWVRDSFhneVZGa3poam1QQXNiNFdhQS1wNHBsM05XWkIxTEV4R3R4TnJqMmhPS3k0WmFlOXA0SUM4RzZoUEhzd2VvQk5DdnZkTVhsbkNnZk43aDI2NWktXzYyU0JEZ3d4RV8zS25jdjU0bnVwX3ZpdXd2Ui1CZ1h4TkY4di1QREk3amdkMDdtcEN2ajFn?oc=5\" target=\"_blank\" rel=\"nofollow noopener\">Elli, 42, on sairastanut keuhkosy\u00f6p\u00e4\u00e4 jo 13 vuotta: &#8221;El\u00e4n puolen vuoden sykleiss\u00e4&#8221;<\/a>&nbsp;&nbsp;mtvuutiset.fi<\/li>\n<li><a href=\"https:\/\/news.google.com\/rss\/articles\/CBMiggFBVV95cUxQZkNWR2lsQ2tSQWVXaVJWS1V1Yl9NU2dqT0F1U0ZWb1puQTZCU2ZBMnJuT1JxX3A0UC1pNFVtYU1rQTVIZC1nSk1ldjVQV3dvZUF5TXY3MDczYUg4LXZ3cW9mWlJkSDV4TXpMR2YtTXA5ZHl1TlRxOVhDQi1JdmlUV01R?oc=5\" target=\"_blank\" rel=\"nofollow noopener\">T\u00e4n\u00e4\u00e4n tv:ss\u00e4: Elli, 42, kuolee, kun l\u00e4\u00e4kkeen teho loppuu \u2013 \u201dSuunnitelmat on toteutettava aika nopeasti\u201d<\/a>&nbsp;&nbsp;Iltalehti<\/li>\n<\/ol>\n","protected":false},"excerpt":{"rendered":"Asian ytimess\u00e4.doc: Kuoleman rajoilla | Telkku | Ohjelman aikataulut&nbsp;&nbsp;Iltalehti T\u00e4n\u00e4\u00e4n tv:ss\u00e4: Marika ei parane koskaan \u2013 Viimeisen\u00e4 toiveena&hellip;\n","protected":false},"author":2,"featured_media":74889,"comment_status":"","ping_status":"","sticky":false,"template":"","format":"standard","meta":{"footnotes":""},"categories":[133],"tags":[5441,137,33,31,30,1391,1390,2715,875,874,16138,32,206,16137,156,16139,109],"class_list":{"0":"post-74888","1":"post","2":"type-post","3":"status-publish","4":"format-standard","5":"has-post-thumbnail","7":"category-televisiot","8":"tag-asiantuntijahaastattelu","9":"tag-entertainment","10":"tag-fi","11":"tag-finland","12":"tag-finnish","13":"tag-ihmisten-ja-elainten-ruumiit","14":"tag-kuukausi","15":"tag-miehet","16":"tag-seksi","17":"tag-sukupuolet","18":"tag-sukupuolielimisto","19":"tag-suomi","20":"tag-televisiot","21":"tag-terveysohjeet","22":"tag-tv","23":"tag-ulkoiset-sukupuolielimet","24":"tag-viihde"},"share_on_mastodon":{"url":"https:\/\/pubeurope.com\/@fi\/115453758161089629","error":""},"_links":{"self":[{"href":"https:\/\/www.europesays.com\/fi\/wp-json\/wp\/v2\/posts\/74888","targetHints":{"allow":["GET"]}}],"collection":[{"href":"https:\/\/www.europesays.com\/fi\/wp-json\/wp\/v2\/posts"}],"about":[{"href":"https:\/\/www.europesays.com\/fi\/wp-json\/wp\/v2\/types\/post"}],"author":[{"embeddable":true,"href":"https:\/\/www.europesays.com\/fi\/wp-json\/wp\/v2\/users\/2"}],"replies":[{"embeddable":true,"href":"https:\/\/www.europesays.com\/fi\/wp-json\/wp\/v2\/comments?post=74888"}],"version-history":[{"count":0,"href":"https:\/\/www.europesays.com\/fi\/wp-json\/wp\/v2\/posts\/74888\/revisions"}],"wp:featuredmedia":[{"embeddable":true,"href":"https:\/\/www.europesays.com\/fi\/wp-json\/wp\/v2\/media\/74889"}],"wp:attachment":[{"href":"https:\/\/www.europesays.com\/fi\/wp-json\/wp\/v2\/media?parent=74888"}],"wp:term":[{"taxonomy":"category","embeddable":true,"href":"https:\/\/www.europesays.com\/fi\/wp-json\/wp\/v2\/categories?post=74888"},{"taxonomy":"post_tag","embeddable":true,"href":"https:\/\/www.europesays.com\/fi\/wp-json\/wp\/v2\/tags?post=74888"}],"curies":[{"name":"wp","href":"https:\/\/api.w.org\/{rel}","templated":true}]}}