{"id":74898,"date":"2025-10-28T20:57:14","date_gmt":"2025-10-28T20:57:14","guid":{"rendered":"https:\/\/www.europesays.com\/fi\/74898\/"},"modified":"2025-10-28T20:57:14","modified_gmt":"2025-10-28T20:57:14","slug":"autoilija-tormasi-lapseen-suojatiella-ja-poistui-paikalta-poliisi-pyytaa-havaintoja-paikalliset","status":"publish","type":"post","link":"https:\/\/www.europesays.com\/fi\/74898\/","title":{"rendered":"Autoilija t\u00f6rm\u00e4si lapseen suojatiell\u00e4 ja poistui paikalta \u2013 poliisi pyyt\u00e4\u00e4 havaintoja | Paikalliset"},"content":{"rendered":"<p>L\u00e4nsi-Uudenmaan poliisi jatkaa maanantaina 27. lokakuuta Espoon Kaitaalla tapahtuneen liikenneonnettomuuden tutkintaa.<\/p>\n<p>Onnettomuus tapahtui noin kello 17 Kaitaantiell\u00e4. Henkil\u00f6auton kuljettaja osui autollaan suojatiell\u00e4 yl\u00e4kouluik\u00e4iseen tytt\u00f6\u00f6n, joka sai t\u00f6rm\u00e4yksess\u00e4 sairaalahoitoa vaativia vammoja. Valkoista, sedan-mallista \u0160kodaa ajanut kuljettaja poistui tilanteesta pys\u00e4htym\u00e4tt\u00e4, poliisin tiedotteessa kerrotaan.<\/p>\n<p>\u2013 Poliisi ei ole viel\u00e4 tavoittanut rikoksesta ep\u00e4ilty\u00e4 henkil\u00f6\u00e4, mutta auto, joka liittyy liikenneonnettomuuteen, on poliisin tiedossa. Kuljettajaa ep\u00e4ill\u00e4\u00e4n t\u00f6rke\u00e4st\u00e4 liikenneturvallisuuden vaarantamisesta ja t\u00f6rke\u00e4st\u00e4 vammantuottamuksesta, kertoo rikoskomisario <strong>Jyrki Kallio <\/strong>poliisin tiedotteessa.<\/p>\n<p>Poliisi pyyt\u00e4\u00e4 havaintoja onnettomuuden n\u00e4hneilt\u00e4 tai kyseisest\u00e4 autoilijasta jotain tiet\u00e4vilt\u00e4. Havainnoista voi ilmoittaa poliisin vihjepuhelimeen 0295 438 488 tai s\u00e4hk\u00f6postitse osoitteeseen vihjeet.lansi-uusimaa@poliisi.fi.<\/p>\n<p>\t\t\t\t\t<img class=\"diks-card__image\" src=\"https:\/\/www.europesays.com\/fi\/wp-content\/uploads\/2025\/10\/11011216.jpg\"   loading=\"lazy\" decoding=\"sync\" alt=\"\"\/><\/p>\n","protected":false},"excerpt":{"rendered":"L\u00e4nsi-Uudenmaan poliisi jatkaa maanantaina 27. lokakuuta Espoon Kaitaalla tapahtuneen liikenneonnettomuuden tutkintaa. Onnettomuus tapahtui noin kello 17 Kaitaantiell\u00e4. Henkil\u00f6auton&hellip;\n","protected":false},"author":2,"featured_media":74899,"comment_status":"","ping_status":"","sticky":false,"template":"","format":"standard","meta":{"footnotes":""},"categories":[12],"tags":[22,23,400,26,27,33,31,30,17,405,55,24,25,121,28,29,15,18,21,54,32,679,128,19,20,16],"class_list":{"0":"post-74898","1":"post","2":"type-post","3":"status-publish","4":"format-standard","5":"has-post-thumbnail","7":"category-suomi","8":"tag-breaking-news","9":"tag-breakingnews","10":"tag-espoo","11":"tag-featured-news","12":"tag-featurednews","13":"tag-fi","14":"tag-finland","15":"tag-finnish","16":"tag-headlines","17":"tag-helsingin-seutukunta","18":"tag-lainvalvonta","19":"tag-latest-news","20":"tag-latestnews","21":"tag-liikenne-ja-kuljetus","22":"tag-main-news","23":"tag-mainnews","24":"tag-news","25":"tag-otsikot","26":"tag-paauutiset","27":"tag-pelastuspalvelut","28":"tag-suomi","29":"tag-terveydenhuollon-toimintalaitokset","30":"tag-tieliikenne","31":"tag-top-stories","32":"tag-topstories","33":"tag-uutiset"},"share_on_mastodon":{"url":"https:\/\/pubeurope.com\/@fi\/115453797601111805","error":""},"_links":{"self":[{"href":"https:\/\/www.europesays.com\/fi\/wp-json\/wp\/v2\/posts\/74898","targetHints":{"allow":["GET"]}}],"collection":[{"href":"https:\/\/www.europesays.com\/fi\/wp-json\/wp\/v2\/posts"}],"about":[{"href":"https:\/\/www.europesays.com\/fi\/wp-json\/wp\/v2\/types\/post"}],"author":[{"embeddable":true,"href":"https:\/\/www.europesays.com\/fi\/wp-json\/wp\/v2\/users\/2"}],"replies":[{"embeddable":true,"href":"https:\/\/www.europesays.com\/fi\/wp-json\/wp\/v2\/comments?post=74898"}],"version-history":[{"count":0,"href":"https:\/\/www.europesays.com\/fi\/wp-json\/wp\/v2\/posts\/74898\/revisions"}],"wp:featuredmedia":[{"embeddable":true,"href":"https:\/\/www.europesays.com\/fi\/wp-json\/wp\/v2\/media\/74899"}],"wp:attachment":[{"href":"https:\/\/www.europesays.com\/fi\/wp-json\/wp\/v2\/media?parent=74898"}],"wp:term":[{"taxonomy":"category","embeddable":true,"href":"https:\/\/www.europesays.com\/fi\/wp-json\/wp\/v2\/categories?post=74898"},{"taxonomy":"post_tag","embeddable":true,"href":"https:\/\/www.europesays.com\/fi\/wp-json\/wp\/v2\/tags?post=74898"}],"curies":[{"name":"wp","href":"https:\/\/api.w.org\/{rel}","templated":true}]}}