{"id":74984,"date":"2025-10-28T23:33:09","date_gmt":"2025-10-28T23:33:09","guid":{"rendered":"https:\/\/www.europesays.com\/fi\/74984\/"},"modified":"2025-10-28T23:33:09","modified_gmt":"2025-10-28T23:33:09","slug":"ammattiliitoissa-vati-nurin-tiukka-muistutus-poliitikoille","status":"publish","type":"post","link":"https:\/\/www.europesays.com\/fi\/74984\/","title":{"rendered":"Ammattiliitoissa vati nurin \u2013 Tiukka muistutus poliitikoille"},"content":{"rendered":"<p>Kunta- ja hyvinvointialan akavalaiset liitot suivaantuivat poliitikkojen puheista. Ne muistuttavat, ettei palkkaneuvotteluihin pid\u00e4 sekaantua.<\/p>\n<p><img decoding=\"async\" class=\"image image-show image-preview\" src=\"https:\/\/www.europesays.com\/fi\/wp-content\/uploads\/2025\/10\/82be6e90ef258eb795b1deaf2fd78699ed08f31f5f3f55c4c37370c3f2640723.jpg\" alt=\"\"\/><img decoding=\"async\" class=\"image image-show\" src=\"https:\/\/www.europesays.com\/fi\/wp-content\/uploads\/2025\/10\/1760436790_490_82be6e90ef258eb795b1deaf2fd78699ed08f31f5f3f55c4c37370c3f2640723.jpg\" alt=\"\"\/><\/p>\n<p>Opetusalan ammattij\u00e4rjest\u00f6n OAJ:n ja JUKOn hallituksen puheenjohtaja Katarina Murto. Inka Soveri<\/p>\n<p class=\"paragraph\">Akavalaisia julkisen sektorin liittoja palkkaneuvotteluissa edustava JUKO ottaa tiedotteessaan kantaa poliitikkojen puheisiin, joiden mukaan hyvinvointialueiden yt-suma olisi seurausta palkankorotuksista tai alueilla toteuttavasta palkkojen harmonisoinnista eli yhdenmukaistamisesta.<\/p>\n<p class=\"paragraph\">\u2013 Poliitikoille lain edellytt\u00e4m\u00e4t harmonisointikustannukset eiv\u00e4t ole tulleet yll\u00e4tyksen\u00e4. Neh\u00e4n olivat kaikkien tiedossa jo ennen kuin p\u00e4\u00e4t\u00f6s siirtymisest\u00e4 hyvinvointialueille tehtiin, Suomen l\u00e4\u00e4k\u00e4riliiton ty\u00f6markkinajohtaja ja Julkisalan koulutettujen neuvotteluj\u00e4rjest\u00f6n JUKOn varapuheenjohtaja <strong>Timo Kaukonen<\/strong> sanoo <a href=\"https:\/\/www.juko.fi\/ajankohtaista\/yt-neuvottelut-kunta-ja-hyvinvointialan-akavalaiset-liitot-suivaantuivat-poliitikkojen-puheista-puolueiden-on-nyt-kannettava\/\" target=\"_blank\" rel=\"noopener nofollow\">tiedotteessa<\/a>.<\/p>\n<p class=\"paragraph\">Opetusalan ammattij\u00e4rjest\u00f6n OAJ:n ja JUKOn hallituksen puheenjohtajaa <a href=\"https:\/\/www.iltalehti.fi\/henkilot\/Katarina Murto\" class=\"article-link-person-page\" rel=\"nofollow noopener\" target=\"_blank\">Katarina Murtoa<\/a> sek\u00e4 Kaukosta ihmetytt\u00e4v\u00e4t julkisuudessa esiintyneet v\u00e4itteet, ett\u00e4 kunta- ja hyvinvointialan palkankorotukset olisivat ajaneet hyvinvointialueet poikkeuksellisen suuriin henkil\u00f6st\u00f6n v\u00e4hennyksiin.<\/p>\n<p class=\"paragraph\">\u2013 Palkansaajien ja Kunta- ja hyvinvointialuety\u00f6nantajat KT:n sopimat korotukset korjaavat alan palkkojen selke\u00e4\u00e4 j\u00e4lkeenj\u00e4\u00e4neisyytt\u00e4 suhteessa yksityiseen sektoriin sek\u00e4 kunta- ett\u00e4 hyvinvointialoilla, Kaukonen sanoo.<\/p>\n<p class=\"paragraph\">Kokoomuksen kansanedustaja <a href=\"https:\/\/www.iltalehti.fi\/henkilot\/Henrik Vuornos\" class=\"article-link-person-page\" rel=\"nofollow noopener\" target=\"_blank\">Henrik Vuornos<\/a> aloitti keskustelun kirjoittamalla Facebook-sivullaan, ett\u00e4 hyvinvointialueille neuvotellut palkankorotukset ovat yksi syy siihen, ett\u00e4 henkil\u00f6st\u00f6\u00e4 joudutaan v\u00e4hent\u00e4m\u00e4\u00e4n. Iltalehden haastattelemat soteasiantuntijat <a href=\"https:\/\/www.iltalehti.fi\/politiikka\/f617ba88-f2b1-4ebd-ac1e-b2efcba7b859\" rel=\"nofollow noopener\" target=\"_blank\">tukivat<\/a> Vuornoksen v\u00e4itett\u00e4.<\/p>\n<p>\u201dN\u00e4in pit\u00e4\u00e4 olla my\u00f6s jatkossa\u201d<\/p>\n<p class=\"paragraph\">Murron mukaan kuntien ja hyvinvointialueiden henkil\u00f6st\u00f6lle palkkaohjelma on merkitt\u00e4v\u00e4 vetovoimatekij\u00e4 ja palkkatasa-arvon edist\u00e4j\u00e4.<\/p>\n<p class=\"paragraph\">\u2013 Koulutetun ja osaavan henkil\u00f6st\u00f6n ty\u00f6n vaativuuden on n\u00e4ytt\u00e4v\u00e4 palkkakehityksess\u00e4 oikeudenmukaisesti. Vuonna 2022 palkkaohjelma saavutettiin laajoilla lakoilla, t\u00e4n\u00e4 kev\u00e4\u00e4n\u00e4 ratkaisuun ja uuteen ohjelmaan p\u00e4\u00e4stiin neuvottelemalla.<\/p>\n<p class=\"paragraph\">Murron mukaan kunnille sosiaali- ja terveydenhuollon uudistus on merkinnyt taloudellista ahdinkoa.<\/p>\n<p class=\"paragraph\">\u2013 Edellinen maan hallitus p\u00e4\u00e4tti sote-uudistuksesta, ja nykyisen hallituksen ja kaikkien puolueiden on kannettava vastuu sen seurauksista. Niit\u00e4 ei voi sys\u00e4t\u00e4 ty\u00f6markkinaj\u00e4rjest\u00f6jen, saati kuntien ja hyvinvointialueiden henkil\u00f6st\u00f6n vastuulle.<\/p>\n<p class=\"paragraph\">\u2013 Olen jo aiemmin korostanut, ett\u00e4 poliitikkojen ei pid\u00e4 sekaantua palkkaneuvotteluihin. N\u00e4in pit\u00e4\u00e4 olla my\u00f6s jatkossa.<\/p>\n<p class=\"paragraph\">Julkisalan koulutettujen neuvotteluj\u00e4rjest\u00f6 JUKO edustaa kunta- ja hyvinvointialalla 29:\u00e4\u00e4 akavalaista ammattiliittoa.<\/p>\n","protected":false},"excerpt":{"rendered":"Kunta- ja hyvinvointialan akavalaiset liitot suivaantuivat poliitikkojen puheista. Ne muistuttavat, ettei palkkaneuvotteluihin pid\u00e4 sekaantua. Opetusalan ammattij\u00e4rjest\u00f6n OAJ:n ja&hellip;\n","protected":false},"author":2,"featured_media":74985,"comment_status":"","ping_status":"","sticky":false,"template":"","format":"standard","meta":{"footnotes":""},"categories":[12],"tags":[35,22,23,26,27,33,31,30,17,24,25,28,29,15,18,21,637,32,19,20,860,862,5633,5634,16],"class_list":{"0":"post-74984","1":"post","2":"type-post","3":"status-publish","4":"format-standard","5":"has-post-thumbnail","7":"category-suomi","8":"tag-24h","9":"tag-breaking-news","10":"tag-breakingnews","11":"tag-featured-news","12":"tag-featurednews","13":"tag-fi","14":"tag-finland","15":"tag-finnish","16":"tag-headlines","17":"tag-latest-news","18":"tag-latestnews","19":"tag-main-news","20":"tag-mainnews","21":"tag-news","22":"tag-otsikot","23":"tag-paauutiset","24":"tag-politiikka","25":"tag-suomi","26":"tag-top-stories","27":"tag-topstories","28":"tag-tyoelama","29":"tag-tyollisyys","30":"tag-tyomarkkinapolitiikka","31":"tag-tyopolitiikka","32":"tag-uutiset"},"share_on_mastodon":{"url":"https:\/\/pubeurope.com\/@fi\/115454411187050731","error":""},"_links":{"self":[{"href":"https:\/\/www.europesays.com\/fi\/wp-json\/wp\/v2\/posts\/74984","targetHints":{"allow":["GET"]}}],"collection":[{"href":"https:\/\/www.europesays.com\/fi\/wp-json\/wp\/v2\/posts"}],"about":[{"href":"https:\/\/www.europesays.com\/fi\/wp-json\/wp\/v2\/types\/post"}],"author":[{"embeddable":true,"href":"https:\/\/www.europesays.com\/fi\/wp-json\/wp\/v2\/users\/2"}],"replies":[{"embeddable":true,"href":"https:\/\/www.europesays.com\/fi\/wp-json\/wp\/v2\/comments?post=74984"}],"version-history":[{"count":0,"href":"https:\/\/www.europesays.com\/fi\/wp-json\/wp\/v2\/posts\/74984\/revisions"}],"wp:featuredmedia":[{"embeddable":true,"href":"https:\/\/www.europesays.com\/fi\/wp-json\/wp\/v2\/media\/74985"}],"wp:attachment":[{"href":"https:\/\/www.europesays.com\/fi\/wp-json\/wp\/v2\/media?parent=74984"}],"wp:term":[{"taxonomy":"category","embeddable":true,"href":"https:\/\/www.europesays.com\/fi\/wp-json\/wp\/v2\/categories?post=74984"},{"taxonomy":"post_tag","embeddable":true,"href":"https:\/\/www.europesays.com\/fi\/wp-json\/wp\/v2\/tags?post=74984"}],"curies":[{"name":"wp","href":"https:\/\/api.w.org\/{rel}","templated":true}]}}